{"id":5967,"date":"2011-08-02T01:59:48","date_gmt":"2011-08-02T01:59:48","guid":{"rendered":"http:\/\/www.hoymercedes.com.ar\/principal\/?p=5967"},"modified":"2011-08-02T01:59:48","modified_gmt":"2011-08-02T01:59:48","slug":"a-puro-skate-se-vivio-el-festival-extreme-en-el-club-union","status":"publish","type":"post","link":"https:\/\/www.hoymercedes.com.ar\/principal\/2011\/08\/02\/a-puro-skate-se-vivio-el-festival-extreme-en-el-club-union\/","title":{"rendered":"A puro skate se vivi\u00f3  el Festival Extreme en el Club Uni\u00f3n"},"content":{"rendered":"<p>Organizado por el Frente Mercedino Para la Victoria se realiz\u00f3 este s\u00e1bado en el gimnasio del Club Uni\u00f3n el Festival Extreme, en donde se ubicaron pistas para skate y tambi\u00e9n se utilizaron otras instalaciones para realizar deportes de acrobacia<\/p>\n<p><a href=\"https:\/\/www.hoymercedes.com.ar\/principal\/wp-content\/uploads\/2011\/08\/xtreme001.jpg\"><img data-attachment-id=\"5969\" data-permalink=\"https:\/\/www.hoymercedes.com.ar\/principal\/2011\/08\/02\/a-puro-skate-se-vivio-el-festival-extreme-en-el-club-union\/attachment\/5969\/#main\" data-orig-file=\"https:\/\/www.hoymercedes.com.ar\/principal\/wp-content\/uploads\/2011\/08\/xtreme001.jpg\" data-orig-size=\"605,454\" data-comments-opened=\"1\" data-image-meta=\"{&quot;aperture&quot;:&quot;8.4&quot;,&quot;credit&quot;:&quot;&quot;,&quot;camera&quot;:&quot;SAMSUNG ES15 \/ VLUU ES15 \/ SAMSUNG SL30&quot;,&quot;caption&quot;:&quot;&quot;,&quot;created_timestamp&quot;:&quot;1264975196&quot;,&quot;copyright&quot;:&quot;COPYRIGHT, 2009&quot;,&quot;focal_length&quot;:&quot;6.3&quot;,&quot;iso&quot;:&quot;100&quot;,&quot;shutter_speed&quot;:&quot;0.008&quot;,&quot;title&quot;:&quot;&lt;SAMSUNG DIGITAL CAMERA&gt;&quot;}\" data-image-title=\"&lt;SAMSUNG DIGITAL CAMERA&gt;\" data-image-description=\"\" data-image-caption=\"\" data-large-file=\"https:\/\/www.hoymercedes.com.ar\/principal\/wp-content\/uploads\/2011\/08\/xtreme001.jpg\" class=\"aligncenter size-full wp-image-5969\" title=\"<SAMSUNG DIGITAL CAMERA>\u00bb src=\u00bbhttps:\/\/www.hoymercedes.com.ar\/principal\/wp-content\/uploads\/2011\/08\/xtreme001.jpg\u00bb alt=\u00bb\u00bb width=\u00bb605&#8243; height=\u00bb454&#8243; \/><\/a><\/p>\n<p>Una gran cantidad de j\u00f3venes se hicieron presentes para disfrutar de las actividades que m\u00e1s les gustan, todas relacionadas a deportes extremos y que est\u00e1n en auge en la ciudad desde hace unos a\u00f1os. El evento se realiz\u00f3 con el fin de fomentar estos deportes, como el skateboarding, el slacklining y el longboarding.<\/p>\n<p><a href=\"https:\/\/www.hoymercedes.com.ar\/principal\/wp-content\/uploads\/2011\/08\/xtreme002.jpg\"><img data-attachment-id=\"5970\" data-permalink=\"https:\/\/www.hoymercedes.com.ar\/principal\/2011\/08\/02\/a-puro-skate-se-vivio-el-festival-extreme-en-el-club-union\/attachment\/5970\/#main\" data-orig-file=\"https:\/\/www.hoymercedes.com.ar\/principal\/wp-content\/uploads\/2011\/08\/xtreme002.jpg\" data-orig-size=\"605,454\" data-comments-opened=\"1\" data-image-meta=\"{&quot;aperture&quot;:&quot;3.2&quot;,&quot;credit&quot;:&quot;&quot;,&quot;camera&quot;:&quot;SAMSUNG ES15 \/ VLUU ES15 \/ SAMSUNG SL30&quot;,&quot;caption&quot;:&quot;&quot;,&quot;created_timestamp&quot;:&quot;1264975130&quot;,&quot;copyright&quot;:&quot;COPYRIGHT, 2009&quot;,&quot;focal_length&quot;:&quot;6.3&quot;,&quot;iso&quot;:&quot;200&quot;,&quot;shutter_speed&quot;:&quot;0.022222222222222&quot;,&quot;title&quot;:&quot;&lt;SAMSUNG DIGITAL CAMERA&gt;&quot;}\" data-image-title=\"&lt;SAMSUNG DIGITAL CAMERA&gt;\" data-image-description=\"\" data-image-caption=\"\" data-large-file=\"https:\/\/www.hoymercedes.com.ar\/principal\/wp-content\/uploads\/2011\/08\/xtreme002.jpg\" class=\"aligncenter size-full wp-image-5970\" title=\"<SAMSUNG DIGITAL CAMERA>\u00bb src=\u00bbhttps:\/\/www.hoymercedes.com.ar\/principal\/wp-content\/uploads\/2011\/08\/xtreme002.jpg\u00bb alt=\u00bb\u00bb width=\u00bb605&#8243; height=\u00bb454&#8243; \/><\/a><\/p>\n<p>Fue con entrada gratuita, hubo rampas de skate y tambi\u00e9n elementos para realizar equilibrio, contando con competidores de capital federal y el campe\u00f3n nacional de skate, que hicieron demostraciones muy t\u00e9cnicas. Tambi\u00e9n hubo charlas sobre estos deportes nuevos, adquiridos por los j\u00f3venes y que intentan instalarlo en nuestro pa\u00eds.<\/p>\n","protected":false},"excerpt":{"rendered":"<p>Organizado por el Frente Mercedino Para la Victoria se realiz\u00f3 este s\u00e1bado en el gimnasio del Club Uni\u00f3n el Festival &#8230; <a title=\"A puro skate se vivi\u00f3  el Festival Extreme en el Club Uni\u00f3n\" class=\"read-more\" href=\"https:\/\/www.hoymercedes.com.ar\/principal\/2011\/08\/02\/a-puro-skate-se-vivio-el-festival-extreme-en-el-club-union\/\" aria-label=\"Leer m\u00e1s sobre A puro skate se vivi\u00f3  el Festival Extreme en el Club Uni\u00f3n\">Leer m\u00e1s<\/a><\/p>\n","protected":false},"author":1,"featured_media":0,"comment_status":"open","ping_status":"open","sticky":false,"template":"","format":"standard","meta":{"_monsterinsights_skip_tracking":false,"_monsterinsights_sitenote_active":false,"_monsterinsights_sitenote_note":"","_monsterinsights_sitenote_category":0,"jetpack_post_was_ever_published":false,"_jetpack_newsletter_access":"","_jetpack_dont_email_post_to_subs":false,"_jetpack_newsletter_tier_id":0,"_jetpack_memberships_contains_paywalled_content":false,"_jetpack_memberships_contains_paid_content":false,"footnotes":"","jetpack_publicize_message":"","jetpack_publicize_feature_enabled":true,"jetpack_social_post_already_shared":false,"jetpack_social_options":{"image_generator_settings":{"template":"highway","default_image_id":0,"font":"","enabled":false},"version":2},"_wpas_customize_per_network":false},"categories":[5],"tags":[379,424,1100],"class_list":["post-5967","post","type-post","status-publish","format-standard","hentry","category-politica","tag-frente-mercedino-para-la-victoria","tag-ustarroz","tag-x-treme","generate-columns","tablet-grid-50","mobile-grid-100","grid-parent","grid-50"],"jetpack_publicize_connections":[],"jetpack_featured_media_url":"","wps_subtitle":"","jetpack_sharing_enabled":true,"_links":{"self":[{"href":"https:\/\/www.hoymercedes.com.ar\/principal\/wp-json\/wp\/v2\/posts\/5967","targetHints":{"allow":["GET"]}}],"collection":[{"href":"https:\/\/www.hoymercedes.com.ar\/principal\/wp-json\/wp\/v2\/posts"}],"about":[{"href":"https:\/\/www.hoymercedes.com.ar\/principal\/wp-json\/wp\/v2\/types\/post"}],"author":[{"embeddable":true,"href":"https:\/\/www.hoymercedes.com.ar\/principal\/wp-json\/wp\/v2\/users\/1"}],"replies":[{"embeddable":true,"href":"https:\/\/www.hoymercedes.com.ar\/principal\/wp-json\/wp\/v2\/comments?post=5967"}],"version-history":[{"count":0,"href":"https:\/\/www.hoymercedes.com.ar\/principal\/wp-json\/wp\/v2\/posts\/5967\/revisions"}],"wp:attachment":[{"href":"https:\/\/www.hoymercedes.com.ar\/principal\/wp-json\/wp\/v2\/media?parent=5967"}],"wp:term":[{"taxonomy":"category","embeddable":true,"href":"https:\/\/www.hoymercedes.com.ar\/principal\/wp-json\/wp\/v2\/categories?post=5967"},{"taxonomy":"post_tag","embeddable":true,"href":"https:\/\/www.hoymercedes.com.ar\/principal\/wp-json\/wp\/v2\/tags?post=5967"}],"curies":[{"name":"wp","href":"https:\/\/api.w.org\/{rel}","templated":true}]}}