{"id":59672,"date":"2017-02-09T15:03:37","date_gmt":"2017-02-09T18:03:37","guid":{"rendered":"http:\/\/www.hoymercedes.com.ar\/principal\/?p=59672"},"modified":"2017-02-09T15:03:37","modified_gmt":"2017-02-09T18:03:37","slug":"capacitacion-en-seguridad-e-higiene-para-los-jovenes","status":"publish","type":"post","link":"https:\/\/www.hoymercedes.com.ar\/principal\/2017\/02\/09\/capacitacion-en-seguridad-e-higiene-para-los-jovenes\/","title":{"rendered":"Capacitaci\u00f3n en Seguridad e Higiene para los j\u00f3venes"},"content":{"rendered":"<p>Durante esta semana, el programa J\u00f3venes con M\u00e1s y Mejor Trabajo llevado adelante por la Municipalidad de Mercedes, mediante la Coordinaci\u00f3n de Pol\u00edticas Juveniles en conjunto con la Oficina de Empleo, arranc\u00f3 con una capacitaci\u00f3n en Seguridad e Higiene.<\/p>\n<p><img loading=\"lazy\" decoding=\"async\" data-attachment-id=\"59673\" data-permalink=\"https:\/\/www.hoymercedes.com.ar\/principal\/2017\/02\/09\/capacitacion-en-seguridad-e-higiene-para-los-jovenes\/09-trabajo-jovenes\/#main\" data-orig-file=\"https:\/\/www.hoymercedes.com.ar\/principal\/wp-content\/uploads\/2017\/02\/09-trabajo-jovenes.jpg\" data-orig-size=\"630,420\" data-comments-opened=\"0\" data-image-meta=\"{&quot;aperture&quot;:&quot;0&quot;,&quot;credit&quot;:&quot;&quot;,&quot;camera&quot;:&quot;&quot;,&quot;caption&quot;:&quot;&quot;,&quot;created_timestamp&quot;:&quot;0&quot;,&quot;copyright&quot;:&quot;&quot;,&quot;focal_length&quot;:&quot;0&quot;,&quot;iso&quot;:&quot;0&quot;,&quot;shutter_speed&quot;:&quot;0&quot;,&quot;title&quot;:&quot;&quot;,&quot;orientation&quot;:&quot;0&quot;}\" data-image-title=\"09 trabajo jovenes\" data-image-description=\"\" data-image-caption=\"\" data-large-file=\"https:\/\/www.hoymercedes.com.ar\/principal\/wp-content\/uploads\/2017\/02\/09-trabajo-jovenes.jpg\" class=\"aligncenter size-medium wp-image-59673\" src=\"https:\/\/www.hoymercedes.com.ar\/principal\/wp-content\/uploads\/2017\/02\/09-trabajo-jovenes-630x420.jpg\" alt=\"\" width=\"630\" height=\"420\" srcset=\"https:\/\/www.hoymercedes.com.ar\/principal\/wp-content\/uploads\/2017\/02\/09-trabajo-jovenes.jpg 630w, https:\/\/www.hoymercedes.com.ar\/principal\/wp-content\/uploads\/2017\/02\/09-trabajo-jovenes-150x100.jpg 150w, https:\/\/www.hoymercedes.com.ar\/principal\/wp-content\/uploads\/2017\/02\/09-trabajo-jovenes-300x200.jpg 300w\" sizes=\"auto, (max-width: 630px) 100vw, 630px\" \/><\/p>\n<p>Una capacitaci\u00f3n que forma parte del Curso de Introducci\u00f3n al Trabajo que realizan los j\u00f3venes inmersos en el programa durante todo el a\u00f1o.<\/p>\n<p>En esta oportunidad, la capacitaci\u00f3n estuvo a cargo de Daniel Chimente, t\u00e9cnico en Seguridad e Higiene en conjunto con la Coordinadora de Pol\u00edticas Juveniles, Eugenia Codega.<\/p>\n<p>Fuente: Prensa Municipal<\/p>\n","protected":false},"excerpt":{"rendered":"<p>Durante esta semana, el programa J\u00f3venes con M\u00e1s y Mejor Trabajo llevado adelante por la Municipalidad de Mercedes, mediante la &#8230; <a title=\"Capacitaci\u00f3n en Seguridad e Higiene para los j\u00f3venes\" class=\"read-more\" href=\"https:\/\/www.hoymercedes.com.ar\/principal\/2017\/02\/09\/capacitacion-en-seguridad-e-higiene-para-los-jovenes\/\" aria-label=\"Leer m\u00e1s sobre Capacitaci\u00f3n en Seguridad e Higiene para los j\u00f3venes\">Leer m\u00e1s<\/a><\/p>\n","protected":false},"author":1,"featured_media":59673,"comment_status":"closed","ping_status":"open","sticky":false,"template":"","format":"standard","meta":{"_monsterinsights_skip_tracking":false,"_monsterinsights_sitenote_active":false,"_monsterinsights_sitenote_note":"","_monsterinsights_sitenote_category":0,"jetpack_post_was_ever_published":false,"_jetpack_newsletter_access":"","_jetpack_dont_email_post_to_subs":false,"_jetpack_newsletter_tier_id":0,"_jetpack_memberships_contains_paywalled_content":false,"_jetpack_memberships_contains_paid_content":false,"footnotes":"","jetpack_publicize_message":"Capacitaci\u00f3n en Seguridad e Higiene para los j\u00f3venes","jetpack_publicize_feature_enabled":true,"jetpack_social_post_already_shared":true,"jetpack_social_options":{"image_generator_settings":{"template":"highway","default_image_id":0,"font":"","enabled":false},"version":2},"_wpas_customize_per_network":false},"categories":[30],"tags":[8656,244,5676],"class_list":["post-59672","post","type-post","status-publish","format-standard","has-post-thumbnail","hentry","category-municipio","tag-capacitacion","tag-municipio-2","tag-politicas-juveniles","generate-columns","tablet-grid-50","mobile-grid-100","grid-parent","grid-50"],"jetpack_publicize_connections":[],"jetpack_featured_media_url":"https:\/\/www.hoymercedes.com.ar\/principal\/wp-content\/uploads\/2017\/02\/09-trabajo-jovenes.jpg","wps_subtitle":"M\u00e1s y Mejor Trabajo","jetpack_sharing_enabled":true,"_links":{"self":[{"href":"https:\/\/www.hoymercedes.com.ar\/principal\/wp-json\/wp\/v2\/posts\/59672","targetHints":{"allow":["GET"]}}],"collection":[{"href":"https:\/\/www.hoymercedes.com.ar\/principal\/wp-json\/wp\/v2\/posts"}],"about":[{"href":"https:\/\/www.hoymercedes.com.ar\/principal\/wp-json\/wp\/v2\/types\/post"}],"author":[{"embeddable":true,"href":"https:\/\/www.hoymercedes.com.ar\/principal\/wp-json\/wp\/v2\/users\/1"}],"replies":[{"embeddable":true,"href":"https:\/\/www.hoymercedes.com.ar\/principal\/wp-json\/wp\/v2\/comments?post=59672"}],"version-history":[{"count":0,"href":"https:\/\/www.hoymercedes.com.ar\/principal\/wp-json\/wp\/v2\/posts\/59672\/revisions"}],"wp:featuredmedia":[{"embeddable":true,"href":"https:\/\/www.hoymercedes.com.ar\/principal\/wp-json\/wp\/v2\/media\/59673"}],"wp:attachment":[{"href":"https:\/\/www.hoymercedes.com.ar\/principal\/wp-json\/wp\/v2\/media?parent=59672"}],"wp:term":[{"taxonomy":"category","embeddable":true,"href":"https:\/\/www.hoymercedes.com.ar\/principal\/wp-json\/wp\/v2\/categories?post=59672"},{"taxonomy":"post_tag","embeddable":true,"href":"https:\/\/www.hoymercedes.com.ar\/principal\/wp-json\/wp\/v2\/tags?post=59672"}],"curies":[{"name":"wp","href":"https:\/\/api.w.org\/{rel}","templated":true}]}}