{"id":59678,"date":"2017-02-10T18:20:47","date_gmt":"2017-02-10T21:20:47","guid":{"rendered":"http:\/\/www.hoymercedes.com.ar\/principal\/?p=59678"},"modified":"2017-02-12T17:22:41","modified_gmt":"2017-02-12T20:22:41","slug":"matias-modolo-analizo-el-debut-de-trocha","status":"publish","type":"post","link":"https:\/\/www.hoymercedes.com.ar\/principal\/2017\/02\/10\/matias-modolo-analizo-el-debut-de-trocha\/","title":{"rendered":"Mat\u00edas M\u00f3dolo analiz\u00f3 el debut de Trocha"},"content":{"rendered":"<p><em><strong>Mat\u00edas M\u00f3dolo habl\u00f3 durante la semana tras la victoria de Trocha por 2 a 1 ante Mercedes en el debut en el Federal C y dijo que \u00abestamos muy contentos, lo disfrutamos mucho el lunes, que nos tomamos un descanso. El martes jugamos un amistoso con los chicos que no jugaron el fin de semana y seguimos trabajando. Es un desaf\u00edo tener 40 jugadores y poder llevar s\u00f3lo 16 al partido, eso hace que haya dos menos en el banco y muchos quedan desafectados en el partido y uno tiene que lograr que tengan la carga f\u00edsica y el aliento an\u00edmico como los que les toca entrar\u00bb.<\/strong><\/em><\/p>\n<p><img loading=\"lazy\" decoding=\"async\" data-attachment-id=\"59705\" data-permalink=\"https:\/\/www.hoymercedes.com.ar\/principal\/2017\/02\/10\/matias-modolo-analizo-el-debut-de-trocha\/whatsapp-image-2017-02-10-at-11-13-46\/#main\" data-orig-file=\"https:\/\/www.hoymercedes.com.ar\/principal\/wp-content\/uploads\/2017\/02\/WhatsApp-Image-2017-02-10-at-11.13.46.jpeg\" data-orig-size=\"800,800\" data-comments-opened=\"0\" data-image-meta=\"{&quot;aperture&quot;:&quot;0&quot;,&quot;credit&quot;:&quot;&quot;,&quot;camera&quot;:&quot;&quot;,&quot;caption&quot;:&quot;&quot;,&quot;created_timestamp&quot;:&quot;0&quot;,&quot;copyright&quot;:&quot;&quot;,&quot;focal_length&quot;:&quot;0&quot;,&quot;iso&quot;:&quot;0&quot;,&quot;shutter_speed&quot;:&quot;0&quot;,&quot;title&quot;:&quot;&quot;,&quot;orientation&quot;:&quot;0&quot;}\" data-image-title=\"WhatsApp Image 2017-02-10 at 11.13.46\" data-image-description=\"\" data-image-caption=\"\" data-large-file=\"https:\/\/www.hoymercedes.com.ar\/principal\/wp-content\/uploads\/2017\/02\/WhatsApp-Image-2017-02-10-at-11.13.46.jpeg\" class=\"aligncenter size-medium wp-image-59705\" src=\"https:\/\/www.hoymercedes.com.ar\/principal\/wp-content\/uploads\/2017\/02\/WhatsApp-Image-2017-02-10-at-11.13.46-620x620.jpeg\" alt=\"\" width=\"620\" height=\"620\" srcset=\"https:\/\/www.hoymercedes.com.ar\/principal\/wp-content\/uploads\/2017\/02\/WhatsApp-Image-2017-02-10-at-11.13.46-620x620.jpeg 620w, https:\/\/www.hoymercedes.com.ar\/principal\/wp-content\/uploads\/2017\/02\/WhatsApp-Image-2017-02-10-at-11.13.46-150x150.jpeg 150w, https:\/\/www.hoymercedes.com.ar\/principal\/wp-content\/uploads\/2017\/02\/WhatsApp-Image-2017-02-10-at-11.13.46.jpeg 800w\" sizes=\"auto, (max-width: 620px) 100vw, 620px\" \/><\/p>\n<p>En di\u00e1logo con el programa El Pulso, que se emite de lunes a viernes de 10 a 12 por FM La Tribuna, dijo que \u00abel armado del banco es una disposici\u00f3n de AFA que tiene m\u00e1s de 15 a\u00f1os. Para nosotros fue una novedad porque es pr\u00e1cticamente un jugador por l\u00ednea y nuestro esquema tiene mucho desgaste f\u00edsico y entonces hay que pensar si llev\u00e1s dos delanteros, o un defensor. Optamos por no llevar ning\u00fan defensor al banco, optamos por ese riesgo y estamos conformes\u00bb, y agreg\u00f3 que\u00a0\u00abhay jugadores que fueron claves para lograr este ascenso, como Lucas Falcone, Joel Sergio, Axel Reyne, fueron important\u00edsimos y no tuvieron minutos contra Mercedes\u00bb.<\/p>\n<p>En cuanto a la t\u00e1ctica del domingo pasado, se\u00f1al\u00f3 que \u00abpara agrupar gente con buen pie y superioridad num\u00e9rica en la mitad de cancha, uno tiene que decidir si quita un punta o de la l\u00ednea de fondo. Yo elijo en base a las caracter\u00edsticas de los jugadores, no soy fundamentalista de un sistema o de otro, de hecho en el primer semestre lo jugamos con tres en el fondo y en el segundo con cuatro. Es depende de las caracter\u00edsticas de los jugadores el planteo que hago y creo que acertamos, adem\u00e1s de la calidad t\u00e9cnica y entrega de los jugadores\u00bb y destac\u00f3 que\u00a0\u00abpudimos ser protagonistas en cuanto al control del bal\u00f3n. Tenemos un planteo y sistema de juego en el que ponemos mucha gente en ataque y nos puede hacer quedar desprotegido, pero ellos tuvieron un contragolpe y una jugada peligrosa que termin\u00f3 con un remate de D\u00edaz que tap\u00f3 Ronsoni. Si bien ellos tuvieron la pelota un poco m\u00e1s en el segundo tiempo, nosotros de contragolpe pudimos hacer uno, dos, tres goles m\u00e1s, que cuando los err\u00e1s te desinfl\u00e1s y a veces te repleg\u00e1s un poco, que es normal, porque el equipo que va perdieron se va al ataque\u00bb.<\/p>\n<p>Sobre el rival del domingo, manifest\u00f3: \u00abConozco a San Miguel, tuvimos gente mirando el partido, tiene buenos jugadores, j\u00f3venes, con velocidad, que atacan bien por afuera. Vamos a tratar de lastimar en las debilidades que creemos que tienen. Tenemos que hacernos fuertes de local, pero el f\u00fatbol tiene cosas hermosas, como que a veces te puede ir mejor de visitante que de local\u00bb<\/p>\n<p>Por \u00faltimo, cerr\u00f3 diciendo que \u00abpara mi fue muy emocionante ganar el primer partido por el esfuerzo de los chicos y del cuerpo t\u00e9cnico. Los jugadores plasmaron en la cancha las ganas que tienen, son un grupo espectacular, ojal\u00e1 que juntos podamos irnos hacia arriba\u00bb.<\/p>\n","protected":false},"excerpt":{"rendered":"<p>Mat\u00edas M\u00f3dolo habl\u00f3 durante la semana tras la victoria de Trocha por 2 a 1 ante Mercedes en el debut &#8230; <a title=\"Mat\u00edas M\u00f3dolo analiz\u00f3 el debut de Trocha\" class=\"read-more\" href=\"https:\/\/www.hoymercedes.com.ar\/principal\/2017\/02\/10\/matias-modolo-analizo-el-debut-de-trocha\/\" aria-label=\"Leer m\u00e1s sobre Mat\u00edas M\u00f3dolo analiz\u00f3 el debut de Trocha\">Leer m\u00e1s<\/a><\/p>\n","protected":false},"author":1,"featured_media":59705,"comment_status":"closed","ping_status":"open","sticky":false,"template":"","format":"standard","meta":{"_monsterinsights_skip_tracking":false,"_monsterinsights_sitenote_active":false,"_monsterinsights_sitenote_note":"","_monsterinsights_sitenote_category":0,"jetpack_post_was_ever_published":false,"_jetpack_newsletter_access":"","_jetpack_dont_email_post_to_subs":true,"_jetpack_newsletter_tier_id":0,"_jetpack_memberships_contains_paywalled_content":false,"_jetpack_memberships_contains_paid_content":false,"footnotes":"","jetpack_publicize_message":"","jetpack_publicize_feature_enabled":true,"jetpack_social_post_already_shared":true,"jetpack_social_options":{"image_generator_settings":{"template":"highway","default_image_id":0,"font":"","enabled":false},"version":2},"_wpas_customize_per_network":false},"categories":[21],"tags":[204,8412,1003,10580],"class_list":["post-59678","post","type-post","status-publish","format-standard","has-post-thumbnail","hentry","category-deportes","tag-deportes-2","tag-federal-c","tag-futbol","tag-matias-modolo","generate-columns","tablet-grid-50","mobile-grid-100","grid-parent","grid-50"],"jetpack_publicize_connections":[],"jetpack_featured_media_url":"https:\/\/www.hoymercedes.com.ar\/principal\/wp-content\/uploads\/2017\/02\/WhatsApp-Image-2017-02-10-at-11.13.46.jpeg","wps_subtitle":"Federal C","jetpack_sharing_enabled":true,"_links":{"self":[{"href":"https:\/\/www.hoymercedes.com.ar\/principal\/wp-json\/wp\/v2\/posts\/59678","targetHints":{"allow":["GET"]}}],"collection":[{"href":"https:\/\/www.hoymercedes.com.ar\/principal\/wp-json\/wp\/v2\/posts"}],"about":[{"href":"https:\/\/www.hoymercedes.com.ar\/principal\/wp-json\/wp\/v2\/types\/post"}],"author":[{"embeddable":true,"href":"https:\/\/www.hoymercedes.com.ar\/principal\/wp-json\/wp\/v2\/users\/1"}],"replies":[{"embeddable":true,"href":"https:\/\/www.hoymercedes.com.ar\/principal\/wp-json\/wp\/v2\/comments?post=59678"}],"version-history":[{"count":0,"href":"https:\/\/www.hoymercedes.com.ar\/principal\/wp-json\/wp\/v2\/posts\/59678\/revisions"}],"wp:featuredmedia":[{"embeddable":true,"href":"https:\/\/www.hoymercedes.com.ar\/principal\/wp-json\/wp\/v2\/media\/59705"}],"wp:attachment":[{"href":"https:\/\/www.hoymercedes.com.ar\/principal\/wp-json\/wp\/v2\/media?parent=59678"}],"wp:term":[{"taxonomy":"category","embeddable":true,"href":"https:\/\/www.hoymercedes.com.ar\/principal\/wp-json\/wp\/v2\/categories?post=59678"},{"taxonomy":"post_tag","embeddable":true,"href":"https:\/\/www.hoymercedes.com.ar\/principal\/wp-json\/wp\/v2\/tags?post=59678"}],"curies":[{"name":"wp","href":"https:\/\/api.w.org\/{rel}","templated":true}]}}