{"id":59710,"date":"2017-02-10T15:36:05","date_gmt":"2017-02-10T18:36:05","guid":{"rendered":"http:\/\/www.hoymercedes.com.ar\/principal\/?p=59710"},"modified":"2017-02-12T17:23:06","modified_gmt":"2017-02-12T20:23:06","slug":"detienen-a-abogado-por-intimidaciones-publicas","status":"publish","type":"post","link":"https:\/\/www.hoymercedes.com.ar\/principal\/2017\/02\/10\/detienen-a-abogado-por-intimidaciones-publicas\/","title":{"rendered":"Detienen a abogado por intimidaciones p\u00fablicas"},"content":{"rendered":"<p>Durante las \u00faltimas dos semanas un fiscal del Ministerio P\u00fablico Fiscal fue agraviado con folletos y pegatinas en distintos estamentos de justicia de la ciudad. Diferentes injurias en contra del titular de la UFI N\u00b0 3, doctor Pedro Illanes fueron apareciendo para sorpresa de los vecinos y de los funcionarios de justicia del Departamento Judicial Mercedes.<\/p>\n<p>Afortunadamente, en la ma\u00f1ana de hoy se descubri\u00f3 al autor intelectual y material de estos agravios. Un letrado, oriundo de la zona Oeste de la provincia &#8211; que estaba siendo investigado en una de las causas que lleva la Unidad de Instrucci\u00f3n por un delito cometido por este &#8211; habr\u00eda tomado la determinaci\u00f3n de llevar a cabo estas formas de agravio como \u201cvenganza\u201d por el trabajo que le correspond\u00eda efectuar al fiscal de investigar una denuncia en su contra.<\/p>\n<p>En horas de la ma\u00f1ana se lo encontr\u00f3 in fraganti, arrojando folletos injuriantes en la sede del Ministerio P\u00fablico Fiscal de calle 26 y 37. El personal de vigilancia del lugar logr\u00f3 retenerlo, y a pesar de que opuso resistencia, finalmente fue aprehendido.<\/p>\n<p>El letrado circulaba en una camioneta, que en la requisa arroj\u00f3 que conten\u00eda gran cantidad de folleter\u00eda que ten\u00eda dispuesta para \u2013 de no ser detenido \u2013 continuar arrojando en distintos puntos de la ciudad.<\/p>\n<p>Adem\u00e1s se supo que la misma camioneta hab\u00eda quedado registrada en las c\u00e1maras de seguridad del Colegio de Abogado, d\u00edas previos cuando una persona se baj\u00f3 de la misma para colocar una pegatina de \u201ctenor muy bajo\u201d en contra del agente fiscal; por lo que hay varios elementos que lo ubican como el responsable de estas intimidaciones p\u00fablicas.<\/p>\n<p>El sujeto qued\u00f3 aprehendido y ser\u00e1 indagado en la jornada de este s\u00e1bado por parte de la UFI N\u00b0 2 a cargo del doctor Leandro Marquiegui en el marco de una causa por \u201cDa\u00f1os\u201d, \u201cIntimidaci\u00f3n p\u00fablica\u201d y \u201cResistencia a la autoridad\u201d y ser\u00e1 puesto a disposici\u00f3n del Juzgado de Garant\u00edas N\u00b0 1.<\/p>\n","protected":false},"excerpt":{"rendered":"<p>Durante las \u00faltimas dos semanas un fiscal del Ministerio P\u00fablico Fiscal fue agraviado con folletos y pegatinas en distintos estamentos &#8230; <a title=\"Detienen a abogado por intimidaciones p\u00fablicas\" class=\"read-more\" href=\"https:\/\/www.hoymercedes.com.ar\/principal\/2017\/02\/10\/detienen-a-abogado-por-intimidaciones-publicas\/\" aria-label=\"Leer m\u00e1s sobre Detienen a abogado por intimidaciones p\u00fablicas\">Leer m\u00e1s<\/a><\/p>\n","protected":false},"author":1,"featured_media":56144,"comment_status":"closed","ping_status":"open","sticky":false,"template":"","format":"standard","meta":{"_monsterinsights_skip_tracking":false,"_monsterinsights_sitenote_active":false,"_monsterinsights_sitenote_note":"","_monsterinsights_sitenote_category":0,"jetpack_post_was_ever_published":false,"_jetpack_newsletter_access":"","_jetpack_dont_email_post_to_subs":true,"_jetpack_newsletter_tier_id":0,"_jetpack_memberships_contains_paywalled_content":false,"_jetpack_memberships_contains_paid_content":false,"footnotes":"","jetpack_publicize_message":"","jetpack_publicize_feature_enabled":true,"jetpack_social_post_already_shared":true,"jetpack_social_options":{"image_generator_settings":{"template":"highway","default_image_id":0,"font":"","enabled":false},"version":2},"_wpas_customize_per_network":false},"categories":[85],"tags":[10581,3457],"class_list":["post-59710","post","type-post","status-publish","format-standard","has-post-thumbnail","hentry","category-policial","tag-fiscalia","tag-policiales","generate-columns","tablet-grid-50","mobile-grid-100","grid-parent","grid-50"],"jetpack_publicize_connections":[],"jetpack_featured_media_url":"https:\/\/www.hoymercedes.com.ar\/principal\/wp-content\/uploads\/2016\/10\/poli-2.jpg","wps_subtitle":"Esta ma\u00f1ana","jetpack_sharing_enabled":true,"_links":{"self":[{"href":"https:\/\/www.hoymercedes.com.ar\/principal\/wp-json\/wp\/v2\/posts\/59710","targetHints":{"allow":["GET"]}}],"collection":[{"href":"https:\/\/www.hoymercedes.com.ar\/principal\/wp-json\/wp\/v2\/posts"}],"about":[{"href":"https:\/\/www.hoymercedes.com.ar\/principal\/wp-json\/wp\/v2\/types\/post"}],"author":[{"embeddable":true,"href":"https:\/\/www.hoymercedes.com.ar\/principal\/wp-json\/wp\/v2\/users\/1"}],"replies":[{"embeddable":true,"href":"https:\/\/www.hoymercedes.com.ar\/principal\/wp-json\/wp\/v2\/comments?post=59710"}],"version-history":[{"count":0,"href":"https:\/\/www.hoymercedes.com.ar\/principal\/wp-json\/wp\/v2\/posts\/59710\/revisions"}],"wp:featuredmedia":[{"embeddable":true,"href":"https:\/\/www.hoymercedes.com.ar\/principal\/wp-json\/wp\/v2\/media\/56144"}],"wp:attachment":[{"href":"https:\/\/www.hoymercedes.com.ar\/principal\/wp-json\/wp\/v2\/media?parent=59710"}],"wp:term":[{"taxonomy":"category","embeddable":true,"href":"https:\/\/www.hoymercedes.com.ar\/principal\/wp-json\/wp\/v2\/categories?post=59710"},{"taxonomy":"post_tag","embeddable":true,"href":"https:\/\/www.hoymercedes.com.ar\/principal\/wp-json\/wp\/v2\/tags?post=59710"}],"curies":[{"name":"wp","href":"https:\/\/api.w.org\/{rel}","templated":true}]}}