{"id":59724,"date":"2017-02-11T10:30:37","date_gmt":"2017-02-11T13:30:37","guid":{"rendered":"http:\/\/www.hoymercedes.com.ar\/principal\/?p=59724"},"modified":"2017-02-12T17:17:50","modified_gmt":"2017-02-12T20:17:50","slug":"el-tango-se-convirtio-en-un-verdadero-exito-en-la-noche-de-la-ciudad","status":"publish","type":"post","link":"https:\/\/www.hoymercedes.com.ar\/principal\/2017\/02\/11\/el-tango-se-convirtio-en-un-verdadero-exito-en-la-noche-de-la-ciudad\/","title":{"rendered":"El tango se convirti\u00f3 en un verdadero \u00e9xito en la noche de la ciudad"},"content":{"rendered":"<div><img loading=\"lazy\" decoding=\"async\" data-attachment-id=\"59725\" data-permalink=\"https:\/\/www.hoymercedes.com.ar\/principal\/2017\/02\/11\/el-tango-se-convirtio-en-un-verdadero-exito-en-la-noche-de-la-ciudad\/tango2\/#main\" data-orig-file=\"https:\/\/www.hoymercedes.com.ar\/principal\/wp-content\/uploads\/2017\/02\/tango2.jpg\" data-orig-size=\"600,450\" data-comments-opened=\"0\" data-image-meta=\"{&quot;aperture&quot;:&quot;0&quot;,&quot;credit&quot;:&quot;&quot;,&quot;camera&quot;:&quot;&quot;,&quot;caption&quot;:&quot;&quot;,&quot;created_timestamp&quot;:&quot;0&quot;,&quot;copyright&quot;:&quot;&quot;,&quot;focal_length&quot;:&quot;0&quot;,&quot;iso&quot;:&quot;0&quot;,&quot;shutter_speed&quot;:&quot;0&quot;,&quot;title&quot;:&quot;&quot;,&quot;orientation&quot;:&quot;1&quot;}\" data-image-title=\"tango2\" data-image-description=\"\" data-image-caption=\"\" data-large-file=\"https:\/\/www.hoymercedes.com.ar\/principal\/wp-content\/uploads\/2017\/02\/tango2.jpg\" class=\"aligncenter size-full wp-image-59725\" src=\"https:\/\/www.hoymercedes.com.ar\/principal\/wp-content\/uploads\/2017\/02\/tango2.jpg\" alt=\"\" width=\"600\" height=\"450\" srcset=\"https:\/\/www.hoymercedes.com.ar\/principal\/wp-content\/uploads\/2017\/02\/tango2.jpg 600w, https:\/\/www.hoymercedes.com.ar\/principal\/wp-content\/uploads\/2017\/02\/tango2-150x113.jpg 150w\" sizes=\"auto, (max-width: 600px) 100vw, 600px\" \/><\/div>\n<div>Una vez m\u00e1s La Trocha se convirti\u00f3 en una gran pista baile y tango. El pasado jueves se concret\u00f3 un encuentro que se hab\u00eda planeado como el \u00faltimo del verano, pero, el \u00e9xito que tuvo termin\u00f3 haciendo que desde la Direcci\u00f3n de Cultura a cargo de Lucia Capaccio pensaran en continuarlo y as\u00ed ser\u00e1, dando una nueva invitaci\u00f3n. M\u00e1s de doscientos mercedinos fueron parte de la velada. Bulet Rodr\u00edguez y Pablo Aschero, bailarines e invitados amenizaron la noche.<\/div>\n<div>El and\u00e9n se volvi\u00f3 un gran espacio tanguero. Con mesas, velas, luces, sonido, bailarines, cantina, un micr\u00f3fono abierto y todo el talento local la propuesta fue de menor a mayor y cada vez m\u00e1s vecinos se hicieron presentes.<\/div>\n<div>\u201cEs una actividad alrededor de una expresi\u00f3n cultural que no ten\u00eda un espacio propio en Mercedes. Este a\u00f1o que se gener\u00f3 Viv\u00ed Mercedes como algo integral, amplio, con m\u00e1s contenidos para las familias pensamos que era momento de tener al tango en ellas. Fue algo que nos termin\u00f3 dando muchas satisfacciones porque cada d\u00eda se suman m\u00e1s vecinos, va toda la familia, los chicos y por supuesto los artistas que son fundamentales. Hemos vivido una serie de noches excelentes y le daremos continuidad, este jueves, aprovechamos e invitamos a todos a que se acerquen y vean el hermoso clima que se ha creado\u201d, sostuvo Lucia Capaccio, directora de Cultura de la Municipalidad de Mercedes.<\/div>\n<div>\u201cQueda de manifiesto que cuando uno realiza propuestas culturales bien organizadas, con una apuesta a lo local, con nuestros talentos, los mercedinos nos hacemos presentes. El tango se ha logrado un acompa\u00f1amiento destacable por parte de los vecinos y sin duda el espacio de La Trocha les dio un gran marco. Es muy bueno ver c\u00f3mo ha crecido la propuesta y la tarea realizada por todos los que aportando lo mejor de s\u00ed construyeron una actividad tan bien recibida\u201d, narraba en la noche tanguera el intendente Juan Ignacio Ustarroz.<\/div>\n<div>El pr\u00f3ximo jueves se volver\u00e1 a realizar \u201cTango en el and\u00e9n\u201d, para que los bailarines y amantes del tango sigan encontrando un espacio nuevo y ameno, pero, tambi\u00e9n toda la familia dado que La Trocha permite el encuentro de distintas generaciones, e incluso los m\u00e1s chicos que tienen plaza de juegos y un enorme play\u00f3n para que se diviertan.<\/div>\n<div>\u201cComo siempre los invitamos y esperamos vernos nuevamente el jueves en algo que ha sido un existo construido entre todos\u201d; remarc\u00f3 Lucia Capaccio.<\/div>\n","protected":false},"excerpt":{"rendered":"<p>Una vez m\u00e1s La Trocha se convirti\u00f3 en una gran pista baile y tango. El pasado jueves se concret\u00f3 un &#8230; <a title=\"El tango se convirti\u00f3 en un verdadero \u00e9xito en la noche de la ciudad\" class=\"read-more\" href=\"https:\/\/www.hoymercedes.com.ar\/principal\/2017\/02\/11\/el-tango-se-convirtio-en-un-verdadero-exito-en-la-noche-de-la-ciudad\/\" aria-label=\"Leer m\u00e1s sobre El tango se convirti\u00f3 en un verdadero \u00e9xito en la noche de la ciudad\">Leer m\u00e1s<\/a><\/p>\n","protected":false},"author":1,"featured_media":59725,"comment_status":"closed","ping_status":"open","sticky":false,"template":"","format":"standard","meta":{"_monsterinsights_skip_tracking":false,"_monsterinsights_sitenote_active":false,"_monsterinsights_sitenote_note":"","_monsterinsights_sitenote_category":0,"jetpack_post_was_ever_published":false,"_jetpack_newsletter_access":"","_jetpack_dont_email_post_to_subs":true,"_jetpack_newsletter_tier_id":0,"_jetpack_memberships_contains_paywalled_content":false,"_jetpack_memberships_contains_paid_content":false,"footnotes":"","jetpack_publicize_message":"","jetpack_publicize_feature_enabled":true,"jetpack_social_post_already_shared":true,"jetpack_social_options":{"image_generator_settings":{"template":"highway","default_image_id":0,"font":"","enabled":false},"version":2},"_wpas_customize_per_network":false},"categories":[104],"tags":[7805,244,1362,10403],"class_list":["post-59724","post","type-post","status-publish","format-standard","has-post-thumbnail","hentry","category-cultura","tag-cultura","tag-municipio-2","tag-tango","tag-vivi-mercedes","generate-columns","tablet-grid-50","mobile-grid-100","grid-parent","grid-50"],"jetpack_publicize_connections":[],"jetpack_featured_media_url":"https:\/\/www.hoymercedes.com.ar\/principal\/wp-content\/uploads\/2017\/02\/tango2.jpg","wps_subtitle":"En La Trocha","jetpack_sharing_enabled":true,"_links":{"self":[{"href":"https:\/\/www.hoymercedes.com.ar\/principal\/wp-json\/wp\/v2\/posts\/59724","targetHints":{"allow":["GET"]}}],"collection":[{"href":"https:\/\/www.hoymercedes.com.ar\/principal\/wp-json\/wp\/v2\/posts"}],"about":[{"href":"https:\/\/www.hoymercedes.com.ar\/principal\/wp-json\/wp\/v2\/types\/post"}],"author":[{"embeddable":true,"href":"https:\/\/www.hoymercedes.com.ar\/principal\/wp-json\/wp\/v2\/users\/1"}],"replies":[{"embeddable":true,"href":"https:\/\/www.hoymercedes.com.ar\/principal\/wp-json\/wp\/v2\/comments?post=59724"}],"version-history":[{"count":0,"href":"https:\/\/www.hoymercedes.com.ar\/principal\/wp-json\/wp\/v2\/posts\/59724\/revisions"}],"wp:featuredmedia":[{"embeddable":true,"href":"https:\/\/www.hoymercedes.com.ar\/principal\/wp-json\/wp\/v2\/media\/59725"}],"wp:attachment":[{"href":"https:\/\/www.hoymercedes.com.ar\/principal\/wp-json\/wp\/v2\/media?parent=59724"}],"wp:term":[{"taxonomy":"category","embeddable":true,"href":"https:\/\/www.hoymercedes.com.ar\/principal\/wp-json\/wp\/v2\/categories?post=59724"},{"taxonomy":"post_tag","embeddable":true,"href":"https:\/\/www.hoymercedes.com.ar\/principal\/wp-json\/wp\/v2\/tags?post=59724"}],"curies":[{"name":"wp","href":"https:\/\/api.w.org\/{rel}","templated":true}]}}