{"id":59745,"date":"2017-02-12T10:58:44","date_gmt":"2017-02-12T13:58:44","guid":{"rendered":"http:\/\/www.hoymercedes.com.ar\/principal\/?p=59745"},"modified":"2017-02-12T19:04:16","modified_gmt":"2017-02-12T22:04:16","slug":"paseo-cultural-para-los-pequenos-que-asisten-a-la-casa-del-nino","status":"publish","type":"post","link":"https:\/\/www.hoymercedes.com.ar\/principal\/2017\/02\/12\/paseo-cultural-para-los-pequenos-que-asisten-a-la-casa-del-nino\/","title":{"rendered":"Paseo cultural para los peque\u00f1os que asisten a la Casa del Ni\u00f1o"},"content":{"rendered":"<p>Un grupo de casi 30 peque\u00f1os asistentes de La Casa del Ni\u00f1o, acompa\u00f1ados de su Directora y docentes a cargo, salieron de paseo por diferentes lugares elegidos para conocer la ciudad en su historia y cultura.<\/p>\n<p><img loading=\"lazy\" decoding=\"async\" data-attachment-id=\"59747\" data-permalink=\"https:\/\/www.hoymercedes.com.ar\/principal\/2017\/02\/12\/paseo-cultural-para-los-pequenos-que-asisten-a-la-casa-del-nino\/12-muni-casa-nino-2\/#main\" data-orig-file=\"https:\/\/www.hoymercedes.com.ar\/principal\/wp-content\/uploads\/2017\/02\/12-muni-casa-ni\u00f1o-2.jpg\" data-orig-size=\"630,420\" data-comments-opened=\"0\" data-image-meta=\"{&quot;aperture&quot;:&quot;8&quot;,&quot;credit&quot;:&quot;&quot;,&quot;camera&quot;:&quot;NIKON D3100&quot;,&quot;caption&quot;:&quot;&quot;,&quot;created_timestamp&quot;:&quot;1486721198&quot;,&quot;copyright&quot;:&quot;&quot;,&quot;focal_length&quot;:&quot;18&quot;,&quot;iso&quot;:&quot;100&quot;,&quot;shutter_speed&quot;:&quot;0.004&quot;,&quot;title&quot;:&quot;&quot;,&quot;orientation&quot;:&quot;1&quot;}\" data-image-title=\"12 muni casa ni\u00f1o 2\" data-image-description=\"\" data-image-caption=\"\" data-large-file=\"https:\/\/www.hoymercedes.com.ar\/principal\/wp-content\/uploads\/2017\/02\/12-muni-casa-ni\u00f1o-2.jpg\" class=\"aligncenter size-medium wp-image-59747\" src=\"https:\/\/www.hoymercedes.com.ar\/principal\/wp-content\/uploads\/2017\/02\/12-muni-casa-ni\u00f1o-2-630x420.jpg\" alt=\"\" width=\"630\" height=\"420\" srcset=\"https:\/\/www.hoymercedes.com.ar\/principal\/wp-content\/uploads\/2017\/02\/12-muni-casa-ni\u00f1o-2.jpg 630w, https:\/\/www.hoymercedes.com.ar\/principal\/wp-content\/uploads\/2017\/02\/12-muni-casa-ni\u00f1o-2-150x100.jpg 150w, https:\/\/www.hoymercedes.com.ar\/principal\/wp-content\/uploads\/2017\/02\/12-muni-casa-ni\u00f1o-2-300x200.jpg 300w\" sizes=\"auto, (max-width: 630px) 100vw, 630px\" \/><\/p>\n<p>Es as\u00ed que visitaron la plaza San Mart\u00edn, la Catedral Bas\u00edlica \u201cNuestra Se\u00f1ora de las Mercedes\u201d, el Palacio Municipal y el Sal\u00f3n del Honorable Concejo Deliberante, adem\u00e1s de los muesos municipales, entre otros lugares, guiados por personal de la Direcci\u00f3n de Turismo de la Municipalidad.<\/p>\n<p>Esta propuesta la armaron desde la Casa del Ni\u00f1o en el marco de las \u00a0diferentes actividades\u00a0organizadas\u00a0con el fin de entretener y formar a los peque\u00f1os que all\u00ed asisten. Una maneras de que ellos conozcan y aprendan sobre la historia de la ciudad y su comunidad.<\/p>\n<p><img loading=\"lazy\" decoding=\"async\" data-attachment-id=\"59746\" data-permalink=\"https:\/\/www.hoymercedes.com.ar\/principal\/2017\/02\/12\/paseo-cultural-para-los-pequenos-que-asisten-a-la-casa-del-nino\/12-muni-casa-nino-1\/#main\" data-orig-file=\"https:\/\/www.hoymercedes.com.ar\/principal\/wp-content\/uploads\/2017\/02\/12-muni-casa-ni\u00f1o-1.jpg\" data-orig-size=\"630,420\" data-comments-opened=\"0\" data-image-meta=\"{&quot;aperture&quot;:&quot;4.2&quot;,&quot;credit&quot;:&quot;&quot;,&quot;camera&quot;:&quot;NIKON D3100&quot;,&quot;caption&quot;:&quot;&quot;,&quot;created_timestamp&quot;:&quot;1486722310&quot;,&quot;copyright&quot;:&quot;&quot;,&quot;focal_length&quot;:&quot;26&quot;,&quot;iso&quot;:&quot;720&quot;,&quot;shutter_speed&quot;:&quot;0.066666666666667&quot;,&quot;title&quot;:&quot;&quot;,&quot;orientation&quot;:&quot;1&quot;}\" data-image-title=\"12 muni casa ni\u00f1o 1\" data-image-description=\"\" data-image-caption=\"\" data-large-file=\"https:\/\/www.hoymercedes.com.ar\/principal\/wp-content\/uploads\/2017\/02\/12-muni-casa-ni\u00f1o-1.jpg\" class=\"aligncenter size-medium wp-image-59746\" src=\"https:\/\/www.hoymercedes.com.ar\/principal\/wp-content\/uploads\/2017\/02\/12-muni-casa-ni\u00f1o-1-630x420.jpg\" alt=\"\" width=\"630\" height=\"420\" srcset=\"https:\/\/www.hoymercedes.com.ar\/principal\/wp-content\/uploads\/2017\/02\/12-muni-casa-ni\u00f1o-1.jpg 630w, https:\/\/www.hoymercedes.com.ar\/principal\/wp-content\/uploads\/2017\/02\/12-muni-casa-ni\u00f1o-1-150x100.jpg 150w, https:\/\/www.hoymercedes.com.ar\/principal\/wp-content\/uploads\/2017\/02\/12-muni-casa-ni\u00f1o-1-300x200.jpg 300w\" sizes=\"auto, (max-width: 630px) 100vw, 630px\" \/><\/p>\n<p>Sin embargo, esta propuesta no es exclusiva de la Casa del Ni\u00f1o. Para clubes, instituciones, escuelas o entidades que deseen hacer este tipo de visitas, pueden comunicarse con la Direcci\u00f3n de Turismo de Ada. 29 esquina 26.<\/p>\n","protected":false},"excerpt":{"rendered":"<p>Un grupo de casi 30 peque\u00f1os asistentes de La Casa del Ni\u00f1o, acompa\u00f1ados de su Directora y docentes a cargo, &#8230; <a title=\"Paseo cultural para los peque\u00f1os que asisten a la Casa del Ni\u00f1o\" class=\"read-more\" href=\"https:\/\/www.hoymercedes.com.ar\/principal\/2017\/02\/12\/paseo-cultural-para-los-pequenos-que-asisten-a-la-casa-del-nino\/\" aria-label=\"Leer m\u00e1s sobre Paseo cultural para los peque\u00f1os que asisten a la Casa del Ni\u00f1o\">Leer m\u00e1s<\/a><\/p>\n","protected":false},"author":1,"featured_media":59746,"comment_status":"closed","ping_status":"open","sticky":false,"template":"","format":"standard","meta":{"_monsterinsights_skip_tracking":false,"_monsterinsights_sitenote_active":false,"_monsterinsights_sitenote_note":"","_monsterinsights_sitenote_category":0,"jetpack_post_was_ever_published":false,"_jetpack_newsletter_access":"","_jetpack_dont_email_post_to_subs":false,"_jetpack_newsletter_tier_id":0,"_jetpack_memberships_contains_paywalled_content":false,"_jetpack_memberships_contains_paid_content":false,"footnotes":"","jetpack_publicize_message":"","jetpack_publicize_feature_enabled":true,"jetpack_social_post_already_shared":true,"jetpack_social_options":{"image_generator_settings":{"template":"highway","default_image_id":0,"font":"","enabled":false},"version":2},"_wpas_customize_per_network":false},"categories":[30],"tags":[296,7805,244,10586],"class_list":["post-59745","post","type-post","status-publish","format-standard","has-post-thumbnail","hentry","category-municipio","tag-casa-del-nino","tag-cultura","tag-municipio-2","tag-recorrido","generate-columns","tablet-grid-50","mobile-grid-100","grid-parent","grid-50"],"jetpack_publicize_connections":[],"jetpack_featured_media_url":"https:\/\/www.hoymercedes.com.ar\/principal\/wp-content\/uploads\/2017\/02\/12-muni-casa-ni\u00f1o-1.jpg","wps_subtitle":"Aprendizaje hist\u00f3rico","jetpack_sharing_enabled":true,"_links":{"self":[{"href":"https:\/\/www.hoymercedes.com.ar\/principal\/wp-json\/wp\/v2\/posts\/59745","targetHints":{"allow":["GET"]}}],"collection":[{"href":"https:\/\/www.hoymercedes.com.ar\/principal\/wp-json\/wp\/v2\/posts"}],"about":[{"href":"https:\/\/www.hoymercedes.com.ar\/principal\/wp-json\/wp\/v2\/types\/post"}],"author":[{"embeddable":true,"href":"https:\/\/www.hoymercedes.com.ar\/principal\/wp-json\/wp\/v2\/users\/1"}],"replies":[{"embeddable":true,"href":"https:\/\/www.hoymercedes.com.ar\/principal\/wp-json\/wp\/v2\/comments?post=59745"}],"version-history":[{"count":0,"href":"https:\/\/www.hoymercedes.com.ar\/principal\/wp-json\/wp\/v2\/posts\/59745\/revisions"}],"wp:featuredmedia":[{"embeddable":true,"href":"https:\/\/www.hoymercedes.com.ar\/principal\/wp-json\/wp\/v2\/media\/59746"}],"wp:attachment":[{"href":"https:\/\/www.hoymercedes.com.ar\/principal\/wp-json\/wp\/v2\/media?parent=59745"}],"wp:term":[{"taxonomy":"category","embeddable":true,"href":"https:\/\/www.hoymercedes.com.ar\/principal\/wp-json\/wp\/v2\/categories?post=59745"},{"taxonomy":"post_tag","embeddable":true,"href":"https:\/\/www.hoymercedes.com.ar\/principal\/wp-json\/wp\/v2\/tags?post=59745"}],"curies":[{"name":"wp","href":"https:\/\/api.w.org\/{rel}","templated":true}]}}