{"id":59789,"date":"2017-02-13T18:22:25","date_gmt":"2017-02-13T21:22:25","guid":{"rendered":"http:\/\/www.hoymercedes.com.ar\/principal\/?p=59789"},"modified":"2017-02-13T16:50:22","modified_gmt":"2017-02-13T19:50:22","slug":"el-municipio-planifica-ampliar-el-jardin-maternal-el-honguito","status":"publish","type":"post","link":"https:\/\/www.hoymercedes.com.ar\/principal\/2017\/02\/13\/el-municipio-planifica-ampliar-el-jardin-maternal-el-honguito\/","title":{"rendered":"El Municipio planifica ampliar el Jard\u00edn Maternal El Honguito"},"content":{"rendered":"<p>&nbsp;<\/p>\n<p>El acuerdo que el Municipio de Mercedes firm\u00f3 con el Jard\u00edn Maternal El Honguito en diciembre del a\u00f1o pasado est\u00e1 plasm\u00e1ndose en este nuevo a\u00f1o. D\u00edas atr\u00e1s, el Intendente Municipal Juan Ignacio Ustarroz dio\u00a0orden para que los arquitectos municipales empiecen a realizar los planos necesarios para poder construir un nuevo espacio que permita la ampliaci\u00f3n del jard\u00edn maternal para que sea puesto a consideraci\u00f3n de toda la comisi\u00f3n directiva.<\/p>\n<p><img loading=\"lazy\" decoding=\"async\" data-attachment-id=\"59790\" data-permalink=\"https:\/\/www.hoymercedes.com.ar\/principal\/2017\/02\/13\/el-municipio-planifica-ampliar-el-jardin-maternal-el-honguito\/13-honguito\/#main\" data-orig-file=\"https:\/\/www.hoymercedes.com.ar\/principal\/wp-content\/uploads\/2017\/02\/13-Honguito.jpg\" data-orig-size=\"630,420\" data-comments-opened=\"0\" data-image-meta=\"{&quot;aperture&quot;:&quot;3.5&quot;,&quot;credit&quot;:&quot;&quot;,&quot;camera&quot;:&quot;NIKON D3100&quot;,&quot;caption&quot;:&quot;&quot;,&quot;created_timestamp&quot;:&quot;1482319969&quot;,&quot;copyright&quot;:&quot;&quot;,&quot;focal_length&quot;:&quot;20&quot;,&quot;iso&quot;:&quot;2000&quot;,&quot;shutter_speed&quot;:&quot;0.016666666666667&quot;,&quot;title&quot;:&quot;&quot;,&quot;orientation&quot;:&quot;1&quot;}\" data-image-title=\"13 Honguito\" data-image-description=\"\" data-image-caption=\"\" data-large-file=\"https:\/\/www.hoymercedes.com.ar\/principal\/wp-content\/uploads\/2017\/02\/13-Honguito.jpg\" class=\"aligncenter size-medium wp-image-59790\" src=\"https:\/\/www.hoymercedes.com.ar\/principal\/wp-content\/uploads\/2017\/02\/13-Honguito-630x420.jpg\" alt=\"\" width=\"630\" height=\"420\" srcset=\"https:\/\/www.hoymercedes.com.ar\/principal\/wp-content\/uploads\/2017\/02\/13-Honguito.jpg 630w, https:\/\/www.hoymercedes.com.ar\/principal\/wp-content\/uploads\/2017\/02\/13-Honguito-150x100.jpg 150w, https:\/\/www.hoymercedes.com.ar\/principal\/wp-content\/uploads\/2017\/02\/13-Honguito-300x200.jpg 300w\" sizes=\"auto, (max-width: 630px) 100vw, 630px\" \/><\/p>\n<p>De acuerdo a la informaci\u00f3n dada por la Comuna, el jueves habr\u00eda un encuentro\u00a0para dar cuenta de estos proyectos con m\u00e1s detalles.\u00a0\u201cEl convenio nos hace formar\u00a0parte de la instituci\u00f3n y esto nos genera\u00a0un compromiso para darle un\u00a0impacto en la sociedad, tal como sus miembros nos solicitaban y est\u00e1bamos dispuestos a dar. Es por ello que decidimos proponer ampliar las instalaciones para poder brindar mayores y mejores atenciones, incrementar los cupos y generar mayor calidad para todos los ni\u00f1os y las familias mercedinas\u201d, sostuvo Ustarroz a la espera de la reuni\u00f3n pr\u00f3xima en donde se conocer\u00edan m\u00e1s detalles de la propuesta de obras en El Honguito para ampliarlo.<\/p>\n<p>&nbsp;<\/p>\n<p>&nbsp;<\/p>\n<p>Fuente: Prensa Municipal<\/p>\n","protected":false},"excerpt":{"rendered":"<p>&nbsp; El acuerdo que el Municipio de Mercedes firm\u00f3 con el Jard\u00edn Maternal El Honguito en diciembre del a\u00f1o pasado &#8230; <a title=\"El Municipio planifica ampliar el Jard\u00edn Maternal El Honguito\" class=\"read-more\" href=\"https:\/\/www.hoymercedes.com.ar\/principal\/2017\/02\/13\/el-municipio-planifica-ampliar-el-jardin-maternal-el-honguito\/\" aria-label=\"Leer m\u00e1s sobre El Municipio planifica ampliar el Jard\u00edn Maternal El Honguito\">Leer m\u00e1s<\/a><\/p>\n","protected":false},"author":1,"featured_media":59790,"comment_status":"closed","ping_status":"open","sticky":false,"template":"","format":"standard","meta":{"_monsterinsights_skip_tracking":false,"_monsterinsights_sitenote_active":false,"_monsterinsights_sitenote_note":"","_monsterinsights_sitenote_category":0,"jetpack_post_was_ever_published":false,"_jetpack_newsletter_access":"","_jetpack_dont_email_post_to_subs":false,"_jetpack_newsletter_tier_id":0,"_jetpack_memberships_contains_paywalled_content":false,"_jetpack_memberships_contains_paid_content":false,"footnotes":"","jetpack_publicize_message":"","jetpack_publicize_feature_enabled":true,"jetpack_social_post_already_shared":true,"jetpack_social_options":{"image_generator_settings":{"template":"highway","default_image_id":0,"font":"","enabled":false},"version":2},"_wpas_customize_per_network":false},"categories":[30],"tags":[10590,9504,10589,244,1014],"class_list":["post-59789","post","type-post","status-publish","format-standard","has-post-thumbnail","hentry","category-municipio","tag-amplificacion","tag-convenio","tag-el-honguito","tag-municipio-2","tag-obras","generate-columns","tablet-grid-50","mobile-grid-100","grid-parent","grid-50"],"jetpack_publicize_connections":[],"jetpack_featured_media_url":"https:\/\/www.hoymercedes.com.ar\/principal\/wp-content\/uploads\/2017\/02\/13-Honguito.jpg","wps_subtitle":"Luego del acuerdo con la instituci\u00f3n","jetpack_sharing_enabled":true,"_links":{"self":[{"href":"https:\/\/www.hoymercedes.com.ar\/principal\/wp-json\/wp\/v2\/posts\/59789","targetHints":{"allow":["GET"]}}],"collection":[{"href":"https:\/\/www.hoymercedes.com.ar\/principal\/wp-json\/wp\/v2\/posts"}],"about":[{"href":"https:\/\/www.hoymercedes.com.ar\/principal\/wp-json\/wp\/v2\/types\/post"}],"author":[{"embeddable":true,"href":"https:\/\/www.hoymercedes.com.ar\/principal\/wp-json\/wp\/v2\/users\/1"}],"replies":[{"embeddable":true,"href":"https:\/\/www.hoymercedes.com.ar\/principal\/wp-json\/wp\/v2\/comments?post=59789"}],"version-history":[{"count":0,"href":"https:\/\/www.hoymercedes.com.ar\/principal\/wp-json\/wp\/v2\/posts\/59789\/revisions"}],"wp:featuredmedia":[{"embeddable":true,"href":"https:\/\/www.hoymercedes.com.ar\/principal\/wp-json\/wp\/v2\/media\/59790"}],"wp:attachment":[{"href":"https:\/\/www.hoymercedes.com.ar\/principal\/wp-json\/wp\/v2\/media?parent=59789"}],"wp:term":[{"taxonomy":"category","embeddable":true,"href":"https:\/\/www.hoymercedes.com.ar\/principal\/wp-json\/wp\/v2\/categories?post=59789"},{"taxonomy":"post_tag","embeddable":true,"href":"https:\/\/www.hoymercedes.com.ar\/principal\/wp-json\/wp\/v2\/tags?post=59789"}],"curies":[{"name":"wp","href":"https:\/\/api.w.org\/{rel}","templated":true}]}}