{"id":5981,"date":"2011-08-02T02:11:23","date_gmt":"2011-08-02T02:11:23","guid":{"rendered":"http:\/\/www.hoymercedes.com.ar\/principal\/?p=5981"},"modified":"2011-08-02T02:11:23","modified_gmt":"2011-08-02T02:11:23","slug":"funciona-gratuitamente-el-numero-147-para-hacer-reclamos","status":"publish","type":"post","link":"https:\/\/www.hoymercedes.com.ar\/principal\/2011\/08\/02\/funciona-gratuitamente-el-numero-147-para-hacer-reclamos\/","title":{"rendered":"Funciona gratuitamente el n\u00famero 147 para hacer reclamos"},"content":{"rendered":"<p>Tal como se hab\u00eda anuncia poco despu\u00e9s de haber comenzado el corriente a\u00f1os, desde ayer est\u00e1 en plena vigencia la utilizaci\u00f3n de un nuevo canal de comunicaciones entre el vecinos de nuestra ciudad y la Municipalidad trat\u00e1ndose de u nuevo n\u00famero telef\u00f3nico que permite de manera gratuita efectuar los reclamos de manera organizada, sea cual sea dicho reclamo, en un solo lugar que es desde donde se girar\u00e1n los mensajes recibidos a las diferentes \u00e1rea de trabajo, especialmente las que tienen que ver con la prestaci\u00f3n de los Servicios P\u00fablicos que se encuentran a cargo del municipio.-<\/p>\n<p>Carlos Selva sostuvo durante en encuentro con los medios de prensa realizado ayer en su despacho \u201cera una de las materias que hab\u00edamos encarado cuando comenzamos con las tareas que tienen que ver con la denominada modernizaci\u00f3n de estado.<\/p>\n<p>Hasta ahora los vecinos de nuestra ciudad ten\u00edan m\u00e1s de un n\u00famero para formalizar sus reclamos y en el \u00faltimo de los casos aquellos que lo conoc\u00edan directamente llamaban al tel\u00e9fono m\u00f3vil de Alfredo Badano.<\/p>\n<p>Ahora todo ser\u00e1 diferentes, en primer lugar el 147 es el n\u00famero \u00fanico de reclamos, es decir en el mismo se centralizar la totalidad de los llamados que por deficiencia alguna en los servicios se puedan generar.<\/p>\n<p>Esta centralizaci\u00f3n nos va a permitir tener un seguimiento concreto del reclamo, es decir que cada una de las \u00e1reas tendr\u00e1 que informar al cabo de una semana si ya se solucion\u00f3 el reclamo o porque motivo a\u00fan no se lo pudo hacer, es decir que el propio intendente va a estar ahora con toda la informaci\u00f3n al momento, algo que por cierto hasta el presente no ocurre\u201d.<\/p>\n<p>El jefe comunal confirm\u00f3 lo gratuito del sistema sosteniendo \u201cno solo ser\u00e1 gratuito para el contribuyente o el vecino que nos llame sino que tampoco generar\u00e1 un costo adicional a la comuna y eso se debe a que el n\u00famero de reclamos 147 tiene un dise\u00f1o totalmente efectuado en nuestro municipio por nuestro personal, es decir que no se trata de un n\u00famero cuya prestaci\u00f3n se pueda hacer gracias a la intervenci\u00f3n de la Empresa telef\u00f3nica. Si ello hubiese ocurrido, el vecino seguir\u00eda sin pagar la llamada pero el municipio deber\u00eda pagar un canon para poder utilizar el sistema, pero de la manera en que lo implementamos no deberemos abonar absolutamente nada de manera adicional\u201d.<\/p>\n<p>Por ultimo el jefe comunal enfatiz\u00f3 \u201ces un sistema nuevo que comienza a trabajar hoy lunes y que seguramente va a presentar cierto tipo de problemas hasta que podamos ajustar bien cada uno de los detalles de su funcionamiento.<\/p>\n<p>Uno de los problemas ser\u00e1 seguramente que se congestionara debido a la cantidad de llamados que pueda estar recibiendo, pero estimo que eso ser\u00e1 por muy poco tiempo ya que le hemos solicitado a la empresa de telefon\u00eda la provisi\u00f3n de nuevas l\u00edneas para poder trabajar con el sistema de atenci\u00f3n rotativa y as\u00ed entonces asegurar que no nos quede ninguna llamada sin ser recibida\u201d.<\/p>\n","protected":false},"excerpt":{"rendered":"<p>Tal como se hab\u00eda anuncia poco despu\u00e9s de haber comenzado el corriente a\u00f1os, desde ayer est\u00e1 en plena vigencia la &#8230; <a title=\"Funciona gratuitamente el n\u00famero 147 para hacer reclamos\" class=\"read-more\" href=\"https:\/\/www.hoymercedes.com.ar\/principal\/2011\/08\/02\/funciona-gratuitamente-el-numero-147-para-hacer-reclamos\/\" aria-label=\"Leer m\u00e1s sobre Funciona gratuitamente el n\u00famero 147 para hacer reclamos\">Leer m\u00e1s<\/a><\/p>\n","protected":false},"author":1,"featured_media":0,"comment_status":"open","ping_status":"open","sticky":false,"template":"","format":"standard","meta":{"_monsterinsights_skip_tracking":false,"_monsterinsights_sitenote_active":false,"_monsterinsights_sitenote_note":"","_monsterinsights_sitenote_category":0,"jetpack_post_was_ever_published":false,"_jetpack_newsletter_access":"","_jetpack_dont_email_post_to_subs":false,"_jetpack_newsletter_tier_id":0,"_jetpack_memberships_contains_paywalled_content":false,"_jetpack_memberships_contains_paid_content":false,"footnotes":"","jetpack_publicize_message":"","jetpack_publicize_feature_enabled":true,"jetpack_social_post_already_shared":false,"jetpack_social_options":{"image_generator_settings":{"template":"highway","default_image_id":0,"font":"","enabled":false},"version":2},"_wpas_customize_per_network":false},"categories":[30],"tags":[1102,244,1099,18],"class_list":["post-5981","post","type-post","status-publish","format-standard","hentry","category-municipio","tag-1102","tag-municipio-2","tag-reclamos","tag-selva","generate-columns","tablet-grid-50","mobile-grid-100","grid-parent","grid-50"],"jetpack_publicize_connections":[],"jetpack_featured_media_url":"","wps_subtitle":"","jetpack_sharing_enabled":true,"_links":{"self":[{"href":"https:\/\/www.hoymercedes.com.ar\/principal\/wp-json\/wp\/v2\/posts\/5981","targetHints":{"allow":["GET"]}}],"collection":[{"href":"https:\/\/www.hoymercedes.com.ar\/principal\/wp-json\/wp\/v2\/posts"}],"about":[{"href":"https:\/\/www.hoymercedes.com.ar\/principal\/wp-json\/wp\/v2\/types\/post"}],"author":[{"embeddable":true,"href":"https:\/\/www.hoymercedes.com.ar\/principal\/wp-json\/wp\/v2\/users\/1"}],"replies":[{"embeddable":true,"href":"https:\/\/www.hoymercedes.com.ar\/principal\/wp-json\/wp\/v2\/comments?post=5981"}],"version-history":[{"count":0,"href":"https:\/\/www.hoymercedes.com.ar\/principal\/wp-json\/wp\/v2\/posts\/5981\/revisions"}],"wp:attachment":[{"href":"https:\/\/www.hoymercedes.com.ar\/principal\/wp-json\/wp\/v2\/media?parent=5981"}],"wp:term":[{"taxonomy":"category","embeddable":true,"href":"https:\/\/www.hoymercedes.com.ar\/principal\/wp-json\/wp\/v2\/categories?post=5981"},{"taxonomy":"post_tag","embeddable":true,"href":"https:\/\/www.hoymercedes.com.ar\/principal\/wp-json\/wp\/v2\/tags?post=5981"}],"curies":[{"name":"wp","href":"https:\/\/api.w.org\/{rel}","templated":true}]}}