{"id":59812,"date":"2017-02-14T14:16:36","date_gmt":"2017-02-14T17:16:36","guid":{"rendered":"http:\/\/www.hoymercedes.com.ar\/principal\/?p=59812"},"modified":"2017-02-14T14:16:36","modified_gmt":"2017-02-14T17:16:36","slug":"realizaran-taller-teorico-practico-de-fertilizantes-y-produccion-organica","status":"publish","type":"post","link":"https:\/\/www.hoymercedes.com.ar\/principal\/2017\/02\/14\/realizaran-taller-teorico-practico-de-fertilizantes-y-produccion-organica\/","title":{"rendered":"Realizar\u00e1n Taller Te\u00f3rico-Pr\u00e1ctico de Fertilizantes y Producci\u00f3n Org\u00e1nica"},"content":{"rendered":"<p>Los d\u00edas 11 y 12 de marzo de 2017, en la Chacra Intinaima, ubicada en el cuartel 8 del partido\u00a0de Mercedes se realizar\u00e1 el Taller Te\u00f3rico-Pr\u00e1ctico de Fertilizantes y Producci\u00f3n Org\u00e1nica.\u00a0Este evento es realizado en conjunto entre la empresa Colombiana LombriCol.com\u00a0(Ceres Certified) y la Chacra Intinaima (Integrante de la Asociaci\u00f3n Argentina de Psicoterapia de Bonding). El fin es trabajar los aspectos esenciales de la producci\u00f3n integral de alimentos org\u00e1nicos y la utilizaci\u00f3n de fertilizantes org\u00e1nicos a base de lombriz roja californiana.<\/p>\n<p><img loading=\"lazy\" decoding=\"async\" data-attachment-id=\"59813\" data-permalink=\"https:\/\/www.hoymercedes.com.ar\/principal\/2017\/02\/14\/realizaran-taller-teorico-practico-de-fertilizantes-y-produccion-organica\/14-lombrcis-org\/#main\" data-orig-file=\"https:\/\/www.hoymercedes.com.ar\/principal\/wp-content\/uploads\/2017\/02\/14-lombrcis-org.jpg\" data-orig-size=\"630,431\" data-comments-opened=\"0\" data-image-meta=\"{&quot;aperture&quot;:&quot;0&quot;,&quot;credit&quot;:&quot;&quot;,&quot;camera&quot;:&quot;&quot;,&quot;caption&quot;:&quot;&quot;,&quot;created_timestamp&quot;:&quot;0&quot;,&quot;copyright&quot;:&quot;&quot;,&quot;focal_length&quot;:&quot;0&quot;,&quot;iso&quot;:&quot;0&quot;,&quot;shutter_speed&quot;:&quot;0&quot;,&quot;title&quot;:&quot;&quot;,&quot;orientation&quot;:&quot;0&quot;}\" data-image-title=\"14 lombrcis org\" data-image-description=\"\" data-image-caption=\"\" data-large-file=\"https:\/\/www.hoymercedes.com.ar\/principal\/wp-content\/uploads\/2017\/02\/14-lombrcis-org.jpg\" class=\"aligncenter size-medium wp-image-59813\" src=\"https:\/\/www.hoymercedes.com.ar\/principal\/wp-content\/uploads\/2017\/02\/14-lombrcis-org-630x431.jpg\" alt=\"\" width=\"630\" height=\"431\" srcset=\"https:\/\/www.hoymercedes.com.ar\/principal\/wp-content\/uploads\/2017\/02\/14-lombrcis-org.jpg 630w, https:\/\/www.hoymercedes.com.ar\/principal\/wp-content\/uploads\/2017\/02\/14-lombrcis-org-150x103.jpg 150w\" sizes=\"auto, (max-width: 630px) 100vw, 630px\" \/><\/p>\n<p>El taller se divide en tres m\u00f3dulos que se desarrollar\u00e1n durante las dos jornadas:<\/p>\n<p>Modulo 1: La Producci\u00f3n de Alimentos<\/p>\n<p>Modulo 2: La Producci\u00f3n de Fertilizantes a Base de Lombrices<\/p>\n<p>Modulo 3: Oportunidades y Limitantes para el armado de Sistemas Org\u00e1nicos<\/p>\n<p>Exponentes:<br \/>\nIng. Diego Cata\u00f1o<br \/>\nRepresentante Colombiano, pionero en el sector de la lombricultura en Colombia y latino am\u00e9rica con su marca LombriCol.com, brindando a miles de productores de latino am\u00e9rica productos con certificaci\u00f3n Ceres, el cual ha ayudado mediante opciones org\u00e1nicas, a potencializar cultivos y brindar mejores resultados en la productividad org\u00e1nica<\/p>\n<p>Ing. Ezequiel Fern\u00e1ndez<br \/>\nRepresentante Argentino, promotor del consumo y producci\u00f3n de alimentos org\u00e1nicos en Argentina y latino am\u00e9rica, representante de Chacra Intinaima (Integrante de la Asociacion Argentina de Psicoterapia de Bonding), con 15 a\u00f1os de experiencia en la planificaci\u00f3n y ejecuci\u00f3n de actividades agr\u00edcolas diversificadas<\/p>\n<p>Para mas informaci\u00f3n y costos comunicarse por mail o telef\u00f3nicamente con el Ing. Agr. Ezequiel Fern\u00e1ndez ,Tel. 02324 15673440 &#8211; ezefernandez2501@gmail.com<\/p>\n<p>&nbsp;<\/p>\n<p>Fuente: Federico Lifzichtz<\/p>\n","protected":false},"excerpt":{"rendered":"<p>Los d\u00edas 11 y 12 de marzo de 2017, en la Chacra Intinaima, ubicada en el cuartel 8 del partido\u00a0de &#8230; <a title=\"Realizar\u00e1n Taller Te\u00f3rico-Pr\u00e1ctico de Fertilizantes y Producci\u00f3n Org\u00e1nica\" class=\"read-more\" href=\"https:\/\/www.hoymercedes.com.ar\/principal\/2017\/02\/14\/realizaran-taller-teorico-practico-de-fertilizantes-y-produccion-organica\/\" aria-label=\"Leer m\u00e1s sobre Realizar\u00e1n Taller Te\u00f3rico-Pr\u00e1ctico de Fertilizantes y Producci\u00f3n Org\u00e1nica\">Leer m\u00e1s<\/a><\/p>\n","protected":false},"author":1,"featured_media":59813,"comment_status":"closed","ping_status":"open","sticky":false,"template":"","format":"standard","meta":{"_monsterinsights_skip_tracking":false,"_monsterinsights_sitenote_active":false,"_monsterinsights_sitenote_note":"","_monsterinsights_sitenote_category":0,"jetpack_post_was_ever_published":false,"_jetpack_newsletter_access":"","_jetpack_dont_email_post_to_subs":false,"_jetpack_newsletter_tier_id":0,"_jetpack_memberships_contains_paywalled_content":false,"_jetpack_memberships_contains_paid_content":false,"footnotes":"","jetpack_publicize_message":"Realizar\u00e1n Taller Te\u00f3rico-Pr\u00e1ctico de Fertilizantes y Producci\u00f3n Org\u00e1nica","jetpack_publicize_feature_enabled":true,"jetpack_social_post_already_shared":true,"jetpack_social_options":{"image_generator_settings":{"template":"highway","default_image_id":0,"font":"","enabled":false},"version":2},"_wpas_customize_per_network":false},"categories":[23,9791],"tags":[8656,10592,10591,134,8680],"class_list":["post-59812","post","type-post","status-publish","format-standard","has-post-thumbnail","hentry","category-educacion","category-salud","tag-capacitacion","tag-comida","tag-organica","tag-salud","tag-taller","generate-columns","tablet-grid-50","mobile-grid-100","grid-parent","grid-50"],"jetpack_publicize_connections":[],"jetpack_featured_media_url":"https:\/\/www.hoymercedes.com.ar\/principal\/wp-content\/uploads\/2017\/02\/14-lombrcis-org.jpg","wps_subtitle":"11 y 12 de marzo ","jetpack_sharing_enabled":true,"_links":{"self":[{"href":"https:\/\/www.hoymercedes.com.ar\/principal\/wp-json\/wp\/v2\/posts\/59812","targetHints":{"allow":["GET"]}}],"collection":[{"href":"https:\/\/www.hoymercedes.com.ar\/principal\/wp-json\/wp\/v2\/posts"}],"about":[{"href":"https:\/\/www.hoymercedes.com.ar\/principal\/wp-json\/wp\/v2\/types\/post"}],"author":[{"embeddable":true,"href":"https:\/\/www.hoymercedes.com.ar\/principal\/wp-json\/wp\/v2\/users\/1"}],"replies":[{"embeddable":true,"href":"https:\/\/www.hoymercedes.com.ar\/principal\/wp-json\/wp\/v2\/comments?post=59812"}],"version-history":[{"count":0,"href":"https:\/\/www.hoymercedes.com.ar\/principal\/wp-json\/wp\/v2\/posts\/59812\/revisions"}],"wp:featuredmedia":[{"embeddable":true,"href":"https:\/\/www.hoymercedes.com.ar\/principal\/wp-json\/wp\/v2\/media\/59813"}],"wp:attachment":[{"href":"https:\/\/www.hoymercedes.com.ar\/principal\/wp-json\/wp\/v2\/media?parent=59812"}],"wp:term":[{"taxonomy":"category","embeddable":true,"href":"https:\/\/www.hoymercedes.com.ar\/principal\/wp-json\/wp\/v2\/categories?post=59812"},{"taxonomy":"post_tag","embeddable":true,"href":"https:\/\/www.hoymercedes.com.ar\/principal\/wp-json\/wp\/v2\/tags?post=59812"}],"curies":[{"name":"wp","href":"https:\/\/api.w.org\/{rel}","templated":true}]}}