{"id":59817,"date":"2017-02-14T17:38:33","date_gmt":"2017-02-14T20:38:33","guid":{"rendered":"http:\/\/www.hoymercedes.com.ar\/principal\/?p=59817"},"modified":"2017-02-14T17:38:33","modified_gmt":"2017-02-14T20:38:33","slug":"selva-y-massa-reunidos-por-los-proyectos-de-art-migraciones-y-la-ley-penal-juvenil","status":"publish","type":"post","link":"https:\/\/www.hoymercedes.com.ar\/principal\/2017\/02\/14\/selva-y-massa-reunidos-por-los-proyectos-de-art-migraciones-y-la-ley-penal-juvenil\/","title":{"rendered":"Selva y Massa reunidos por los proyectos de ART, migraciones y la ley penal juvenil"},"content":{"rendered":"<p>El diputado se reuni\u00f3 con el m\u00e1ximo referente del Frente Renovador. ART, migraciones, y la ley penal juvenil, as\u00ed como la pol\u00e9mica del Correo, fueron parte de lo conversado. Adem\u00e1s, cuestion\u00f3 el piso que propone el gobierno en paritarias.<\/p>\n<p><img loading=\"lazy\" decoding=\"async\" data-attachment-id=\"59819\" data-permalink=\"https:\/\/www.hoymercedes.com.ar\/principal\/2017\/02\/14\/selva-y-massa-reunidos-por-los-proyectos-de-art-migraciones-y-la-ley-penal-juvenil\/14-selva-massa\/#main\" data-orig-file=\"https:\/\/www.hoymercedes.com.ar\/principal\/wp-content\/uploads\/2017\/02\/14-selva-massa.jpg\" data-orig-size=\"512,313\" data-comments-opened=\"0\" data-image-meta=\"{&quot;aperture&quot;:&quot;0&quot;,&quot;credit&quot;:&quot;&quot;,&quot;camera&quot;:&quot;&quot;,&quot;caption&quot;:&quot;&quot;,&quot;created_timestamp&quot;:&quot;0&quot;,&quot;copyright&quot;:&quot;&quot;,&quot;focal_length&quot;:&quot;0&quot;,&quot;iso&quot;:&quot;0&quot;,&quot;shutter_speed&quot;:&quot;0&quot;,&quot;title&quot;:&quot;&quot;,&quot;orientation&quot;:&quot;0&quot;}\" data-image-title=\"14 selva massa\" data-image-description=\"\" data-image-caption=\"\" data-large-file=\"https:\/\/www.hoymercedes.com.ar\/principal\/wp-content\/uploads\/2017\/02\/14-selva-massa.jpg\" class=\"aligncenter size-full wp-image-59819\" src=\"https:\/\/www.hoymercedes.com.ar\/principal\/wp-content\/uploads\/2017\/02\/14-selva-massa.jpg\" alt=\"\" width=\"512\" height=\"313\" srcset=\"https:\/\/www.hoymercedes.com.ar\/principal\/wp-content\/uploads\/2017\/02\/14-selva-massa.jpg 512w, https:\/\/www.hoymercedes.com.ar\/principal\/wp-content\/uploads\/2017\/02\/14-selva-massa-150x92.jpg 150w\" sizes=\"auto, (max-width: 512px) 100vw, 512px\" \/><\/p>\n<p>El ex intendente de Mercedes y actual diputado nacional, Carlos Selva, estuvo reunido con el m\u00e1ximo referente del Frente Renovador (FR), Sergio Massa, para tratar varias problem\u00e1ticas que aquejan a los argentinos en la actualidad y sobre las que se requiere un posicionamiento pol\u00edtico y obviamente una legislaci\u00f3n adecuada.<\/p>\n<p>El diputado del FR coment\u00f3 tras su encuentro a solas y mano a mano con Massa: \u201cLa reuni\u00f3n se bas\u00f3 en tres ejes. El m\u00e1s actual fue el tema de las ART, donde evaluamos las modificaciones que se introdujeron en el Senado al proyecto original, las cuales compartimos en criterios generales. Luego hablamos del tema migraciones, como para empezar a evaluar un proyecto propio, sabiendo que Massa ha sido muy claro sobre lo que es la problem\u00e1tica fronteriza, no solo refiri\u00e9ndolo a las personas sino a las consecuencias que perjudican el funcionamiento de la sociedad argentina por la falta de controles. Y luego hablamos del tema de la ley penal juvenil, algo que nos traer\u00e1 a debate luego del conflicto que es la preocupaci\u00f3n por lo que ha acontecido con el tema del Correo Argentino donde la posici\u00f3n ser\u00e1 que vengan a dar explicaciones y que se retrotraiga la situaci\u00f3n hasta que haya dict\u00e1menes imparciales y coherentes con este proceso complejo\u201d.<\/p>\n<p>Adem\u00e1s, seg\u00fan indic\u00f3 Selva, en este panorama hubo tiempo para tratar especialmente sobre el aspecto pol\u00edtico en referencia a las elecciones venideras. \u201cHicimos una mirada de la provincia y particularmente sobre nuestro municipio, sobre las legislativas de 2017 y las presidenciales de 2019\u201d, indic\u00f3 el legislador tras la reuni\u00f3n que se llev\u00f3 adelante el pasado jueves 9 en las oficinas del Frente Renovador en Tigre.<\/p>\n<p>Por \u00faltimo, se le pidi\u00f3 opini\u00f3n a Carlos Selva sobre lo relativo a las paritarias, que son motivo de discusi\u00f3n en la sociedad: \u201cEl mecanismo de cl\u00e1usula gatillo es algo interesante, pero el piso de negociaci\u00f3n no puede ser el 18 por ciento sino un poco m\u00e1s. Hay que demostrar que hay voluntad de recuperar el salario ca\u00eddo. El piso tiene que subir, y un mecanismo razonable es un acta de compromiso de actualizaci\u00f3n en base a inflaci\u00f3n. Pero a la mec\u00e1nica la comparto y no as\u00ed a los datos, ya que me parece que el gobierno debe plantear un valor m\u00e1s alto\u201d, expres\u00f3.<\/p>\n<p>&nbsp;<\/p>\n<p>Fuente: Prensa Carlos Selva<\/p>\n","protected":false},"excerpt":{"rendered":"<p>El diputado se reuni\u00f3 con el m\u00e1ximo referente del Frente Renovador. ART, migraciones, y la ley penal juvenil, as\u00ed como &#8230; <a title=\"Selva y Massa reunidos por los proyectos de ART, migraciones y la ley penal juvenil\" class=\"read-more\" href=\"https:\/\/www.hoymercedes.com.ar\/principal\/2017\/02\/14\/selva-y-massa-reunidos-por-los-proyectos-de-art-migraciones-y-la-ley-penal-juvenil\/\" aria-label=\"Leer m\u00e1s sobre Selva y Massa reunidos por los proyectos de ART, migraciones y la ley penal juvenil\">Leer m\u00e1s<\/a><\/p>\n","protected":false},"author":1,"featured_media":59819,"comment_status":"closed","ping_status":"open","sticky":false,"template":"","format":"standard","meta":{"_monsterinsights_skip_tracking":false,"_monsterinsights_sitenote_active":false,"_monsterinsights_sitenote_note":"","_monsterinsights_sitenote_category":0,"jetpack_post_was_ever_published":false,"_jetpack_newsletter_access":"","_jetpack_dont_email_post_to_subs":false,"_jetpack_newsletter_tier_id":0,"_jetpack_memberships_contains_paywalled_content":false,"_jetpack_memberships_contains_paid_content":false,"footnotes":"","jetpack_publicize_message":"","jetpack_publicize_feature_enabled":true,"jetpack_social_post_already_shared":true,"jetpack_social_options":{"image_generator_settings":{"template":"highway","default_image_id":0,"font":"","enabled":false},"version":2},"_wpas_customize_per_network":false},"categories":[5210],"tags":[39,7500,10113,2684],"class_list":["post-59817","post","type-post","status-publish","format-standard","has-post-thumbnail","hentry","category-politica-nacional","tag-carlos-selva","tag-diputado-nacional","tag-politica-nacional","tag-sergio-massa","generate-columns","tablet-grid-50","mobile-grid-100","grid-parent","grid-50"],"jetpack_publicize_connections":[],"jetpack_featured_media_url":"https:\/\/www.hoymercedes.com.ar\/principal\/wp-content\/uploads\/2017\/02\/14-selva-massa.jpg","wps_subtitle":"Diputados del Frente Renovador","jetpack_sharing_enabled":true,"_links":{"self":[{"href":"https:\/\/www.hoymercedes.com.ar\/principal\/wp-json\/wp\/v2\/posts\/59817","targetHints":{"allow":["GET"]}}],"collection":[{"href":"https:\/\/www.hoymercedes.com.ar\/principal\/wp-json\/wp\/v2\/posts"}],"about":[{"href":"https:\/\/www.hoymercedes.com.ar\/principal\/wp-json\/wp\/v2\/types\/post"}],"author":[{"embeddable":true,"href":"https:\/\/www.hoymercedes.com.ar\/principal\/wp-json\/wp\/v2\/users\/1"}],"replies":[{"embeddable":true,"href":"https:\/\/www.hoymercedes.com.ar\/principal\/wp-json\/wp\/v2\/comments?post=59817"}],"version-history":[{"count":0,"href":"https:\/\/www.hoymercedes.com.ar\/principal\/wp-json\/wp\/v2\/posts\/59817\/revisions"}],"wp:featuredmedia":[{"embeddable":true,"href":"https:\/\/www.hoymercedes.com.ar\/principal\/wp-json\/wp\/v2\/media\/59819"}],"wp:attachment":[{"href":"https:\/\/www.hoymercedes.com.ar\/principal\/wp-json\/wp\/v2\/media?parent=59817"}],"wp:term":[{"taxonomy":"category","embeddable":true,"href":"https:\/\/www.hoymercedes.com.ar\/principal\/wp-json\/wp\/v2\/categories?post=59817"},{"taxonomy":"post_tag","embeddable":true,"href":"https:\/\/www.hoymercedes.com.ar\/principal\/wp-json\/wp\/v2\/tags?post=59817"}],"curies":[{"name":"wp","href":"https:\/\/api.w.org\/{rel}","templated":true}]}}