{"id":59822,"date":"2017-02-14T23:30:39","date_gmt":"2017-02-15T02:30:39","guid":{"rendered":"http:\/\/www.hoymercedes.com.ar\/principal\/?p=59822"},"modified":"2017-02-15T08:52:50","modified_gmt":"2017-02-15T11:52:50","slug":"grave-accidente-en-el-tramo-nuevo-de-la-ruta-nacional-n5","status":"publish","type":"post","link":"https:\/\/www.hoymercedes.com.ar\/principal\/2017\/02\/14\/grave-accidente-en-el-tramo-nuevo-de-la-ruta-nacional-n5\/","title":{"rendered":"Grave accidente en el tramo nuevo de la Ruta Nacional N\u00b05"},"content":{"rendered":"<figure id=\"attachment_59823\" aria-describedby=\"caption-attachment-59823\" style=\"width: 620px\" class=\"wp-caption aligncenter\"><img loading=\"lazy\" decoding=\"async\" data-attachment-id=\"59823\" data-permalink=\"https:\/\/www.hoymercedes.com.ar\/principal\/2017\/02\/14\/grave-accidente-en-el-tramo-nuevo-de-la-ruta-nacional-n5\/accidente-ruta5-5\/#main\" data-orig-file=\"https:\/\/www.hoymercedes.com.ar\/principal\/wp-content\/uploads\/2017\/02\/accidente-ruta5.jpg\" data-orig-size=\"720,540\" data-comments-opened=\"0\" data-image-meta=\"{&quot;aperture&quot;:&quot;0&quot;,&quot;credit&quot;:&quot;&quot;,&quot;camera&quot;:&quot;&quot;,&quot;caption&quot;:&quot;&quot;,&quot;created_timestamp&quot;:&quot;0&quot;,&quot;copyright&quot;:&quot;&quot;,&quot;focal_length&quot;:&quot;0&quot;,&quot;iso&quot;:&quot;0&quot;,&quot;shutter_speed&quot;:&quot;0&quot;,&quot;title&quot;:&quot;&quot;,&quot;orientation&quot;:&quot;0&quot;}\" data-image-title=\"accidente-ruta5\" data-image-description=\"\" data-image-caption=\"&lt;p&gt;Foto: El Civismo&lt;\/p&gt;\n\" data-large-file=\"https:\/\/www.hoymercedes.com.ar\/principal\/wp-content\/uploads\/2017\/02\/accidente-ruta5.jpg\" class=\"size-medium wp-image-59823\" src=\"https:\/\/www.hoymercedes.com.ar\/principal\/wp-content\/uploads\/2017\/02\/accidente-ruta5-630x473.jpg\" alt=\"\" width=\"630\" height=\"473\" srcset=\"https:\/\/www.hoymercedes.com.ar\/principal\/wp-content\/uploads\/2017\/02\/accidente-ruta5-630x473.jpg 630w, https:\/\/www.hoymercedes.com.ar\/principal\/wp-content\/uploads\/2017\/02\/accidente-ruta5-150x113.jpg 150w, https:\/\/www.hoymercedes.com.ar\/principal\/wp-content\/uploads\/2017\/02\/accidente-ruta5.jpg 720w\" sizes=\"auto, (max-width: 630px) 100vw, 630px\" \/><figcaption id=\"caption-attachment-59823\" class=\"wp-caption-text\">Foto: El Civismo<\/figcaption><\/figure>\n<p>Una vez m\u00e1s la ruta nacional N\u00b05 se convirti\u00f3 en escenario de un accidente grave. Fue en el tramo recientemente inaugurado que seg\u00fan especifican desde Luj\u00e1n no tiene la correcta se\u00f1alizaci\u00f3n. Debi\u00f3 intervenir los bomberos y trasladar una mujer en estado grave. Fue en jurisdicci\u00f3n de la vecina ciudad, donde, tiempo atr\u00e1s, ya hab\u00eda habido un hecho similar. La semana pasada tambi\u00e9n hubo un accidente sobre la misma autov\u00eda, pero, en nuestra ciudad entre un veh\u00edculo y una moto.<\/p>\n<p>El acontecimiento grave sucedi\u00f3 alrededor de las 22.00hs del pasado martes. Seg\u00fan informa el medio lujanense <em>El Civismo<\/em> \u201cLa zona est\u00e1 sumamente oscura y muy mal se\u00f1alizada. No es el primer siniestro que se produce en dicho tramo, sobre todo cuando los autos superan el barrio Luna y se encaminan a la rotonda ubicada a la altura de Pascual Simone\u201d detallando el acontecimiento.<\/p>\n<p>Seg\u00fan afirm\u00f3 un testigo, una mujer se encuentra en grave estado y fue trasladada por Bomberos al Hospital Municipal.<\/p>\n<p>El mismo medio comenta cr\u00edticamente que la obra fue \u201cprematuramente inaugurada por el gobierno nacional con presencia de funcionarios, la gobernadora Vidal y el propio presidente Mauricio Macri\u201d dado que no tiene todas las medidas de seguridad que corresponden.<\/p>\n<p>La mujer ir\u00eda sola en el autom\u00f3vil y por el momento no se tienen en claridad las causas del brutal hecho.<\/p>\n","protected":false},"excerpt":{"rendered":"<p>Una vez m\u00e1s la ruta nacional N\u00b05 se convirti\u00f3 en escenario de un accidente grave. Fue en el tramo recientemente &#8230; <a title=\"Grave accidente en el tramo nuevo de la Ruta Nacional N\u00b05\" class=\"read-more\" href=\"https:\/\/www.hoymercedes.com.ar\/principal\/2017\/02\/14\/grave-accidente-en-el-tramo-nuevo-de-la-ruta-nacional-n5\/\" aria-label=\"Leer m\u00e1s sobre Grave accidente en el tramo nuevo de la Ruta Nacional N\u00b05\">Leer m\u00e1s<\/a><\/p>\n","protected":false},"author":1,"featured_media":59823,"comment_status":"closed","ping_status":"open","sticky":false,"template":"","format":"standard","meta":{"_monsterinsights_skip_tracking":false,"_monsterinsights_sitenote_active":false,"_monsterinsights_sitenote_note":"","_monsterinsights_sitenote_category":0,"jetpack_post_was_ever_published":false,"_jetpack_newsletter_access":"","_jetpack_dont_email_post_to_subs":true,"_jetpack_newsletter_tier_id":0,"_jetpack_memberships_contains_paywalled_content":false,"_jetpack_memberships_contains_paid_content":false,"footnotes":"","jetpack_publicize_message":"","jetpack_publicize_feature_enabled":true,"jetpack_social_post_already_shared":true,"jetpack_social_options":{"image_generator_settings":{"template":"highway","default_image_id":0,"font":"","enabled":false},"version":2},"_wpas_customize_per_network":false},"categories":[85],"tags":[647,96],"class_list":["post-59822","post","type-post","status-publish","format-standard","has-post-thumbnail","hentry","category-policial","tag-accidente-ruta-5","tag-policial-2","generate-columns","tablet-grid-50","mobile-grid-100","grid-parent","grid-50"],"jetpack_publicize_connections":[],"jetpack_featured_media_url":"https:\/\/www.hoymercedes.com.ar\/principal\/wp-content\/uploads\/2017\/02\/accidente-ruta5.jpg","wps_subtitle":"Altura Luj\u00e1n","jetpack_sharing_enabled":true,"_links":{"self":[{"href":"https:\/\/www.hoymercedes.com.ar\/principal\/wp-json\/wp\/v2\/posts\/59822","targetHints":{"allow":["GET"]}}],"collection":[{"href":"https:\/\/www.hoymercedes.com.ar\/principal\/wp-json\/wp\/v2\/posts"}],"about":[{"href":"https:\/\/www.hoymercedes.com.ar\/principal\/wp-json\/wp\/v2\/types\/post"}],"author":[{"embeddable":true,"href":"https:\/\/www.hoymercedes.com.ar\/principal\/wp-json\/wp\/v2\/users\/1"}],"replies":[{"embeddable":true,"href":"https:\/\/www.hoymercedes.com.ar\/principal\/wp-json\/wp\/v2\/comments?post=59822"}],"version-history":[{"count":0,"href":"https:\/\/www.hoymercedes.com.ar\/principal\/wp-json\/wp\/v2\/posts\/59822\/revisions"}],"wp:featuredmedia":[{"embeddable":true,"href":"https:\/\/www.hoymercedes.com.ar\/principal\/wp-json\/wp\/v2\/media\/59823"}],"wp:attachment":[{"href":"https:\/\/www.hoymercedes.com.ar\/principal\/wp-json\/wp\/v2\/media?parent=59822"}],"wp:term":[{"taxonomy":"category","embeddable":true,"href":"https:\/\/www.hoymercedes.com.ar\/principal\/wp-json\/wp\/v2\/categories?post=59822"},{"taxonomy":"post_tag","embeddable":true,"href":"https:\/\/www.hoymercedes.com.ar\/principal\/wp-json\/wp\/v2\/tags?post=59822"}],"curies":[{"name":"wp","href":"https:\/\/api.w.org\/{rel}","templated":true}]}}