{"id":5985,"date":"2011-08-02T02:13:30","date_gmt":"2011-08-02T02:13:30","guid":{"rendered":"http:\/\/www.hoymercedes.com.ar\/principal\/?p=5985"},"modified":"2011-08-02T02:13:30","modified_gmt":"2011-08-02T02:13:30","slug":"scioli-recorre-este-martes-el-sector-industrial-planificado-y-el-barrio-obrero","status":"publish","type":"post","link":"https:\/\/www.hoymercedes.com.ar\/principal\/2011\/08\/02\/scioli-recorre-este-martes-el-sector-industrial-planificado-y-el-barrio-obrero\/","title":{"rendered":"Scioli recorre este martes el Sector Industrial Planificado  y el Barrio Obrero"},"content":{"rendered":"<p>Una vez m\u00e1s se har\u00e1 presente este martes en nuestra ciudad el actual mandatario bonaerense en su car\u00e1cter de precandidato a Gobernador en la primaria del 14 de agosto, qui\u00e9n acompa\u00f1ado por el precandidato en el orden local Carlos Selva van a recorrer el Parque Industrial, el realidad el Sector Industrial Planificado visitando dos empresas que de radicaron en los \u00faltimos tiempo s y posteriormente cumplir\u00e1n con una visita al barrio Obrero donde si bien no se realizar\u00e1 ning\u00fan tipo de inauguraci\u00f3n, si se le mostrar\u00e1 a Scioli los trabajos que en el mismo se est\u00e1n llevando a cabo.<\/p>\n<p>El mandatario mercedino sostuvo \u201cestimo que Scioli estar\u00e1 en Mercedes alrededor de las 10.00 aunque ya sabemos todos que est\u00e1 viviendo un tiempo de corridas y apuros por lo cual en definitiva un horario concreto no se los puedo dar pero ese es el estimado.<\/p>\n<p>En primer t\u00e9rmino estaremos recorriendo junto el Sector Industrial Planificado, especialmente dos empresas que se han radicado en nuestra ciudad que tienen una importancia geopol\u00edtica que muy pocos conocen y es por eso que se las queremos mostrar t tambi\u00e9n la visita a un barrio en el que estamos brindando una verdadera respuesta social.<\/p>\n<p>No vamos a inaugurar nada pero si estaremos recorriendo el Barrio Obrero, el barrio que construyera el general Juan Domingo Per\u00f3n en el que nosotros estamos llevando a cabo una obra verdaderamente importante.<\/p>\n<p>De cualquier manera quiero volver a resaltar que la visita de Daniel Scioli se encuentra enmarcada en lo que es su acto de campa\u00f1a por su reelecci\u00f3n y qui\u00e9n lo acompa\u00f1ar\u00e1 en la recorrida ser\u00e1 tambi\u00e9n el candidato a Intendente que tambi\u00e9n busca su nueva reelecci\u00f3n\u201d<\/p>\n<p>La aclaraci\u00f3n formulada por Carlos Selva tiene que ver con la Ley que proh\u00edbe la concreci\u00f3n cualquier de acto publico institucional parta que el mismo no pueda ser utilizado como propaganda partiditas pensando en las primarias del 14 de agosto pr\u00f3ximo.<\/p>\n","protected":false},"excerpt":{"rendered":"<p>Una vez m\u00e1s se har\u00e1 presente este martes en nuestra ciudad el actual mandatario bonaerense en su car\u00e1cter de precandidato &#8230; <a title=\"Scioli recorre este martes el Sector Industrial Planificado  y el Barrio Obrero\" class=\"read-more\" href=\"https:\/\/www.hoymercedes.com.ar\/principal\/2011\/08\/02\/scioli-recorre-este-martes-el-sector-industrial-planificado-y-el-barrio-obrero\/\" aria-label=\"Leer m\u00e1s sobre Scioli recorre este martes el Sector Industrial Planificado  y el Barrio Obrero\">Leer m\u00e1s<\/a><\/p>\n","protected":false},"author":1,"featured_media":0,"comment_status":"open","ping_status":"open","sticky":false,"template":"","format":"standard","meta":{"_monsterinsights_skip_tracking":false,"_monsterinsights_sitenote_active":false,"_monsterinsights_sitenote_note":"","_monsterinsights_sitenote_category":0,"jetpack_post_was_ever_published":false,"_jetpack_newsletter_access":"","_jetpack_dont_email_post_to_subs":false,"_jetpack_newsletter_tier_id":0,"_jetpack_memberships_contains_paywalled_content":false,"_jetpack_memberships_contains_paid_content":false,"footnotes":"","jetpack_publicize_message":"","jetpack_publicize_feature_enabled":true,"jetpack_social_post_already_shared":false,"jetpack_social_options":{"image_generator_settings":{"template":"highway","default_image_id":0,"font":"","enabled":false},"version":2},"_wpas_customize_per_network":false},"categories":[5],"tags":[1104,435,721,1103,18],"class_list":["post-5985","post","type-post","status-publish","format-standard","hentry","category-politica","tag-barrio-obrero","tag-parque-industrial-mercedes","tag-scioli","tag-scioli-en-mercedes","tag-selva","generate-columns","tablet-grid-50","mobile-grid-100","grid-parent","grid-50"],"jetpack_publicize_connections":[],"jetpack_featured_media_url":"","wps_subtitle":"","jetpack_sharing_enabled":true,"_links":{"self":[{"href":"https:\/\/www.hoymercedes.com.ar\/principal\/wp-json\/wp\/v2\/posts\/5985","targetHints":{"allow":["GET"]}}],"collection":[{"href":"https:\/\/www.hoymercedes.com.ar\/principal\/wp-json\/wp\/v2\/posts"}],"about":[{"href":"https:\/\/www.hoymercedes.com.ar\/principal\/wp-json\/wp\/v2\/types\/post"}],"author":[{"embeddable":true,"href":"https:\/\/www.hoymercedes.com.ar\/principal\/wp-json\/wp\/v2\/users\/1"}],"replies":[{"embeddable":true,"href":"https:\/\/www.hoymercedes.com.ar\/principal\/wp-json\/wp\/v2\/comments?post=5985"}],"version-history":[{"count":0,"href":"https:\/\/www.hoymercedes.com.ar\/principal\/wp-json\/wp\/v2\/posts\/5985\/revisions"}],"wp:attachment":[{"href":"https:\/\/www.hoymercedes.com.ar\/principal\/wp-json\/wp\/v2\/media?parent=5985"}],"wp:term":[{"taxonomy":"category","embeddable":true,"href":"https:\/\/www.hoymercedes.com.ar\/principal\/wp-json\/wp\/v2\/categories?post=5985"},{"taxonomy":"post_tag","embeddable":true,"href":"https:\/\/www.hoymercedes.com.ar\/principal\/wp-json\/wp\/v2\/tags?post=5985"}],"curies":[{"name":"wp","href":"https:\/\/api.w.org\/{rel}","templated":true}]}}