{"id":59857,"date":"2017-02-16T18:22:05","date_gmt":"2017-02-16T21:22:05","guid":{"rendered":"http:\/\/www.hoymercedes.com.ar\/principal\/?p=59857"},"modified":"2017-02-16T08:09:44","modified_gmt":"2017-02-16T11:09:44","slug":"julio-torres-perder-en-los-ultimos-minutos-es-triste","status":"publish","type":"post","link":"https:\/\/www.hoymercedes.com.ar\/principal\/2017\/02\/16\/julio-torres-perder-en-los-ultimos-minutos-es-triste\/","title":{"rendered":"Julio Torres: \u00abPerder en los \u00faltimos minutos es triste\u00bb"},"content":{"rendered":"<p><strong><em>El entrenador de Comunicaciones, Julio Torres, dialog\u00f3 con el programa El Pulso, que se emite de lunes a viernes de 10 a 12 por FM La Tribuna, y dijo que \u00abperder en los \u00faltimos minutos es triste, pero hay que seguir pensando en estar ah\u00ed arriba y sumar la mayor cantidad de puntos para estar en lo m\u00e1s alto de la tabla\u00bb, luego de la derrota de su equipos por 2 a 1 ante Rivadavia de San Antonio de Areco en cancha de la Liga.<\/em><\/strong><\/p>\n<p><img loading=\"lazy\" decoding=\"async\" data-attachment-id=\"59858\" data-permalink=\"https:\/\/www.hoymercedes.com.ar\/principal\/2017\/02\/16\/julio-torres-perder-en-los-ultimos-minutos-es-triste\/dscn9266\/#main\" data-orig-file=\"https:\/\/www.hoymercedes.com.ar\/principal\/wp-content\/uploads\/2017\/02\/DSCN9266.jpg\" data-orig-size=\"650,487\" data-comments-opened=\"0\" data-image-meta=\"{&quot;aperture&quot;:&quot;4&quot;,&quot;credit&quot;:&quot;&quot;,&quot;camera&quot;:&quot;COOLPIX L310&quot;,&quot;caption&quot;:&quot;&quot;,&quot;created_timestamp&quot;:&quot;1486838105&quot;,&quot;copyright&quot;:&quot;&quot;,&quot;focal_length&quot;:&quot;12.6&quot;,&quot;iso&quot;:&quot;400&quot;,&quot;shutter_speed&quot;:&quot;0.005&quot;,&quot;title&quot;:&quot;&quot;,&quot;orientation&quot;:&quot;1&quot;}\" data-image-title=\"DSCN9266\" data-image-description=\"\" data-image-caption=\"\" data-large-file=\"https:\/\/www.hoymercedes.com.ar\/principal\/wp-content\/uploads\/2017\/02\/DSCN9266.jpg\" class=\"aligncenter size-medium wp-image-59858\" src=\"https:\/\/www.hoymercedes.com.ar\/principal\/wp-content\/uploads\/2017\/02\/DSCN9266-630x472.jpg\" alt=\"\" width=\"630\" height=\"472\" srcset=\"https:\/\/www.hoymercedes.com.ar\/principal\/wp-content\/uploads\/2017\/02\/DSCN9266-630x472.jpg 630w, https:\/\/www.hoymercedes.com.ar\/principal\/wp-content\/uploads\/2017\/02\/DSCN9266-150x112.jpg 150w, https:\/\/www.hoymercedes.com.ar\/principal\/wp-content\/uploads\/2017\/02\/DSCN9266.jpg 650w\" sizes=\"auto, (max-width: 630px) 100vw, 630px\" \/><\/p>\n<p>Tambi\u00e9n habl\u00f3 del arbitraje del encuentro y dijo que \u00aba mi criterio, no juzg\u00f3 con la misma vara para los dos equipos, a ellos los favoreci\u00f3 mucho, nos echa a Germ\u00e1n Lucero en una jugada normal y un jugador de ellos peg\u00f3 de atr\u00e1s y no sac\u00f3 tarjeta. Me sent\u00ed molesto con algunas actitudes del \u00e1rbitro hacia mi persona porque en forma ir\u00f3nica me dec\u00eda que me dedique a jugar al f\u00fatbol y yo en ning\u00fan momento le protest\u00e9 al \u00e1rbitro, salvo en dos veces que vi malas intenciones. Cuando lo fui a saludar y le dije que ten\u00eda que dirigir igual para los dos equipos, con iron\u00eda me dijo \u00b4lo que pasa es que hay gente de mis pagos y yo la cuido\u00b4, y eso me molest\u00f3\u00bb.<\/p>\n<p>Analizando el partido, destac\u00f3 que \u00abRivadavia se plant\u00f3 a defenderse y nosotros yendo a buscar los tres puntos de local, lo perdimos. Comunicaciones siempre estuvo dispuesto a ganar el partido y por un error nuestro nos terminan ganando 2 a 1. Al arquero hay que destacarle la actuaci\u00f3n, ataj\u00f3 muy bien. Pens\u00e1bamos ganarlo en el primer tiempo y no se dio. En el segundo buscamos los espacios, se cerraron atr\u00e1s y nos cost\u00f3\u00bb.<\/p>\n<p>Tambi\u00e9n coment\u00f3 la situaci\u00f3n del penal que sufri\u00f3 su equipo: \u00abLa de Bartolomeo fue una jugada r\u00e1pida. El diez de Rivadavia juega muy bien, el cinco le pone una pelota cruzada que le gana la espalda a los centrales, Bartolomeo lo quiere cerrar y le engancha el pie. Un minuto antes nosotros est\u00e1bamos pidiendo el cambio por \u00e9l, pero la pelota no sal\u00eda y termin\u00f3 en esa jugada\u00bb.<\/p>\n<p>Pensando en el partido del domingo ante Defensores de Estrada (a las 17 y por FM La Tribuna, sin p\u00fablico visitante, en cancha de Central Buenos Aires de Z\u00e1rate), se\u00f1al\u00f3: \u00abVeremos como plantearemos el equipo, ya no tenemos a Lucero y Bartolomeo y tampoco a \u00c1ngel Calder\u00f3n por dos partidos y es un jugador muy importante para nosotros. Vamos a esperarlo de la mejor manera, tengo mucha confianza en los jugadores que tengo.\u00a0Por m\u00e1s que sea el \u00faltimo, van a querer revertir la imagen y van a querer sumar. Va a ser un partido dif\u00edcil Defensores, esperemos poder sacar los tres puntos porque luego viene Ferroviarios que ser\u00e1 un rival complicado\u00bb.<\/p>\n<p>&nbsp;<\/p>\n","protected":false},"excerpt":{"rendered":"<p>El entrenador de Comunicaciones, Julio Torres, dialog\u00f3 con el programa El Pulso, que se emite de lunes a viernes de &#8230; <a title=\"Julio Torres: \u00abPerder en los \u00faltimos minutos es triste\u00bb\" class=\"read-more\" href=\"https:\/\/www.hoymercedes.com.ar\/principal\/2017\/02\/16\/julio-torres-perder-en-los-ultimos-minutos-es-triste\/\" aria-label=\"Leer m\u00e1s sobre Julio Torres: \u00abPerder en los \u00faltimos minutos es triste\u00bb\">Leer m\u00e1s<\/a><\/p>\n","protected":false},"author":1,"featured_media":59858,"comment_status":"closed","ping_status":"open","sticky":false,"template":"","format":"standard","meta":{"_monsterinsights_skip_tracking":false,"_monsterinsights_sitenote_active":false,"_monsterinsights_sitenote_note":"","_monsterinsights_sitenote_category":0,"jetpack_post_was_ever_published":false,"_jetpack_newsletter_access":"","_jetpack_dont_email_post_to_subs":false,"_jetpack_newsletter_tier_id":0,"_jetpack_memberships_contains_paywalled_content":false,"_jetpack_memberships_contains_paid_content":false,"footnotes":"","jetpack_publicize_message":"","jetpack_publicize_feature_enabled":true,"jetpack_social_post_already_shared":true,"jetpack_social_options":{"image_generator_settings":{"template":"highway","default_image_id":0,"font":"","enabled":false},"version":2},"_wpas_customize_per_network":false},"categories":[21],"tags":[204,8426,1003,9799],"class_list":["post-59857","post","type-post","status-publish","format-standard","has-post-thumbnail","hentry","category-deportes","tag-deportes-2","tag-federacion-norte","tag-futbol","tag-julio-torres","generate-columns","tablet-grid-50","mobile-grid-100","grid-parent","grid-50"],"jetpack_publicize_connections":[],"jetpack_featured_media_url":"https:\/\/www.hoymercedes.com.ar\/principal\/wp-content\/uploads\/2017\/02\/DSCN9266.jpg","wps_subtitle":"Federaci\u00f3n Norte","jetpack_sharing_enabled":true,"_links":{"self":[{"href":"https:\/\/www.hoymercedes.com.ar\/principal\/wp-json\/wp\/v2\/posts\/59857","targetHints":{"allow":["GET"]}}],"collection":[{"href":"https:\/\/www.hoymercedes.com.ar\/principal\/wp-json\/wp\/v2\/posts"}],"about":[{"href":"https:\/\/www.hoymercedes.com.ar\/principal\/wp-json\/wp\/v2\/types\/post"}],"author":[{"embeddable":true,"href":"https:\/\/www.hoymercedes.com.ar\/principal\/wp-json\/wp\/v2\/users\/1"}],"replies":[{"embeddable":true,"href":"https:\/\/www.hoymercedes.com.ar\/principal\/wp-json\/wp\/v2\/comments?post=59857"}],"version-history":[{"count":0,"href":"https:\/\/www.hoymercedes.com.ar\/principal\/wp-json\/wp\/v2\/posts\/59857\/revisions"}],"wp:featuredmedia":[{"embeddable":true,"href":"https:\/\/www.hoymercedes.com.ar\/principal\/wp-json\/wp\/v2\/media\/59858"}],"wp:attachment":[{"href":"https:\/\/www.hoymercedes.com.ar\/principal\/wp-json\/wp\/v2\/media?parent=59857"}],"wp:term":[{"taxonomy":"category","embeddable":true,"href":"https:\/\/www.hoymercedes.com.ar\/principal\/wp-json\/wp\/v2\/categories?post=59857"},{"taxonomy":"post_tag","embeddable":true,"href":"https:\/\/www.hoymercedes.com.ar\/principal\/wp-json\/wp\/v2\/tags?post=59857"}],"curies":[{"name":"wp","href":"https:\/\/api.w.org\/{rel}","templated":true}]}}