{"id":59881,"date":"2017-02-16T16:33:07","date_gmt":"2017-02-16T19:33:07","guid":{"rendered":"http:\/\/www.hoymercedes.com.ar\/principal\/?p=59881"},"modified":"2017-02-16T16:33:07","modified_gmt":"2017-02-16T19:33:07","slug":"hombre-hiere-con-una-bala-a-su-sobrino-de-12-anos","status":"publish","type":"post","link":"https:\/\/www.hoymercedes.com.ar\/principal\/2017\/02\/16\/hombre-hiere-con-una-bala-a-su-sobrino-de-12-anos\/","title":{"rendered":"Hombre hiere con una bala a su sobrino de 12 a\u00f1os"},"content":{"rendered":"<p>Una grav\u00edsima situaci\u00f3n familiar se vivi\u00f3 durante la noche del pasado mi\u00e9rcoles cuando un nene de 12 a\u00f1os de edad fue por parte de su t\u00edo herido con un arma de fuego. La criatura se encuentra internada en el Hospital Dubarry en estado cr\u00edtico. La Polic\u00eda Comunal tras un operativo cerrojo logr\u00f3 detener al imputado. El hecho tom\u00f3 por sorpresa a la barriada y a una familia que jam\u00e1s imagin\u00f3 vivir una situaci\u00f3n as\u00ed.<\/p>\n<p>El imputado est\u00e1 tras las rejas y fue trasladado a la vecina localidad de Suipacha quedando a disposici\u00f3n de la UFI Interviniente.<br \/>\nEl acontecimiento se di\u00f3 cuando un mayor, de 55 a\u00f1os de edad, por motivos que son parte de la investigaci\u00f3n, termin\u00f3 propin\u00e1ndole una herida de bala a un menor de tan s\u00f3lo 12 a\u00f1os de edad, sucediendo en el barrio Unidad y Progreso\u00a0de nuestra localidad, en calle 22 entre 57 y 59.<br \/>\nTras el acontecimiento los vecinos dieron alerta a las fuerzas de seguridad, mientras el mayor que gener\u00f3 la herida de profunda gravedad en el ni\u00f1o traslad\u00f3 al joven al nosocomio local para que reciba atenciones m\u00e9dicas para luego darse a la fuga en un autom\u00f3vil Fort Escort azul y gris siendo finalmente detenido por la Polic\u00eda Comunal que lo estaba intensamente buscando cerca de un frigor\u00edfico camino al cementerio.<br \/>\nEl d\u00eda viernes tendr\u00e1 su primera audiencia indagatoria, pero, ya est\u00e1 todo el procedimiento bajo la UFI N\u00b06 del Departamento Judicial Mercedes a cargo del Dr. Guillermo Massaroni. El acontecimiento fue caratulado como \u201cAprehensi\u00f3n por homicidio agravado en grado de tentativa.\u201d<br \/>\nEl hecho que se circunscribe en un acontecimiento familiar inesperado gener\u00f3 un profundo dolor y preocupaci\u00f3n en toda la comunidad. La justicia contin\u00faa investigando los detalles sobre lo sucedido.<\/p>\n","protected":false},"excerpt":{"rendered":"<p>Una grav\u00edsima situaci\u00f3n familiar se vivi\u00f3 durante la noche del pasado mi\u00e9rcoles cuando un nene de 12 a\u00f1os de edad &#8230; <a title=\"Hombre hiere con una bala a su sobrino de 12 a\u00f1os\" class=\"read-more\" href=\"https:\/\/www.hoymercedes.com.ar\/principal\/2017\/02\/16\/hombre-hiere-con-una-bala-a-su-sobrino-de-12-anos\/\" aria-label=\"Leer m\u00e1s sobre Hombre hiere con una bala a su sobrino de 12 a\u00f1os\">Leer m\u00e1s<\/a><\/p>\n","protected":false},"author":1,"featured_media":41413,"comment_status":"closed","ping_status":"open","sticky":false,"template":"","format":"standard","meta":{"_monsterinsights_skip_tracking":false,"_monsterinsights_sitenote_active":false,"_monsterinsights_sitenote_note":"","_monsterinsights_sitenote_category":0,"jetpack_post_was_ever_published":false,"_jetpack_newsletter_access":"","_jetpack_dont_email_post_to_subs":false,"_jetpack_newsletter_tier_id":0,"_jetpack_memberships_contains_paywalled_content":false,"_jetpack_memberships_contains_paid_content":false,"footnotes":"","jetpack_publicize_message":"","jetpack_publicize_feature_enabled":true,"jetpack_social_post_already_shared":true,"jetpack_social_options":{"image_generator_settings":{"template":"highway","default_image_id":0,"font":"","enabled":false},"version":2},"_wpas_customize_per_network":false},"categories":[85],"tags":[333,10606,8437,10605,126],"class_list":["post-59881","post","type-post","status-publish","format-standard","has-post-thumbnail","hentry","category-policial","tag-esteban-rossi","tag-josefina-kellu","tag-josefina-kelly","tag-nene-herido-de-bala","tag-policia-mercedes","generate-columns","tablet-grid-50","mobile-grid-100","grid-parent","grid-50"],"jetpack_publicize_connections":[],"jetpack_featured_media_url":"https:\/\/www.hoymercedes.com.ar\/principal\/wp-content\/uploads\/2015\/05\/bonaerense-policia.jpg","wps_subtitle":"Drama familiar ","jetpack_sharing_enabled":true,"_links":{"self":[{"href":"https:\/\/www.hoymercedes.com.ar\/principal\/wp-json\/wp\/v2\/posts\/59881","targetHints":{"allow":["GET"]}}],"collection":[{"href":"https:\/\/www.hoymercedes.com.ar\/principal\/wp-json\/wp\/v2\/posts"}],"about":[{"href":"https:\/\/www.hoymercedes.com.ar\/principal\/wp-json\/wp\/v2\/types\/post"}],"author":[{"embeddable":true,"href":"https:\/\/www.hoymercedes.com.ar\/principal\/wp-json\/wp\/v2\/users\/1"}],"replies":[{"embeddable":true,"href":"https:\/\/www.hoymercedes.com.ar\/principal\/wp-json\/wp\/v2\/comments?post=59881"}],"version-history":[{"count":0,"href":"https:\/\/www.hoymercedes.com.ar\/principal\/wp-json\/wp\/v2\/posts\/59881\/revisions"}],"wp:featuredmedia":[{"embeddable":true,"href":"https:\/\/www.hoymercedes.com.ar\/principal\/wp-json\/wp\/v2\/media\/41413"}],"wp:attachment":[{"href":"https:\/\/www.hoymercedes.com.ar\/principal\/wp-json\/wp\/v2\/media?parent=59881"}],"wp:term":[{"taxonomy":"category","embeddable":true,"href":"https:\/\/www.hoymercedes.com.ar\/principal\/wp-json\/wp\/v2\/categories?post=59881"},{"taxonomy":"post_tag","embeddable":true,"href":"https:\/\/www.hoymercedes.com.ar\/principal\/wp-json\/wp\/v2\/tags?post=59881"}],"curies":[{"name":"wp","href":"https:\/\/api.w.org\/{rel}","templated":true}]}}