{"id":5989,"date":"2011-08-02T11:11:07","date_gmt":"2011-08-02T11:11:07","guid":{"rendered":"http:\/\/www.hoymercedes.com.ar\/principal\/?p=5989"},"modified":"2011-08-02T11:55:59","modified_gmt":"2011-08-02T11:55:59","slug":"ultimo-momento-se-suspendio-la-visita-de-scioli-y-manda-helicoptero","status":"publish","type":"post","link":"https:\/\/www.hoymercedes.com.ar\/principal\/2011\/08\/02\/ultimo-momento-se-suspendio-la-visita-de-scioli-y-manda-helicoptero\/","title":{"rendered":"Se suspendi\u00f3 la visita de Scioli y manda helic\u00f3ptero por Selva"},"content":{"rendered":"<p>A primera hora de la ma\u00f1ana se conoci\u00f3 la \u00a0noticia de que por problemas de agenda el gobernador Daniel Scioli no visitar\u00e1 en el d\u00eda de la fecha nuestra ciudad.<\/p>\n<p>Si bien no estar\u00e1 recorriendo nuestra ciudad el gobernador env\u00eda un helic\u00f3ptero oficial para buscar al Sr intendente Carlos Selva y a representantes del empresariado interesados en el parque industrial.<\/p>\n<p>De esta manera si bien el gobernador Scioli no arriba muestra su inter\u00e9s por realizar la reuni\u00f3n enviando nada m\u00e1s y nada menos que un helic\u00f3ptero por el intendente local.<\/p>\n","protected":false},"excerpt":{"rendered":"<p>A primera hora de la ma\u00f1ana se conoci\u00f3 la \u00a0noticia de que por problemas de agenda el gobernador Daniel Scioli &#8230; <a title=\"Se suspendi\u00f3 la visita de Scioli y manda helic\u00f3ptero por Selva\" class=\"read-more\" href=\"https:\/\/www.hoymercedes.com.ar\/principal\/2011\/08\/02\/ultimo-momento-se-suspendio-la-visita-de-scioli-y-manda-helicoptero\/\" aria-label=\"Leer m\u00e1s sobre Se suspendi\u00f3 la visita de Scioli y manda helic\u00f3ptero por Selva\">Leer m\u00e1s<\/a><\/p>\n","protected":false},"author":1,"featured_media":0,"comment_status":"open","ping_status":"open","sticky":false,"template":"","format":"standard","meta":{"_monsterinsights_skip_tracking":false,"_monsterinsights_sitenote_active":false,"_monsterinsights_sitenote_note":"","_monsterinsights_sitenote_category":0,"jetpack_post_was_ever_published":false,"_jetpack_newsletter_access":"","_jetpack_dont_email_post_to_subs":false,"_jetpack_newsletter_tier_id":0,"_jetpack_memberships_contains_paywalled_content":false,"_jetpack_memberships_contains_paid_content":false,"footnotes":"","jetpack_publicize_message":"","jetpack_publicize_feature_enabled":true,"jetpack_social_post_already_shared":false,"jetpack_social_options":{"image_generator_settings":{"template":"highway","default_image_id":0,"font":"","enabled":false},"version":2},"_wpas_customize_per_network":false},"categories":[5],"tags":[721,18],"class_list":["post-5989","post","type-post","status-publish","format-standard","hentry","category-politica","tag-scioli","tag-selva","generate-columns","tablet-grid-50","mobile-grid-100","grid-parent","grid-50"],"jetpack_publicize_connections":[],"jetpack_featured_media_url":"","wps_subtitle":"","jetpack_sharing_enabled":true,"_links":{"self":[{"href":"https:\/\/www.hoymercedes.com.ar\/principal\/wp-json\/wp\/v2\/posts\/5989","targetHints":{"allow":["GET"]}}],"collection":[{"href":"https:\/\/www.hoymercedes.com.ar\/principal\/wp-json\/wp\/v2\/posts"}],"about":[{"href":"https:\/\/www.hoymercedes.com.ar\/principal\/wp-json\/wp\/v2\/types\/post"}],"author":[{"embeddable":true,"href":"https:\/\/www.hoymercedes.com.ar\/principal\/wp-json\/wp\/v2\/users\/1"}],"replies":[{"embeddable":true,"href":"https:\/\/www.hoymercedes.com.ar\/principal\/wp-json\/wp\/v2\/comments?post=5989"}],"version-history":[{"count":0,"href":"https:\/\/www.hoymercedes.com.ar\/principal\/wp-json\/wp\/v2\/posts\/5989\/revisions"}],"wp:attachment":[{"href":"https:\/\/www.hoymercedes.com.ar\/principal\/wp-json\/wp\/v2\/media?parent=5989"}],"wp:term":[{"taxonomy":"category","embeddable":true,"href":"https:\/\/www.hoymercedes.com.ar\/principal\/wp-json\/wp\/v2\/categories?post=5989"},{"taxonomy":"post_tag","embeddable":true,"href":"https:\/\/www.hoymercedes.com.ar\/principal\/wp-json\/wp\/v2\/tags?post=5989"}],"curies":[{"name":"wp","href":"https:\/\/api.w.org\/{rel}","templated":true}]}}