{"id":59906,"date":"2017-02-17T15:41:08","date_gmt":"2017-02-17T18:41:08","guid":{"rendered":"http:\/\/www.hoymercedes.com.ar\/principal\/?p=59906"},"modified":"2017-02-17T15:41:08","modified_gmt":"2017-02-17T18:41:08","slug":"solidaridad-con-el-nino-herido-de-bala-que-esta-internado-en-la-plata","status":"publish","type":"post","link":"https:\/\/www.hoymercedes.com.ar\/principal\/2017\/02\/17\/solidaridad-con-el-nino-herido-de-bala-que-esta-internado-en-la-plata\/","title":{"rendered":"Solidaridad con el ni\u00f1o herido de bala que est\u00e1 internado en La Plata"},"content":{"rendered":"<p>El menor que fue herido de bala por su t\u00edo est\u00e1\u00a0internado en estado de gravedad en el Hospital de Ni\u00f1os de La Plata. Es por esto, que la direcci\u00f3n del nivel primario de la Escuela Normal hizo un llamado solidario a toda la comunidad para colaborar con su familia. El peque\u00f1o, es alumno de la instituci\u00f3n, y su familia\u00a0cuenta con escasos recursos para afrontar la situaci\u00f3n. Para quienes puedan colaborar, se encuentra disponible una alcanc\u00eda en la direcci\u00f3n del nivel primario de la Escuela de Avenida 29, entre 36 y 38.<\/p>\n","protected":false},"excerpt":{"rendered":"<p>El menor que fue herido de bala por su t\u00edo est\u00e1\u00a0internado en estado de gravedad en el Hospital de Ni\u00f1os &#8230; <a title=\"Solidaridad con el ni\u00f1o herido de bala que est\u00e1 internado en La Plata\" class=\"read-more\" href=\"https:\/\/www.hoymercedes.com.ar\/principal\/2017\/02\/17\/solidaridad-con-el-nino-herido-de-bala-que-esta-internado-en-la-plata\/\" aria-label=\"Leer m\u00e1s sobre Solidaridad con el ni\u00f1o herido de bala que est\u00e1 internado en La Plata\">Leer m\u00e1s<\/a><\/p>\n","protected":false},"author":1,"featured_media":0,"comment_status":"closed","ping_status":"open","sticky":false,"template":"","format":"standard","meta":{"_monsterinsights_skip_tracking":false,"_monsterinsights_sitenote_active":false,"_monsterinsights_sitenote_note":"","_monsterinsights_sitenote_category":0,"jetpack_post_was_ever_published":false,"_jetpack_newsletter_access":"","_jetpack_dont_email_post_to_subs":false,"_jetpack_newsletter_tier_id":0,"_jetpack_memberships_contains_paywalled_content":false,"_jetpack_memberships_contains_paid_content":false,"footnotes":"","jetpack_publicize_message":"","jetpack_publicize_feature_enabled":true,"jetpack_social_post_already_shared":true,"jetpack_social_options":{"image_generator_settings":{"template":"highway","default_image_id":0,"font":"","enabled":false},"version":2},"_wpas_customize_per_network":false},"categories":[11],"tags":[10608,96,3361],"class_list":["post-59906","post","type-post","status-publish","format-standard","hentry","category-ciudad","tag-menor-herdio-de-bala","tag-policial-2","tag-solidaridad","generate-columns","tablet-grid-50","mobile-grid-100","grid-parent","grid-50"],"jetpack_publicize_connections":[],"jetpack_featured_media_url":"","wps_subtitle":"","jetpack_sharing_enabled":true,"_links":{"self":[{"href":"https:\/\/www.hoymercedes.com.ar\/principal\/wp-json\/wp\/v2\/posts\/59906","targetHints":{"allow":["GET"]}}],"collection":[{"href":"https:\/\/www.hoymercedes.com.ar\/principal\/wp-json\/wp\/v2\/posts"}],"about":[{"href":"https:\/\/www.hoymercedes.com.ar\/principal\/wp-json\/wp\/v2\/types\/post"}],"author":[{"embeddable":true,"href":"https:\/\/www.hoymercedes.com.ar\/principal\/wp-json\/wp\/v2\/users\/1"}],"replies":[{"embeddable":true,"href":"https:\/\/www.hoymercedes.com.ar\/principal\/wp-json\/wp\/v2\/comments?post=59906"}],"version-history":[{"count":0,"href":"https:\/\/www.hoymercedes.com.ar\/principal\/wp-json\/wp\/v2\/posts\/59906\/revisions"}],"wp:attachment":[{"href":"https:\/\/www.hoymercedes.com.ar\/principal\/wp-json\/wp\/v2\/media?parent=59906"}],"wp:term":[{"taxonomy":"category","embeddable":true,"href":"https:\/\/www.hoymercedes.com.ar\/principal\/wp-json\/wp\/v2\/categories?post=59906"},{"taxonomy":"post_tag","embeddable":true,"href":"https:\/\/www.hoymercedes.com.ar\/principal\/wp-json\/wp\/v2\/tags?post=59906"}],"curies":[{"name":"wp","href":"https:\/\/api.w.org\/{rel}","templated":true}]}}