{"id":59913,"date":"2017-02-18T10:01:29","date_gmt":"2017-02-18T13:01:29","guid":{"rendered":"http:\/\/www.hoymercedes.com.ar\/principal\/?p=59913"},"modified":"2017-02-18T11:28:13","modified_gmt":"2017-02-18T14:28:13","slug":"terminaron-los-talleres-en-la-unidad-5","status":"publish","type":"post","link":"https:\/\/www.hoymercedes.com.ar\/principal\/2017\/02\/18\/terminaron-los-talleres-en-la-unidad-5\/","title":{"rendered":"Terminaron los talleres de mandala en la Unidad 5"},"content":{"rendered":"<p>En las \u00faltimas semanas, las internas de la Unidad Penitenciaria N\u00ba 5 llevaron adelante un taller para realizar mandalas en lana e hilos que ser\u00e1n parte de la decoraci\u00f3n de la avenida 29 durante los carnavales mercedinos.<\/p>\n<p><img loading=\"lazy\" decoding=\"async\" data-attachment-id=\"59914\" data-permalink=\"https:\/\/www.hoymercedes.com.ar\/principal\/2017\/02\/18\/terminaron-los-talleres-en-la-unidad-5\/18-unidad-5-mandalas\/#main\" data-orig-file=\"https:\/\/www.hoymercedes.com.ar\/principal\/wp-content\/uploads\/2017\/02\/18-Unidad-5-mandalas.jpg\" data-orig-size=\"630,420\" data-comments-opened=\"0\" data-image-meta=\"{&quot;aperture&quot;:&quot;0&quot;,&quot;credit&quot;:&quot;&quot;,&quot;camera&quot;:&quot;&quot;,&quot;caption&quot;:&quot;&quot;,&quot;created_timestamp&quot;:&quot;0&quot;,&quot;copyright&quot;:&quot;&quot;,&quot;focal_length&quot;:&quot;0&quot;,&quot;iso&quot;:&quot;0&quot;,&quot;shutter_speed&quot;:&quot;0&quot;,&quot;title&quot;:&quot;&quot;,&quot;orientation&quot;:&quot;0&quot;}\" data-image-title=\"18 Unidad 5 mandalas\" data-image-description=\"\" data-image-caption=\"\" data-large-file=\"https:\/\/www.hoymercedes.com.ar\/principal\/wp-content\/uploads\/2017\/02\/18-Unidad-5-mandalas.jpg\" class=\"aligncenter size-medium wp-image-59914\" src=\"https:\/\/www.hoymercedes.com.ar\/principal\/wp-content\/uploads\/2017\/02\/18-Unidad-5-mandalas-630x420.jpg\" alt=\"\" width=\"630\" height=\"420\" srcset=\"https:\/\/www.hoymercedes.com.ar\/principal\/wp-content\/uploads\/2017\/02\/18-Unidad-5-mandalas.jpg 630w, https:\/\/www.hoymercedes.com.ar\/principal\/wp-content\/uploads\/2017\/02\/18-Unidad-5-mandalas-150x100.jpg 150w, https:\/\/www.hoymercedes.com.ar\/principal\/wp-content\/uploads\/2017\/02\/18-Unidad-5-mandalas-300x200.jpg 300w\" sizes=\"auto, (max-width: 630px) 100vw, 630px\" \/><\/p>\n<p>El taller\u00a0fue exitoso y\u00a0aceptado por las internas. Es por eso, que continuar\u00e1n trabajando el resto del a\u00f1o con nuevas t\u00e9cnicas.\u00a0Las autoridades de la Unidad agradecieron el inter\u00e9s y la oportunidad de ser considerados por el Municipio como un barrio m\u00e1s de la ciudad para tener este taller.<\/p>\n<p>Cabe recordar que la actividad fue dictada los d\u00edas lunes, mi\u00e9rcoles y viernes de 17 a 19 horas, por \u00a0la directora de Cultura del Municipio y las profesoras Jimena Rivas, Estefan\u00eda Acu\u00f1a y Agustina Silvestre quienes ense\u00f1aron la t\u00e9cnica y realizaci\u00f3n, como as\u00ed tambi\u00e9n a realizar flores con botellas pl\u00e1sticas pintadas.<\/p>\n<p>&nbsp;<\/p>\n<p>Fuente: Prensa Unidad N\u00ba 5<\/p>\n<p>&nbsp;<\/p>\n<p>&nbsp;<\/p>\n<p>&nbsp;<\/p>\n","protected":false},"excerpt":{"rendered":"<p>En las \u00faltimas semanas, las internas de la Unidad Penitenciaria N\u00ba 5 llevaron adelante un taller para realizar mandalas en &#8230; <a title=\"Terminaron los talleres de mandala en la Unidad 5\" class=\"read-more\" href=\"https:\/\/www.hoymercedes.com.ar\/principal\/2017\/02\/18\/terminaron-los-talleres-en-la-unidad-5\/\" aria-label=\"Leer m\u00e1s sobre Terminaron los talleres de mandala en la Unidad 5\">Leer m\u00e1s<\/a><\/p>\n","protected":false},"author":1,"featured_media":59914,"comment_status":"closed","ping_status":"open","sticky":false,"template":"","format":"standard","meta":{"_monsterinsights_skip_tracking":false,"_monsterinsights_sitenote_active":false,"_monsterinsights_sitenote_note":"","_monsterinsights_sitenote_category":0,"jetpack_post_was_ever_published":false,"_jetpack_newsletter_access":"","_jetpack_dont_email_post_to_subs":true,"_jetpack_newsletter_tier_id":0,"_jetpack_memberships_contains_paywalled_content":false,"_jetpack_memberships_contains_paid_content":false,"footnotes":"","jetpack_publicize_message":"","jetpack_publicize_feature_enabled":true,"jetpack_social_post_already_shared":true,"jetpack_social_options":{"image_generator_settings":{"template":"highway","default_image_id":0,"font":"","enabled":false},"version":2},"_wpas_customize_per_network":false},"categories":[8],"tags":[9124,10610,113],"class_list":["post-59913","post","type-post","status-publish","format-standard","has-post-thumbnail","hentry","category-sociedad","tag-anexo-femenino","tag-taller-mandalas","tag-unidad-5","generate-columns","tablet-grid-50","mobile-grid-100","grid-parent","grid-50"],"jetpack_publicize_connections":[],"jetpack_featured_media_url":"https:\/\/www.hoymercedes.com.ar\/principal\/wp-content\/uploads\/2017\/02\/18-Unidad-5-mandalas.jpg","wps_subtitle":"Mandalas para carnaval","jetpack_sharing_enabled":true,"_links":{"self":[{"href":"https:\/\/www.hoymercedes.com.ar\/principal\/wp-json\/wp\/v2\/posts\/59913","targetHints":{"allow":["GET"]}}],"collection":[{"href":"https:\/\/www.hoymercedes.com.ar\/principal\/wp-json\/wp\/v2\/posts"}],"about":[{"href":"https:\/\/www.hoymercedes.com.ar\/principal\/wp-json\/wp\/v2\/types\/post"}],"author":[{"embeddable":true,"href":"https:\/\/www.hoymercedes.com.ar\/principal\/wp-json\/wp\/v2\/users\/1"}],"replies":[{"embeddable":true,"href":"https:\/\/www.hoymercedes.com.ar\/principal\/wp-json\/wp\/v2\/comments?post=59913"}],"version-history":[{"count":0,"href":"https:\/\/www.hoymercedes.com.ar\/principal\/wp-json\/wp\/v2\/posts\/59913\/revisions"}],"wp:featuredmedia":[{"embeddable":true,"href":"https:\/\/www.hoymercedes.com.ar\/principal\/wp-json\/wp\/v2\/media\/59914"}],"wp:attachment":[{"href":"https:\/\/www.hoymercedes.com.ar\/principal\/wp-json\/wp\/v2\/media?parent=59913"}],"wp:term":[{"taxonomy":"category","embeddable":true,"href":"https:\/\/www.hoymercedes.com.ar\/principal\/wp-json\/wp\/v2\/categories?post=59913"},{"taxonomy":"post_tag","embeddable":true,"href":"https:\/\/www.hoymercedes.com.ar\/principal\/wp-json\/wp\/v2\/tags?post=59913"}],"curies":[{"name":"wp","href":"https:\/\/api.w.org\/{rel}","templated":true}]}}