{"id":59939,"date":"2017-02-18T22:39:22","date_gmt":"2017-02-19T01:39:22","guid":{"rendered":"http:\/\/www.hoymercedes.com.ar\/principal\/?p=59939"},"modified":"2017-02-19T09:52:08","modified_gmt":"2017-02-19T12:52:08","slug":"proteccion-civil-actuo-ante-el-temporal-del-sabado-a-la-madrugada","status":"publish","type":"post","link":"https:\/\/www.hoymercedes.com.ar\/principal\/2017\/02\/18\/proteccion-civil-actuo-ante-el-temporal-del-sabado-a-la-madrugada\/","title":{"rendered":"Protecci\u00f3n Civil actu\u00f3 ante el temporal del s\u00e1bado a la madrugada"},"content":{"rendered":"<p>&nbsp;<\/p>\n<p>Durante la madrugada del s\u00e1bado se vivieron en la ciudad momentos de fuertes vientos y alerta por las fuertes tormentas, esto hizo que Protecci\u00f3n Civil y el \u00e1rea de Servicios P\u00fablicos debiesen mantenerse atentos y de guardia. \u00c1rboles y cables fueron\u00a0derribados por los vientos.<\/p>\n<p><img loading=\"lazy\" decoding=\"async\" data-attachment-id=\"59940\" data-permalink=\"https:\/\/www.hoymercedes.com.ar\/principal\/2017\/02\/18\/proteccion-civil-actuo-ante-el-temporal-del-sabado-a-la-madrugada\/17-temporal\/#main\" data-orig-file=\"https:\/\/www.hoymercedes.com.ar\/principal\/wp-content\/uploads\/2017\/02\/17-temporal.jpg\" data-orig-size=\"630,420\" data-comments-opened=\"0\" data-image-meta=\"{&quot;aperture&quot;:&quot;0&quot;,&quot;credit&quot;:&quot;&quot;,&quot;camera&quot;:&quot;&quot;,&quot;caption&quot;:&quot;&quot;,&quot;created_timestamp&quot;:&quot;0&quot;,&quot;copyright&quot;:&quot;&quot;,&quot;focal_length&quot;:&quot;0&quot;,&quot;iso&quot;:&quot;0&quot;,&quot;shutter_speed&quot;:&quot;0&quot;,&quot;title&quot;:&quot;&quot;,&quot;orientation&quot;:&quot;0&quot;}\" data-image-title=\"17 temporal\" data-image-description=\"\" data-image-caption=\"\" data-large-file=\"https:\/\/www.hoymercedes.com.ar\/principal\/wp-content\/uploads\/2017\/02\/17-temporal.jpg\" class=\"aligncenter size-medium wp-image-59940\" src=\"https:\/\/www.hoymercedes.com.ar\/principal\/wp-content\/uploads\/2017\/02\/17-temporal-630x420.jpg\" alt=\"\" width=\"630\" height=\"420\" srcset=\"https:\/\/www.hoymercedes.com.ar\/principal\/wp-content\/uploads\/2017\/02\/17-temporal.jpg 630w, https:\/\/www.hoymercedes.com.ar\/principal\/wp-content\/uploads\/2017\/02\/17-temporal-150x100.jpg 150w, https:\/\/www.hoymercedes.com.ar\/principal\/wp-content\/uploads\/2017\/02\/17-temporal-300x200.jpg 300w\" sizes=\"auto, (max-width: 630px) 100vw, 630px\" \/><\/p>\n<p>El responsable de la Direcci\u00f3n de Protecci\u00f3n Civil, Esteban Chal\u00e1, coment\u00f3 que en\u00a0la tarde del viernes comenzaron el recorrido \u00abpreventivo\u00bb ante la alerta de tormenta con lluvias y vientos fuertes. \u00a0Un par de horas m\u00e1s tarde, la lluvia comenz\u00f3 prolong\u00e1ndose hasta la madrugada, casi ma\u00f1ana, del s\u00e1bado.<\/p>\n<p>Dicha tormenta provoc\u00f3 la ca\u00edda de ocho ramas que obstaculizaron la v\u00eda p\u00fablica, la voladura de un cartel de un puesto de diarios, algunas ramas m\u00e1s ca\u00eddas en las plazas, la voladura de un contenedor\u00a0de basura, una maceta de un vecino que cay\u00f3 a la v\u00eda p\u00fablica, adem\u00e1s de asistir a una familia que qued\u00f3 en plena tormenta son su auto averiado.<\/p>\n<p>\u00abHubo problemas con el tendido el\u00e9ctrico en v\u00eda p\u00fablica siendo en cuatro lugares distintos. Perimetramos cada uno de ellos y evitando el acceso de los vecinos, aislando y protegiendo hasta que arrib\u00f3 la guardia de la empresa el\u00e9ctrica a la cual se le da aviso. El \u00faltimo suceso fue en la calle 46 y 23\u201d coment\u00f3 Esteban Chal\u00e1 responsable de Protecci\u00f3n Civil que hizo hincapi\u00e9 tambi\u00e9n en el control r\u00edo Luj\u00e1n ante la potencial subida del nivel de agua.<\/p>\n<p>&nbsp;<\/p>\n","protected":false},"excerpt":{"rendered":"<p>&nbsp; Durante la madrugada del s\u00e1bado se vivieron en la ciudad momentos de fuertes vientos y alerta por las fuertes &#8230; <a title=\"Protecci\u00f3n Civil actu\u00f3 ante el temporal del s\u00e1bado a la madrugada\" class=\"read-more\" href=\"https:\/\/www.hoymercedes.com.ar\/principal\/2017\/02\/18\/proteccion-civil-actuo-ante-el-temporal-del-sabado-a-la-madrugada\/\" aria-label=\"Leer m\u00e1s sobre Protecci\u00f3n Civil actu\u00f3 ante el temporal del s\u00e1bado a la madrugada\">Leer m\u00e1s<\/a><\/p>\n","protected":false},"author":1,"featured_media":59940,"comment_status":"closed","ping_status":"open","sticky":false,"template":"","format":"standard","meta":{"_monsterinsights_skip_tracking":false,"_monsterinsights_sitenote_active":false,"_monsterinsights_sitenote_note":"","_monsterinsights_sitenote_category":0,"jetpack_post_was_ever_published":false,"_jetpack_newsletter_access":"","_jetpack_dont_email_post_to_subs":false,"_jetpack_newsletter_tier_id":0,"_jetpack_memberships_contains_paywalled_content":false,"_jetpack_memberships_contains_paid_content":false,"footnotes":"","jetpack_publicize_message":"","jetpack_publicize_feature_enabled":true,"jetpack_social_post_already_shared":true,"jetpack_social_options":{"image_generator_settings":{"template":"highway","default_image_id":0,"font":"","enabled":false},"version":2},"_wpas_customize_per_network":false},"categories":[30],"tags":[244,9122,8628,2043],"class_list":["post-59939","post","type-post","status-publish","format-standard","has-post-thumbnail","hentry","category-municipio","tag-municipio-2","tag-proteccion-civil","tag-servicios-publicos","tag-tormenta","generate-columns","tablet-grid-50","mobile-grid-100","grid-parent","grid-50"],"jetpack_publicize_connections":[],"jetpack_featured_media_url":"https:\/\/www.hoymercedes.com.ar\/principal\/wp-content\/uploads\/2017\/02\/17-temporal.jpg","wps_subtitle":"Fuertes vientos","jetpack_sharing_enabled":true,"_links":{"self":[{"href":"https:\/\/www.hoymercedes.com.ar\/principal\/wp-json\/wp\/v2\/posts\/59939","targetHints":{"allow":["GET"]}}],"collection":[{"href":"https:\/\/www.hoymercedes.com.ar\/principal\/wp-json\/wp\/v2\/posts"}],"about":[{"href":"https:\/\/www.hoymercedes.com.ar\/principal\/wp-json\/wp\/v2\/types\/post"}],"author":[{"embeddable":true,"href":"https:\/\/www.hoymercedes.com.ar\/principal\/wp-json\/wp\/v2\/users\/1"}],"replies":[{"embeddable":true,"href":"https:\/\/www.hoymercedes.com.ar\/principal\/wp-json\/wp\/v2\/comments?post=59939"}],"version-history":[{"count":0,"href":"https:\/\/www.hoymercedes.com.ar\/principal\/wp-json\/wp\/v2\/posts\/59939\/revisions"}],"wp:featuredmedia":[{"embeddable":true,"href":"https:\/\/www.hoymercedes.com.ar\/principal\/wp-json\/wp\/v2\/media\/59940"}],"wp:attachment":[{"href":"https:\/\/www.hoymercedes.com.ar\/principal\/wp-json\/wp\/v2\/media?parent=59939"}],"wp:term":[{"taxonomy":"category","embeddable":true,"href":"https:\/\/www.hoymercedes.com.ar\/principal\/wp-json\/wp\/v2\/categories?post=59939"},{"taxonomy":"post_tag","embeddable":true,"href":"https:\/\/www.hoymercedes.com.ar\/principal\/wp-json\/wp\/v2\/tags?post=59939"}],"curies":[{"name":"wp","href":"https:\/\/api.w.org\/{rel}","templated":true}]}}