{"id":59969,"date":"2017-02-20T13:30:29","date_gmt":"2017-02-20T16:30:29","guid":{"rendered":"http:\/\/www.hoymercedes.com.ar\/principal\/?p=59969"},"modified":"2017-02-20T16:23:46","modified_gmt":"2017-02-20T19:23:46","slug":"iniciaron-obras-en-altamira-por-un-millon-de-pesos","status":"publish","type":"post","link":"https:\/\/www.hoymercedes.com.ar\/principal\/2017\/02\/20\/iniciaron-obras-en-altamira-por-un-millon-de-pesos\/","title":{"rendered":"Iniciaron obras en Altamira por un mill\u00f3n de pesos"},"content":{"rendered":"<p>La obra de la bicisenda en la localidad de Altamira empez\u00f3 a hacerse realidad. Ser\u00e1n 1100 metros en hormig\u00f3n que estar\u00edan terminados antes del inicio de clases en la\u00a0Escuela Primaria N\u00b017.<\/p>\n<p><img loading=\"lazy\" decoding=\"async\" data-attachment-id=\"59970\" data-permalink=\"https:\/\/www.hoymercedes.com.ar\/principal\/2017\/02\/20\/iniciaron-obras-en-altamira-por-un-millon-de-pesos\/20-obras-altamira\/#main\" data-orig-file=\"https:\/\/www.hoymercedes.com.ar\/principal\/wp-content\/uploads\/2017\/02\/20-obras-altamira.jpg\" data-orig-size=\"630,420\" data-comments-opened=\"0\" data-image-meta=\"{&quot;aperture&quot;:&quot;0&quot;,&quot;credit&quot;:&quot;&quot;,&quot;camera&quot;:&quot;&quot;,&quot;caption&quot;:&quot;&quot;,&quot;created_timestamp&quot;:&quot;0&quot;,&quot;copyright&quot;:&quot;&quot;,&quot;focal_length&quot;:&quot;0&quot;,&quot;iso&quot;:&quot;0&quot;,&quot;shutter_speed&quot;:&quot;0&quot;,&quot;title&quot;:&quot;&quot;,&quot;orientation&quot;:&quot;0&quot;}\" data-image-title=\"20 obras altamira\" data-image-description=\"\" data-image-caption=\"\" data-large-file=\"https:\/\/www.hoymercedes.com.ar\/principal\/wp-content\/uploads\/2017\/02\/20-obras-altamira.jpg\" class=\"aligncenter size-medium wp-image-59970\" src=\"https:\/\/www.hoymercedes.com.ar\/principal\/wp-content\/uploads\/2017\/02\/20-obras-altamira-630x420.jpg\" alt=\"\" width=\"630\" height=\"420\" srcset=\"https:\/\/www.hoymercedes.com.ar\/principal\/wp-content\/uploads\/2017\/02\/20-obras-altamira.jpg 630w, https:\/\/www.hoymercedes.com.ar\/principal\/wp-content\/uploads\/2017\/02\/20-obras-altamira-150x100.jpg 150w, https:\/\/www.hoymercedes.com.ar\/principal\/wp-content\/uploads\/2017\/02\/20-obras-altamira-300x200.jpg 300w\" sizes=\"auto, (max-width: 630px) 100vw, 630px\" \/><\/p>\n<p>\u201cHoy damos inicio a la realizaci\u00f3n de la tan esperada bicisenda. Ser\u00e1 alrededor de 1100 metros de hormig\u00f3n, al nivel de la calzada que estar\u00e1 separada por unos postes de quebrado, bien colocados, pintados y hormigonados\u201d dijo\u00a0Juan Ustarroz detallando parte del plan de obra remarcando que \u201cesperamos que el tiempo acompa\u00f1e y la empresa pueda trabajar bien para que todo est\u00e9 en condiciones y disponible antes del inicio de las clases\u201d.<\/p>\n<p>Por su parte, uno de los representantes de los vecinos coment\u00f3 que \u201cla verdad que estamos muy agradecidos. Es un proyecto que el intendente present\u00f3 y nosotros sugerimos, tambi\u00e9n en una banca participativa, que es para todos los chicos de la escuela, pero tambi\u00e9n para todos los vecinos que en los d\u00edas de lluvia se hace m\u00e1s dif\u00edcil entrar y salir\u201d sostuvo a la vez que manifest\u00f3 que \u201cquiero agradecer a la municipalidad, a todos los que est\u00e1n encargados del trabajo, yo soy un vecino medio antiguo y se los ir\u00e9 contando a todos, m\u00e1s all\u00e1 que pasan siempre por ac\u00e1\u201d coment\u00f3 ante las c\u00e1maras remarcando que \u201cdar\u00e1 m\u00e1s seguridad, estamos muy contentos\u201d.<\/p>\n<p>Estuvo presente el presidente de la Sociedad de Fomento, Patricio Lacoste como as\u00ed tambi\u00e9n representantes de la escuela. \u201cEs un adelanto para los vecinos y el pueblo\u201d, comentaron sin dejar de expresar la satisfacci\u00f3n para la Sociedad de Fomento.<\/p>\n<p>Fue una licitaci\u00f3n con cinco oferentes, adjudicada por alrededor de 950.000 pesos y se expres\u00f3 que era importante empezar r\u00e1pido con los trabajos para que sea de forma inmediata y buscando al inicio de las clases el camino est\u00e9 finalizado. El trazado comienza en la colectora sur de la Ruta Nacional N\u00ba 5 y va por la calle a la margen derecha dirigi\u00e9ndose hacia Altamira, al llegar a la calle 626, se deber\u00e1 cruzar la misma para seguir rumbo al Jard\u00edn de Infantes, desde el Jard\u00edn se continuar\u00e1 por vereda (Adosada a la L\u00ednea Municipal) hasta llegar a la entrada de la Escuela Primaria N\u00ba 17 de Altamira.<\/p>\n<p>El secretario de gobierno, Juan Pablo L\u00f3pez Baggio, quien tambi\u00e9n acompa\u00f1\u00f3 el esperado inicio, coment\u00f3 que \u201chab\u00edamos anunciado que la obra iba a llegar y as\u00ed es. Tiene que ver con un gran plan que tiene la municipalidad y como qued\u00f3 demostrado no quedan los pueblos rurales al margen, como lo vivi\u00f3 Gowland y Agote y ahora Altamira\u201d sostuvo remarcando que \u201cnuestros vecinos se merec\u00edan esta accesibilidad\u201d.<\/p>\n<p>Ustarroz dej\u00f3 en claro que \u201cla bicisenda tendr\u00e1 todas las medidas de seguridad, permitiendo, m\u00e1s all\u00e1 que los caminos est\u00e1n muy bien cuidados, como se puede observar, que cuando llueva y haya barro todos los chicos puedan llegar a la escuela. Tenemos hoy una alegr\u00eda, una gran noticia. Algo esperado que se vuelve realidad\u201d.<\/p>\n<p>La recorrida por la obra, su demarcaci\u00f3n, el di\u00e1logo con los representantes de la empresa, el ejecutivo, la secretar\u00eda de obras, con los trabajadores, por parte de los vecinos, miembros de los centros educativos y sociedad de fomento permiti\u00f3 que todos se interiorizaran de la misma, en detalle.<\/p>\n<p>&nbsp;<\/p>\n<p>Fuente: Prensa Municipal<\/p>\n","protected":false},"excerpt":{"rendered":"<p>La obra de la bicisenda en la localidad de Altamira empez\u00f3 a hacerse realidad. Ser\u00e1n 1100 metros en hormig\u00f3n que &#8230; <a title=\"Iniciaron obras en Altamira por un mill\u00f3n de pesos\" class=\"read-more\" href=\"https:\/\/www.hoymercedes.com.ar\/principal\/2017\/02\/20\/iniciaron-obras-en-altamira-por-un-millon-de-pesos\/\" aria-label=\"Leer m\u00e1s sobre Iniciaron obras en Altamira por un mill\u00f3n de pesos\">Leer m\u00e1s<\/a><\/p>\n","protected":false},"author":1,"featured_media":59970,"comment_status":"closed","ping_status":"open","sticky":false,"template":"","format":"standard","meta":{"_monsterinsights_skip_tracking":false,"_monsterinsights_sitenote_active":false,"_monsterinsights_sitenote_note":"","_monsterinsights_sitenote_category":0,"jetpack_post_was_ever_published":false,"_jetpack_newsletter_access":"","_jetpack_dont_email_post_to_subs":true,"_jetpack_newsletter_tier_id":0,"_jetpack_memberships_contains_paywalled_content":false,"_jetpack_memberships_contains_paid_content":false,"footnotes":"","jetpack_publicize_message":"","jetpack_publicize_feature_enabled":true,"jetpack_social_post_already_shared":true,"jetpack_social_options":{"image_generator_settings":{"template":"highway","default_image_id":0,"font":"","enabled":false},"version":2},"_wpas_customize_per_network":false},"categories":[30],"tags":[462,10619,989,244,1014],"class_list":["post-59969","post","type-post","status-publish","format-standard","has-post-thumbnail","hentry","category-municipio","tag-altamira","tag-bicisenda","tag-escuelas","tag-municipio-2","tag-obras","generate-columns","tablet-grid-50","mobile-grid-100","grid-parent","grid-50"],"jetpack_publicize_connections":[],"jetpack_featured_media_url":"https:\/\/www.hoymercedes.com.ar\/principal\/wp-content\/uploads\/2017\/02\/20-obras-altamira.jpg","wps_subtitle":"Bicisenda a la escuela","jetpack_sharing_enabled":true,"_links":{"self":[{"href":"https:\/\/www.hoymercedes.com.ar\/principal\/wp-json\/wp\/v2\/posts\/59969","targetHints":{"allow":["GET"]}}],"collection":[{"href":"https:\/\/www.hoymercedes.com.ar\/principal\/wp-json\/wp\/v2\/posts"}],"about":[{"href":"https:\/\/www.hoymercedes.com.ar\/principal\/wp-json\/wp\/v2\/types\/post"}],"author":[{"embeddable":true,"href":"https:\/\/www.hoymercedes.com.ar\/principal\/wp-json\/wp\/v2\/users\/1"}],"replies":[{"embeddable":true,"href":"https:\/\/www.hoymercedes.com.ar\/principal\/wp-json\/wp\/v2\/comments?post=59969"}],"version-history":[{"count":0,"href":"https:\/\/www.hoymercedes.com.ar\/principal\/wp-json\/wp\/v2\/posts\/59969\/revisions"}],"wp:featuredmedia":[{"embeddable":true,"href":"https:\/\/www.hoymercedes.com.ar\/principal\/wp-json\/wp\/v2\/media\/59970"}],"wp:attachment":[{"href":"https:\/\/www.hoymercedes.com.ar\/principal\/wp-json\/wp\/v2\/media?parent=59969"}],"wp:term":[{"taxonomy":"category","embeddable":true,"href":"https:\/\/www.hoymercedes.com.ar\/principal\/wp-json\/wp\/v2\/categories?post=59969"},{"taxonomy":"post_tag","embeddable":true,"href":"https:\/\/www.hoymercedes.com.ar\/principal\/wp-json\/wp\/v2\/tags?post=59969"}],"curies":[{"name":"wp","href":"https:\/\/api.w.org\/{rel}","templated":true}]}}