{"id":59976,"date":"2017-02-20T18:29:39","date_gmt":"2017-02-20T21:29:39","guid":{"rendered":"http:\/\/www.hoymercedes.com.ar\/principal\/?p=59976"},"modified":"2017-02-20T16:46:10","modified_gmt":"2017-02-20T19:46:10","slug":"gowland-festejo-sus-129-anos-con-una-gran-fiesta","status":"publish","type":"post","link":"https:\/\/www.hoymercedes.com.ar\/principal\/2017\/02\/20\/gowland-festejo-sus-129-anos-con-una-gran-fiesta\/","title":{"rendered":"Gowland festej\u00f3 sus 129 a\u00f1os con una gran fiesta"},"content":{"rendered":"<p>Un nuevo aniversario celebr\u00f3 la localidad de Gowland. En esta oportunidad festej\u00f3 sus 129 a\u00f1os en la sede de la Sociedad de Fomento.\u00a0Hubo m\u00fasica en vivo, entretenimientos, y kermes para todas las\u00a0familias.<\/p>\n<p><img loading=\"lazy\" decoding=\"async\" data-attachment-id=\"59977\" data-permalink=\"https:\/\/www.hoymercedes.com.ar\/principal\/2017\/02\/20\/gowland-festejo-sus-129-anos-con-una-gran-fiesta\/20-129-anos-gowland-1\/#main\" data-orig-file=\"https:\/\/www.hoymercedes.com.ar\/principal\/wp-content\/uploads\/2017\/02\/20-129-a\u00f1os-gowland-1.jpg\" data-orig-size=\"630,420\" data-comments-opened=\"0\" data-image-meta=\"{&quot;aperture&quot;:&quot;3.5&quot;,&quot;credit&quot;:&quot;&quot;,&quot;camera&quot;:&quot;NIKON D3100&quot;,&quot;caption&quot;:&quot;&quot;,&quot;created_timestamp&quot;:&quot;1487465697&quot;,&quot;copyright&quot;:&quot;&quot;,&quot;focal_length&quot;:&quot;18&quot;,&quot;iso&quot;:&quot;3200&quot;,&quot;shutter_speed&quot;:&quot;0.016666666666667&quot;,&quot;title&quot;:&quot;&quot;,&quot;orientation&quot;:&quot;1&quot;}\" data-image-title=\"20 129 a\u00f1os gowland 1\" data-image-description=\"\" data-image-caption=\"\" data-large-file=\"https:\/\/www.hoymercedes.com.ar\/principal\/wp-content\/uploads\/2017\/02\/20-129-a\u00f1os-gowland-1.jpg\" class=\"aligncenter size-medium wp-image-59977\" src=\"https:\/\/www.hoymercedes.com.ar\/principal\/wp-content\/uploads\/2017\/02\/20-129-a\u00f1os-gowland-1-630x420.jpg\" alt=\"\" width=\"630\" height=\"420\" srcset=\"https:\/\/www.hoymercedes.com.ar\/principal\/wp-content\/uploads\/2017\/02\/20-129-a\u00f1os-gowland-1.jpg 630w, https:\/\/www.hoymercedes.com.ar\/principal\/wp-content\/uploads\/2017\/02\/20-129-a\u00f1os-gowland-1-150x100.jpg 150w, https:\/\/www.hoymercedes.com.ar\/principal\/wp-content\/uploads\/2017\/02\/20-129-a\u00f1os-gowland-1-300x200.jpg 300w\" sizes=\"auto, (max-width: 630px) 100vw, 630px\" \/><\/p>\n<p>Con la presencia de su comisi\u00f3n directiva, los vecinos, y toda la familia se celebr\u00f3 un nuevo aniversario de la localidad que ya la semana pasada hab\u00eda tenido un momento de celebraci\u00f3n con la realizaci\u00f3n del marat\u00f3n que fue su segunda edici\u00f3n y congreso a m\u00e1s de cien competidores.<\/p>\n<p>En esta ocasi\u00f3n cientos de vecinos, de Mercedes y Gowland, disfrutaron al ritmo de Fernando Pazos y la Yunta y Marcelino, adem\u00e1s de toda la m\u00fasica y los distintos momentos de bailes.<\/p>\n<p><img loading=\"lazy\" decoding=\"async\" data-attachment-id=\"59978\" data-permalink=\"https:\/\/www.hoymercedes.com.ar\/principal\/2017\/02\/20\/gowland-festejo-sus-129-anos-con-una-gran-fiesta\/20-129-anos-gowland-2\/#main\" data-orig-file=\"https:\/\/www.hoymercedes.com.ar\/principal\/wp-content\/uploads\/2017\/02\/20-129-a\u00f1os-gowland-2.jpg\" data-orig-size=\"630,420\" data-comments-opened=\"0\" data-image-meta=\"{&quot;aperture&quot;:&quot;5.6&quot;,&quot;credit&quot;:&quot;&quot;,&quot;camera&quot;:&quot;NIKON D3100&quot;,&quot;caption&quot;:&quot;&quot;,&quot;created_timestamp&quot;:&quot;1487465517&quot;,&quot;copyright&quot;:&quot;&quot;,&quot;focal_length&quot;:&quot;55&quot;,&quot;iso&quot;:&quot;3200&quot;,&quot;shutter_speed&quot;:&quot;0.016666666666667&quot;,&quot;title&quot;:&quot;&quot;,&quot;orientation&quot;:&quot;1&quot;}\" data-image-title=\"20 129 a\u00f1os gowland 2\" data-image-description=\"\" data-image-caption=\"\" data-large-file=\"https:\/\/www.hoymercedes.com.ar\/principal\/wp-content\/uploads\/2017\/02\/20-129-a\u00f1os-gowland-2.jpg\" class=\"aligncenter size-medium wp-image-59978\" src=\"https:\/\/www.hoymercedes.com.ar\/principal\/wp-content\/uploads\/2017\/02\/20-129-a\u00f1os-gowland-2-630x420.jpg\" alt=\"\" width=\"630\" height=\"420\" srcset=\"https:\/\/www.hoymercedes.com.ar\/principal\/wp-content\/uploads\/2017\/02\/20-129-a\u00f1os-gowland-2.jpg 630w, https:\/\/www.hoymercedes.com.ar\/principal\/wp-content\/uploads\/2017\/02\/20-129-a\u00f1os-gowland-2-150x100.jpg 150w, https:\/\/www.hoymercedes.com.ar\/principal\/wp-content\/uploads\/2017\/02\/20-129-a\u00f1os-gowland-2-300x200.jpg 300w\" sizes=\"auto, (max-width: 630px) 100vw, 630px\" \/><\/p>\n<p>El intendente Ustarroz coment\u00f3 que \u201cla noche realmente se convirti\u00f3 en un excelente encuentro familiar. Es algo que nos gusta mucho. La alegr\u00eda y esta pol\u00edtica p\u00fablica de efectuar todos los encuentros culturales, abiertos, libres, p\u00fablicos, que nos sean posibles, tanto desde el acompa\u00f1amiento como desde las propuestas propias. Lo importante es algo: la familia junta, ir a los espacios p\u00fablicos para celebrar, a pasarla bien\u201d, mientras que en la pista se realizaba un gran baile con todo el folklore de la Yunta.<\/p>\n<p>Marcelino, el otro artista de la noche, tambi\u00e9n logr\u00f3 despertar todo el inter\u00e9s de los presentes, adem\u00e1s de los juegos y kermes propuestos.<\/p>\n<p>Fuente: Prensa Municipal<\/p>\n","protected":false},"excerpt":{"rendered":"<p>Un nuevo aniversario celebr\u00f3 la localidad de Gowland. En esta oportunidad festej\u00f3 sus 129 a\u00f1os en la sede de la &#8230; <a title=\"Gowland festej\u00f3 sus 129 a\u00f1os con una gran fiesta\" class=\"read-more\" href=\"https:\/\/www.hoymercedes.com.ar\/principal\/2017\/02\/20\/gowland-festejo-sus-129-anos-con-una-gran-fiesta\/\" aria-label=\"Leer m\u00e1s sobre Gowland festej\u00f3 sus 129 a\u00f1os con una gran fiesta\">Leer m\u00e1s<\/a><\/p>\n","protected":false},"author":1,"featured_media":59978,"comment_status":"closed","ping_status":"open","sticky":false,"template":"","format":"standard","meta":{"_monsterinsights_skip_tracking":false,"_monsterinsights_sitenote_active":false,"_monsterinsights_sitenote_note":"","_monsterinsights_sitenote_category":0,"jetpack_post_was_ever_published":false,"_jetpack_newsletter_access":"","_jetpack_dont_email_post_to_subs":false,"_jetpack_newsletter_tier_id":0,"_jetpack_memberships_contains_paywalled_content":false,"_jetpack_memberships_contains_paid_content":false,"footnotes":"","jetpack_publicize_message":"","jetpack_publicize_feature_enabled":true,"jetpack_social_post_already_shared":true,"jetpack_social_options":{"image_generator_settings":{"template":"highway","default_image_id":0,"font":"","enabled":false},"version":2},"_wpas_customize_per_network":false},"categories":[5485,104],"tags":[10622,8829,8922,875],"class_list":["post-59976","post","type-post","status-publish","format-standard","has-post-thumbnail","hentry","category-comunidad","category-cultura","tag-129-anos","tag-aniversario","tag-festejo","tag-gowland","generate-columns","tablet-grid-50","mobile-grid-100","grid-parent","grid-50"],"jetpack_publicize_connections":[],"jetpack_featured_media_url":"https:\/\/www.hoymercedes.com.ar\/principal\/wp-content\/uploads\/2017\/02\/20-129-a\u00f1os-gowland-2.jpg","wps_subtitle":"Noche del s\u00e1bado","jetpack_sharing_enabled":true,"_links":{"self":[{"href":"https:\/\/www.hoymercedes.com.ar\/principal\/wp-json\/wp\/v2\/posts\/59976","targetHints":{"allow":["GET"]}}],"collection":[{"href":"https:\/\/www.hoymercedes.com.ar\/principal\/wp-json\/wp\/v2\/posts"}],"about":[{"href":"https:\/\/www.hoymercedes.com.ar\/principal\/wp-json\/wp\/v2\/types\/post"}],"author":[{"embeddable":true,"href":"https:\/\/www.hoymercedes.com.ar\/principal\/wp-json\/wp\/v2\/users\/1"}],"replies":[{"embeddable":true,"href":"https:\/\/www.hoymercedes.com.ar\/principal\/wp-json\/wp\/v2\/comments?post=59976"}],"version-history":[{"count":0,"href":"https:\/\/www.hoymercedes.com.ar\/principal\/wp-json\/wp\/v2\/posts\/59976\/revisions"}],"wp:featuredmedia":[{"embeddable":true,"href":"https:\/\/www.hoymercedes.com.ar\/principal\/wp-json\/wp\/v2\/media\/59978"}],"wp:attachment":[{"href":"https:\/\/www.hoymercedes.com.ar\/principal\/wp-json\/wp\/v2\/media?parent=59976"}],"wp:term":[{"taxonomy":"category","embeddable":true,"href":"https:\/\/www.hoymercedes.com.ar\/principal\/wp-json\/wp\/v2\/categories?post=59976"},{"taxonomy":"post_tag","embeddable":true,"href":"https:\/\/www.hoymercedes.com.ar\/principal\/wp-json\/wp\/v2\/tags?post=59976"}],"curies":[{"name":"wp","href":"https:\/\/api.w.org\/{rel}","templated":true}]}}