{"id":60009,"date":"2017-02-22T10:50:53","date_gmt":"2017-02-22T13:50:53","guid":{"rendered":"http:\/\/www.hoymercedes.com.ar\/principal\/?p=60009"},"modified":"2017-02-22T09:41:59","modified_gmt":"2017-02-22T12:41:59","slug":"villa-abrille-recibio-los-certificados-finales-de-habilitacion-y-municipio-cerro-una-etapa","status":"publish","type":"post","link":"https:\/\/www.hoymercedes.com.ar\/principal\/2017\/02\/22\/villa-abrille-recibio-los-certificados-finales-de-habilitacion-y-municipio-cerro-una-etapa\/","title":{"rendered":"Villa Abrille recibi\u00f3 los certificados finales de habilitaci\u00f3n y municipio cerr\u00f3 una etapa"},"content":{"rendered":"<p>El Municipio de Mercedes en noviembre pasado hab\u00eda informado que hab\u00edan <a href=\"https:\/\/www.hoymercedes.com.ar\/principal\/2016\/11\/11\/finalmente-habilitaron-el-hogar-villa-abrille\/\" target=\"_blank\">habilitado el Hogar Villa Abrille<\/a>, en nuevo informe de prensa, da cuenta la obtenci\u00f3n de la totalidad de los papeles de habilitaci\u00f3n.<\/p>\n<figure id=\"attachment_60011\" aria-describedby=\"caption-attachment-60011\" style=\"width: 438px\" class=\"wp-caption aligncenter\"><img loading=\"lazy\" decoding=\"async\" data-attachment-id=\"60011\" data-permalink=\"https:\/\/www.hoymercedes.com.ar\/principal\/2017\/02\/22\/villa-abrille-recibio-los-certificados-finales-de-habilitacion-y-municipio-cerro-una-etapa\/27-abrille-2-2\/#main\" data-orig-file=\"https:\/\/www.hoymercedes.com.ar\/principal\/wp-content\/uploads\/2017\/02\/27-ABRILLE-2.jpg\" data-orig-size=\"448,299\" data-comments-opened=\"0\" data-image-meta=\"{&quot;aperture&quot;:&quot;0&quot;,&quot;credit&quot;:&quot;&quot;,&quot;camera&quot;:&quot;&quot;,&quot;caption&quot;:&quot;????????????????????????????????????&quot;,&quot;created_timestamp&quot;:&quot;0&quot;,&quot;copyright&quot;:&quot;&quot;,&quot;focal_length&quot;:&quot;0&quot;,&quot;iso&quot;:&quot;0&quot;,&quot;shutter_speed&quot;:&quot;0&quot;,&quot;title&quot;:&quot;&quot;,&quot;orientation&quot;:&quot;0&quot;}\" data-image-title=\"27 ABRILLE 2\" data-image-description=\"\" data-image-caption=\"\" data-large-file=\"https:\/\/www.hoymercedes.com.ar\/principal\/wp-content\/uploads\/2017\/02\/27-ABRILLE-2.jpg\" class=\"wp-image-60011 size-full\" src=\"https:\/\/www.hoymercedes.com.ar\/principal\/wp-content\/uploads\/2017\/02\/27-ABRILLE-2.jpg\" width=\"448\" height=\"299\" srcset=\"https:\/\/www.hoymercedes.com.ar\/principal\/wp-content\/uploads\/2017\/02\/27-ABRILLE-2.jpg 448w, https:\/\/www.hoymercedes.com.ar\/principal\/wp-content\/uploads\/2017\/02\/27-ABRILLE-2-150x100.jpg 150w, https:\/\/www.hoymercedes.com.ar\/principal\/wp-content\/uploads\/2017\/02\/27-ABRILLE-2-300x200.jpg 300w\" sizes=\"auto, (max-width: 448px) 100vw, 448px\" \/><figcaption id=\"caption-attachment-60011\" class=\"wp-caption-text\">Foto de Archivo<\/figcaption><\/figure>\n<p>\u00abFue una gesti\u00f3n que se inici\u00f3 el a\u00f1o que pas\u00f3 lograron primero el aprobado y ahora el cierre final del tema con la entrega de las certificaciones totales por parte de la Provincia de Buenos Aires. Es una satisfacci\u00f3n, una cuesti\u00f3n que hasta nos pone en otro lugar moralmente\u201d coment\u00f3 el Secretario de Salud Pablo Cassiani.<\/p>\n<p>Por su parte, la Coordinadora\u00a0del Hogar Noelia Gollo explic\u00f3 que el Arquitecto Gil fue el responsable de reacondicionar el Villa Abrillle para cumplir con las disposiciones de\u00a0las inspecciones provinciales y lograr\u00a0la habilitaci\u00f3n.<\/p>\n<p>\u201cLa habilitaci\u00f3n permite tener autoridad moral y \u00e9tica para poder acompa\u00f1ar que otros establecimientos similares a este puedan ir tambi\u00e9n por su habilitaci\u00f3n. Seguiremos invirtiendo, seguiremos haciendo crecer nuestro querido hogar y buscaremos tener m\u00e1s y mejores espacios de atenci\u00f3n a nuestros queridos adultos mayores\u201d, destac\u00f3 Cassiani<\/p>\n<p>El Hogar Villa Abrillle, ubicado en calle 25 entre 16 y 18, actualmente funciona como casa de retiro en la cual habitan 23 abuelos y hasta hoy no se hab\u00eda trabajado para conseguir la regularidad del mismo.<\/p>\n<p>&nbsp;<\/p>\n<p>Fuente: Prensa Municipal<\/p>\n","protected":false},"excerpt":{"rendered":"<p>El Municipio de Mercedes en noviembre pasado hab\u00eda informado que hab\u00edan habilitado el Hogar Villa Abrille, en nuevo informe de &#8230; <a title=\"Villa Abrille recibi\u00f3 los certificados finales de habilitaci\u00f3n y municipio cerr\u00f3 una etapa\" class=\"read-more\" href=\"https:\/\/www.hoymercedes.com.ar\/principal\/2017\/02\/22\/villa-abrille-recibio-los-certificados-finales-de-habilitacion-y-municipio-cerro-una-etapa\/\" aria-label=\"Leer m\u00e1s sobre Villa Abrille recibi\u00f3 los certificados finales de habilitaci\u00f3n y municipio cerr\u00f3 una etapa\">Leer m\u00e1s<\/a><\/p>\n","protected":false},"author":1,"featured_media":60011,"comment_status":"closed","ping_status":"open","sticky":false,"template":"","format":"standard","meta":{"_monsterinsights_skip_tracking":false,"_monsterinsights_sitenote_active":false,"_monsterinsights_sitenote_note":"","_monsterinsights_sitenote_category":0,"jetpack_post_was_ever_published":false,"_jetpack_newsletter_access":"","_jetpack_dont_email_post_to_subs":false,"_jetpack_newsletter_tier_id":0,"_jetpack_memberships_contains_paywalled_content":false,"_jetpack_memberships_contains_paid_content":false,"footnotes":"","jetpack_publicize_message":"","jetpack_publicize_feature_enabled":true,"jetpack_social_post_already_shared":true,"jetpack_social_options":{"image_generator_settings":{"template":"highway","default_image_id":0,"font":"","enabled":false},"version":2},"_wpas_customize_per_network":false},"categories":[30],"tags":[10631,10354,244],"class_list":["post-60009","post","type-post","status-publish","format-standard","has-post-thumbnail","hentry","category-municipio","tag-habitiacion","tag-hoga-villa-abrile","tag-municipio-2","generate-columns","tablet-grid-50","mobile-grid-100","grid-parent","grid-50"],"jetpack_publicize_connections":[],"jetpack_featured_media_url":"https:\/\/www.hoymercedes.com.ar\/principal\/wp-content\/uploads\/2017\/02\/27-ABRILLE-2.jpg","wps_subtitle":"Habilitaci\u00f3n definitiva","jetpack_sharing_enabled":true,"_links":{"self":[{"href":"https:\/\/www.hoymercedes.com.ar\/principal\/wp-json\/wp\/v2\/posts\/60009","targetHints":{"allow":["GET"]}}],"collection":[{"href":"https:\/\/www.hoymercedes.com.ar\/principal\/wp-json\/wp\/v2\/posts"}],"about":[{"href":"https:\/\/www.hoymercedes.com.ar\/principal\/wp-json\/wp\/v2\/types\/post"}],"author":[{"embeddable":true,"href":"https:\/\/www.hoymercedes.com.ar\/principal\/wp-json\/wp\/v2\/users\/1"}],"replies":[{"embeddable":true,"href":"https:\/\/www.hoymercedes.com.ar\/principal\/wp-json\/wp\/v2\/comments?post=60009"}],"version-history":[{"count":0,"href":"https:\/\/www.hoymercedes.com.ar\/principal\/wp-json\/wp\/v2\/posts\/60009\/revisions"}],"wp:featuredmedia":[{"embeddable":true,"href":"https:\/\/www.hoymercedes.com.ar\/principal\/wp-json\/wp\/v2\/media\/60011"}],"wp:attachment":[{"href":"https:\/\/www.hoymercedes.com.ar\/principal\/wp-json\/wp\/v2\/media?parent=60009"}],"wp:term":[{"taxonomy":"category","embeddable":true,"href":"https:\/\/www.hoymercedes.com.ar\/principal\/wp-json\/wp\/v2\/categories?post=60009"},{"taxonomy":"post_tag","embeddable":true,"href":"https:\/\/www.hoymercedes.com.ar\/principal\/wp-json\/wp\/v2\/tags?post=60009"}],"curies":[{"name":"wp","href":"https:\/\/api.w.org\/{rel}","templated":true}]}}