{"id":60032,"date":"2017-02-22T22:02:47","date_gmt":"2017-02-23T01:02:47","guid":{"rendered":"http:\/\/www.hoymercedes.com.ar\/principal\/?p=60032"},"modified":"2017-02-22T22:02:47","modified_gmt":"2017-02-23T01:02:47","slug":"realizan-cuento-del-tio-a-vecina-y-continuan-alertando-sobre-la-modalidad-delictiva","status":"publish","type":"post","link":"https:\/\/www.hoymercedes.com.ar\/principal\/2017\/02\/22\/realizan-cuento-del-tio-a-vecina-y-continuan-alertando-sobre-la-modalidad-delictiva\/","title":{"rendered":"Realizan cuento del t\u00edo a vecina y contin\u00faan alertando sobre la modalidad delictiva"},"content":{"rendered":"<p>Una vecina mayor de edad fue parte de un nuevo \u201ccuento del t\u00edo\u201d. La modalidad se sigue repitiendo en toda la regi\u00f3n. D\u00edas atr\u00e1s se produjo un hecho son similares caracter\u00edsticas en Navarro, donde act\u00faa la justicia local, y ahora le toc\u00f3 a una mercedina. La Polic\u00eda Comunal como tambi\u00e9n el \u00e1rea de Seguridad Municipal contin\u00faa su campa\u00f1a preventiva alertando a la poblaci\u00f3n, m\u00e1s all\u00e1 de que en esta ocasi\u00f3n se logr\u00f3 sustraer mediante el enga\u00f1o una importante suma de dinero. La denuncia la hicieron casi 10 horas despu\u00e9s ante lo cual fue muy dif\u00edcil para la polic\u00eda actuar, efectuar operativo cerrojo o acci\u00f3n similar.<\/p>\n<p>El hecho sucedi\u00f3 durante la ma\u00f1ana de este martes en la zona c\u00e9ntrica. \u201cEfectivamente, lamentamos dar cuenta de que una vecina de 81 a\u00f1os fue enga\u00f1ada por un inescrupuloso. Est\u00e1n todos los mecanismos de investigaci\u00f3n en marcha\u201d, narr\u00f3 el Director de Seguridad de la Municipalidad de Mercedes, Esteban Rossi.<\/p>\n<p>El hecho gener\u00f3 el accionar judicial no bien se tom\u00f3 conocimiento de lo sucedido, m\u00e1s all\u00e1 de que hab\u00edan pasado varias horas de acontecido, se supo extra oficialmente. Recordaron, desde el \u00e1rea de Seguridad, que en las \u00faltimas ocasiones se logr\u00f3 o desbaratar el il\u00edcito o bien diluyeron las situaciones que se encaminaban a una estafa. Sin embargo, requiere, este accionar, una fuerte alerta de los vecinos o bien de sus seres queridos y cercanos dado que son \u201cataques\u201d a la buena fe de la ciudadan\u00eda.<\/p>\n<p>Rossi narr\u00f3 tambi\u00e9n que \u201cd\u00edas atr\u00e1s sucedi\u00f3 algo parecido en una localidad cercana. Es en todos lados. Fundamental se vuelve que los familiares se apoyen, se ayuden, se informen entre s\u00ed. Es una modalidad que requiere realmente estar atentos, sobre todo nuestros adultos mayores\u201d.<\/p>\n<p>Tambi\u00e9n coment\u00f3 que \u201ces muy frecuente que llamen a los tel\u00e9fonos fijos en espacial de adultos mayores, que se hagan pasar por un familiar o un allegado, que inventen que pasar\u00e1 un tercero a realizar un tr\u00e1mite y as\u00ed una serie de mentiras se encadenadas terminan confundiendo a la v\u00edctima que luego entrega los valores que le son robados\u201d.<br \/>\nEn caso de recibir una llamada de este tipo, recomiendan cortar la comunicaci\u00f3n y dar aviso inmediato al 911. Tampoco se debe dejar entrar a nadie que no certifique absolutamente pertenecer a una empresa de servicios o que se haya convocado. En caso de duda tambi\u00e9n se puede llamar al familiar y verificar los hechos. Es decir, tomar varias medidas preventivas.<\/p>\n<p>Los hechos se est\u00e1n investigando, pero es importante alertar a los abuelos de esta modalidad delictiva para evitar que sean enga\u00f1ados.<\/p>\n","protected":false},"excerpt":{"rendered":"<p>Una vecina mayor de edad fue parte de un nuevo \u201ccuento del t\u00edo\u201d. La modalidad se sigue repitiendo en toda &#8230; <a title=\"Realizan cuento del t\u00edo a vecina y contin\u00faan alertando sobre la modalidad delictiva\" class=\"read-more\" href=\"https:\/\/www.hoymercedes.com.ar\/principal\/2017\/02\/22\/realizan-cuento-del-tio-a-vecina-y-continuan-alertando-sobre-la-modalidad-delictiva\/\" aria-label=\"Leer m\u00e1s sobre Realizan cuento del t\u00edo a vecina y contin\u00faan alertando sobre la modalidad delictiva\">Leer m\u00e1s<\/a><\/p>\n","protected":false},"author":1,"featured_media":27661,"comment_status":"closed","ping_status":"open","sticky":false,"template":"","format":"standard","meta":{"_monsterinsights_skip_tracking":false,"_monsterinsights_sitenote_active":false,"_monsterinsights_sitenote_note":"","_monsterinsights_sitenote_category":0,"jetpack_post_was_ever_published":false,"_jetpack_newsletter_access":"","_jetpack_dont_email_post_to_subs":false,"_jetpack_newsletter_tier_id":0,"_jetpack_memberships_contains_paywalled_content":false,"_jetpack_memberships_contains_paid_content":false,"footnotes":"","jetpack_publicize_message":"","jetpack_publicize_feature_enabled":true,"jetpack_social_post_already_shared":true,"jetpack_social_options":{"image_generator_settings":{"template":"highway","default_image_id":0,"font":"","enabled":false},"version":2},"_wpas_customize_per_network":false},"categories":[85],"tags":[3761,333],"class_list":["post-60032","post","type-post","status-publish","format-standard","has-post-thumbnail","hentry","category-policial","tag-cuento-del-tio","tag-esteban-rossi","generate-columns","tablet-grid-50","mobile-grid-100","grid-parent","grid-50"],"jetpack_publicize_connections":[],"jetpack_featured_media_url":"https:\/\/www.hoymercedes.com.ar\/principal\/wp-content\/uploads\/2011\/06\/EstebanRossi-300x2251.jpg","wps_subtitle":"Enga\u00f1o","jetpack_sharing_enabled":true,"_links":{"self":[{"href":"https:\/\/www.hoymercedes.com.ar\/principal\/wp-json\/wp\/v2\/posts\/60032","targetHints":{"allow":["GET"]}}],"collection":[{"href":"https:\/\/www.hoymercedes.com.ar\/principal\/wp-json\/wp\/v2\/posts"}],"about":[{"href":"https:\/\/www.hoymercedes.com.ar\/principal\/wp-json\/wp\/v2\/types\/post"}],"author":[{"embeddable":true,"href":"https:\/\/www.hoymercedes.com.ar\/principal\/wp-json\/wp\/v2\/users\/1"}],"replies":[{"embeddable":true,"href":"https:\/\/www.hoymercedes.com.ar\/principal\/wp-json\/wp\/v2\/comments?post=60032"}],"version-history":[{"count":0,"href":"https:\/\/www.hoymercedes.com.ar\/principal\/wp-json\/wp\/v2\/posts\/60032\/revisions"}],"wp:featuredmedia":[{"embeddable":true,"href":"https:\/\/www.hoymercedes.com.ar\/principal\/wp-json\/wp\/v2\/media\/27661"}],"wp:attachment":[{"href":"https:\/\/www.hoymercedes.com.ar\/principal\/wp-json\/wp\/v2\/media?parent=60032"}],"wp:term":[{"taxonomy":"category","embeddable":true,"href":"https:\/\/www.hoymercedes.com.ar\/principal\/wp-json\/wp\/v2\/categories?post=60032"},{"taxonomy":"post_tag","embeddable":true,"href":"https:\/\/www.hoymercedes.com.ar\/principal\/wp-json\/wp\/v2\/tags?post=60032"}],"curies":[{"name":"wp","href":"https:\/\/api.w.org\/{rel}","templated":true}]}}