{"id":60067,"date":"2017-02-23T20:55:07","date_gmt":"2017-02-23T23:55:07","guid":{"rendered":"http:\/\/www.hoymercedes.com.ar\/principal\/?p=60067"},"modified":"2017-02-23T19:08:20","modified_gmt":"2017-02-23T22:08:20","slug":"nueva-reunion-de-la-mesa-de-trabajo-para-el-crecimiento-de-el-honguito","status":"publish","type":"post","link":"https:\/\/www.hoymercedes.com.ar\/principal\/2017\/02\/23\/nueva-reunion-de-la-mesa-de-trabajo-para-el-crecimiento-de-el-honguito\/","title":{"rendered":"Nueva reuni\u00f3n de la mesa de trabajo para el crecimiento de El Honguito"},"content":{"rendered":"<p>El pasado jueves en el despacho del intendente se reunieron los integrantes de la mesa de gesti\u00f3n del jard\u00edn maternal <a href=\"https:\/\/www.hoymercedes.com.ar\/principal\/2017\/02\/13\/el-municipio-planifica-ampliar-el-jardin-maternal-el-honguito\/\" target=\"_blank\">\u201cEl Honguito\u201d<\/a>. La reuni\u00f3n permiti\u00f3 cerrar los detalles para que el municipio pague la luz, el gas, la equiparaci\u00f3n de los salarios de las empleadas, el otorgamiento de materiales did\u00e1cticos y elementos de limpieza y proyectar la ampliaci\u00f3n del jard\u00edn maternal.<\/p>\n<p><img loading=\"lazy\" decoding=\"async\" data-attachment-id=\"60068\" data-permalink=\"https:\/\/www.hoymercedes.com.ar\/principal\/2017\/02\/23\/nueva-reunion-de-la-mesa-de-trabajo-para-el-crecimiento-de-el-honguito\/23-honguito-firma-ii\/#main\" data-orig-file=\"https:\/\/www.hoymercedes.com.ar\/principal\/wp-content\/uploads\/2017\/02\/23-honguito-firma-ii.jpeg\" data-orig-size=\"630,420\" data-comments-opened=\"0\" data-image-meta=\"{&quot;aperture&quot;:&quot;0&quot;,&quot;credit&quot;:&quot;&quot;,&quot;camera&quot;:&quot;&quot;,&quot;caption&quot;:&quot;&quot;,&quot;created_timestamp&quot;:&quot;0&quot;,&quot;copyright&quot;:&quot;&quot;,&quot;focal_length&quot;:&quot;0&quot;,&quot;iso&quot;:&quot;0&quot;,&quot;shutter_speed&quot;:&quot;0&quot;,&quot;title&quot;:&quot;&quot;,&quot;orientation&quot;:&quot;0&quot;}\" data-image-title=\"23 honguito-firma-ii\" data-image-description=\"\" data-image-caption=\"\" data-large-file=\"https:\/\/www.hoymercedes.com.ar\/principal\/wp-content\/uploads\/2017\/02\/23-honguito-firma-ii.jpeg\" class=\"aligncenter size-medium wp-image-60068\" src=\"https:\/\/www.hoymercedes.com.ar\/principal\/wp-content\/uploads\/2017\/02\/23-honguito-firma-ii-630x420.jpeg\" alt=\"\" width=\"630\" height=\"420\" srcset=\"https:\/\/www.hoymercedes.com.ar\/principal\/wp-content\/uploads\/2017\/02\/23-honguito-firma-ii.jpeg 630w, https:\/\/www.hoymercedes.com.ar\/principal\/wp-content\/uploads\/2017\/02\/23-honguito-firma-ii-150x100.jpeg 150w, https:\/\/www.hoymercedes.com.ar\/principal\/wp-content\/uploads\/2017\/02\/23-honguito-firma-ii-300x200.jpeg 300w\" sizes=\"auto, (max-width: 630px) 100vw, 630px\" \/><\/p>\n<p>\u201cNosotros tomamos un compromiso con el jard\u00edn y por medio de ellos con toda la comunidad. El trabajo conjunto y en pos del crecimiento, generando un fuerte apoyo en un momento complicado de la instituci\u00f3n\u201d coment\u00f3 el intendente Ustarroz.<\/p>\n<p>Norma \u00abPocha\u00bb Rudoni, presidenta de la asociaci\u00f3n civil; junto a Mar\u00eda Mercedes Iranzo, Agustina Landini, Jessica Escobedo S\u00e1nchez, Claudia Costantino, Patricia Lofreda, el contador Piconi y \u00c9rica Barrera,\u00a0agradeci\u00f3 nuevamente la intervenci\u00f3n del Municipio.<\/p>\n<p>Fuente: Prensa Municipal<\/p>\n","protected":false},"excerpt":{"rendered":"<p>El pasado jueves en el despacho del intendente se reunieron los integrantes de la mesa de gesti\u00f3n del jard\u00edn maternal &#8230; <a title=\"Nueva reuni\u00f3n de la mesa de trabajo para el crecimiento de El Honguito\" class=\"read-more\" href=\"https:\/\/www.hoymercedes.com.ar\/principal\/2017\/02\/23\/nueva-reunion-de-la-mesa-de-trabajo-para-el-crecimiento-de-el-honguito\/\" aria-label=\"Leer m\u00e1s sobre Nueva reuni\u00f3n de la mesa de trabajo para el crecimiento de El Honguito\">Leer m\u00e1s<\/a><\/p>\n","protected":false},"author":1,"featured_media":60068,"comment_status":"closed","ping_status":"open","sticky":false,"template":"","format":"standard","meta":{"_monsterinsights_skip_tracking":false,"_monsterinsights_sitenote_active":false,"_monsterinsights_sitenote_note":"","_monsterinsights_sitenote_category":0,"jetpack_post_was_ever_published":false,"_jetpack_newsletter_access":"","_jetpack_dont_email_post_to_subs":false,"_jetpack_newsletter_tier_id":0,"_jetpack_memberships_contains_paywalled_content":false,"_jetpack_memberships_contains_paid_content":false,"footnotes":"","jetpack_publicize_message":"","jetpack_publicize_feature_enabled":true,"jetpack_social_post_already_shared":true,"jetpack_social_options":{"image_generator_settings":{"template":"highway","default_image_id":0,"font":"","enabled":false},"version":2},"_wpas_customize_per_network":false},"categories":[30],"tags":[5145,244],"class_list":["post-60067","post","type-post","status-publish","format-standard","has-post-thumbnail","hentry","category-municipio","tag-jardin-maternal-el-honguito","tag-municipio-2","generate-columns","tablet-grid-50","mobile-grid-100","grid-parent","grid-50"],"jetpack_publicize_connections":[],"jetpack_featured_media_url":"https:\/\/www.hoymercedes.com.ar\/principal\/wp-content\/uploads\/2017\/02\/23-honguito-firma-ii.jpeg","wps_subtitle":"D\u00edas atr\u00e1s","jetpack_sharing_enabled":true,"_links":{"self":[{"href":"https:\/\/www.hoymercedes.com.ar\/principal\/wp-json\/wp\/v2\/posts\/60067","targetHints":{"allow":["GET"]}}],"collection":[{"href":"https:\/\/www.hoymercedes.com.ar\/principal\/wp-json\/wp\/v2\/posts"}],"about":[{"href":"https:\/\/www.hoymercedes.com.ar\/principal\/wp-json\/wp\/v2\/types\/post"}],"author":[{"embeddable":true,"href":"https:\/\/www.hoymercedes.com.ar\/principal\/wp-json\/wp\/v2\/users\/1"}],"replies":[{"embeddable":true,"href":"https:\/\/www.hoymercedes.com.ar\/principal\/wp-json\/wp\/v2\/comments?post=60067"}],"version-history":[{"count":0,"href":"https:\/\/www.hoymercedes.com.ar\/principal\/wp-json\/wp\/v2\/posts\/60067\/revisions"}],"wp:featuredmedia":[{"embeddable":true,"href":"https:\/\/www.hoymercedes.com.ar\/principal\/wp-json\/wp\/v2\/media\/60068"}],"wp:attachment":[{"href":"https:\/\/www.hoymercedes.com.ar\/principal\/wp-json\/wp\/v2\/media?parent=60067"}],"wp:term":[{"taxonomy":"category","embeddable":true,"href":"https:\/\/www.hoymercedes.com.ar\/principal\/wp-json\/wp\/v2\/categories?post=60067"},{"taxonomy":"post_tag","embeddable":true,"href":"https:\/\/www.hoymercedes.com.ar\/principal\/wp-json\/wp\/v2\/tags?post=60067"}],"curies":[{"name":"wp","href":"https:\/\/api.w.org\/{rel}","templated":true}]}}