{"id":60107,"date":"2017-03-02T14:57:04","date_gmt":"2017-03-02T17:57:04","guid":{"rendered":"http:\/\/www.hoymercedes.com.ar\/principal\/?p=60107"},"modified":"2017-03-02T14:57:04","modified_gmt":"2017-03-02T17:57:04","slug":"mamm-ciclo-de-cine-mujeres-arriba","status":"publish","type":"post","link":"https:\/\/www.hoymercedes.com.ar\/principal\/2017\/03\/02\/mamm-ciclo-de-cine-mujeres-arriba\/","title":{"rendered":"MAMM: Ciclo de Cine \u00abMujeres Arriba\u00bb"},"content":{"rendered":"<p>Como todos los meses, a partir del pr\u00f3ximo jueves 2 de marzo comienza un nuevo ciclo de cine el Museo de Arte Mercedes (MAMM).<\/p>\n<p><img loading=\"lazy\" decoding=\"async\" data-attachment-id=\"60218\" data-permalink=\"https:\/\/www.hoymercedes.com.ar\/principal\/2017\/03\/02\/mamm-ciclo-de-cine-mujeres-arriba\/03-cine-mamm-3\/#main\" data-orig-file=\"https:\/\/www.hoymercedes.com.ar\/principal\/wp-content\/uploads\/2017\/03\/03-cine-mamm.jpg\" data-orig-size=\"630,408\" data-comments-opened=\"0\" data-image-meta=\"{&quot;aperture&quot;:&quot;0&quot;,&quot;credit&quot;:&quot;&quot;,&quot;camera&quot;:&quot;&quot;,&quot;caption&quot;:&quot;&quot;,&quot;created_timestamp&quot;:&quot;0&quot;,&quot;copyright&quot;:&quot;&quot;,&quot;focal_length&quot;:&quot;0&quot;,&quot;iso&quot;:&quot;0&quot;,&quot;shutter_speed&quot;:&quot;0&quot;,&quot;title&quot;:&quot;&quot;,&quot;orientation&quot;:&quot;0&quot;}\" data-image-title=\"03 cine mamm\" data-image-description=\"\" data-image-caption=\"\" data-large-file=\"https:\/\/www.hoymercedes.com.ar\/principal\/wp-content\/uploads\/2017\/03\/03-cine-mamm.jpg\" class=\"aligncenter size-medium wp-image-60218\" src=\"https:\/\/www.hoymercedes.com.ar\/principal\/wp-content\/uploads\/2017\/03\/03-cine-mamm-630x408.jpg\" alt=\"\" width=\"630\" height=\"408\" srcset=\"https:\/\/www.hoymercedes.com.ar\/principal\/wp-content\/uploads\/2017\/03\/03-cine-mamm.jpg 630w, https:\/\/www.hoymercedes.com.ar\/principal\/wp-content\/uploads\/2017\/03\/03-cine-mamm-150x97.jpg 150w\" sizes=\"auto, (max-width: 630px) 100vw, 630px\" \/><\/p>\n<p>Las pel\u00edculas seleccionadas, basadas en su mayor\u00eda en hechos ver\u00eddicos, repasar\u00e1n algunas de las historias m\u00e1s sobresalientes acerca de la vida de mujeres valientes que han logrado vencer la violencia e injusticias de una sociedad patriarcal y machista, en Oriente y Occidente, hallando el camino de lucha contra la opresi\u00f3n institucional y f\u00edsica, peleando por la igualdad de g\u00e9nero y derechos a\u00fan hoy vulnerados.<\/p>\n<p>Las pel\u00edculas se proyectar\u00e1n los jueves de marzo, a la hora 20, con entrada libre y gratuita en el\u00a0Museo de Arte Municipalidad de Mercedes (MAMM) Calle 23 n\u00ba 383.<\/p>\n<p>La pel\u00edcula que abre el nuevo Ciclo de Cine \u00abMujeres\u00a0Arriba\u00bb es Suffragette (Sufragistas) del a\u00f1o\u00a02015.\u00a0El elenco est\u00e1 integrado por Carey Mulligan, Helena Bonham Carter, Anne-Marie Duff, Brendan Gleeson, Ben Whishaw, Meryl Streep, Romola Garai, Samuel West, Geoff Bell, Natalie Press, Lee Nicholas Harris, Richard Banks, Adrian Schiller, Judit Novotnik y Morgan Watkins.<\/p>\n<p>Sinopsis: El movimiento sufragista naci\u00f3 en Inglaterra en v\u00edsperas de la Primera Guerra Mundial. La mayor\u00eda de las sufragistas no proced\u00edan de las clases altas, sino que eran obreras que ve\u00edan impotentes c\u00f3mo sus pac\u00edficas protestas no serv\u00edan para nada. Entonces se radicalizaron y, en su incansable lucha por conseguir la igualdad, se arriesgaron a perderlo todo: su trabajo, su casa, sus hijos y su vida. La protagonista es Maud (Carey Mulligan), una mujer que reivindic\u00f3 denodadamente la dignidad de las mujeres. (FILMAFFINITY)<\/p>\n<p>Premios<br \/>\n2015: Satellite Awards: Nominada a Mejor actriz (Carey Mulligan) y gui\u00f3n original<br \/>\n2015: British Independent Film Awards (BIFA): mejor actor sec. (Gleeson). 4 nominaciones<br \/>\n2016: Premios del Cine Europeo: Mejor dise\u00f1o de producci\u00f3n<\/p>\n","protected":false},"excerpt":{"rendered":"<p>Como todos los meses, a partir del pr\u00f3ximo jueves 2 de marzo comienza un nuevo ciclo de cine el Museo &#8230; <a title=\"MAMM: Ciclo de Cine \u00abMujeres Arriba\u00bb\" class=\"read-more\" href=\"https:\/\/www.hoymercedes.com.ar\/principal\/2017\/03\/02\/mamm-ciclo-de-cine-mujeres-arriba\/\" aria-label=\"Leer m\u00e1s sobre MAMM: Ciclo de Cine \u00abMujeres Arriba\u00bb\">Leer m\u00e1s<\/a><\/p>\n","protected":false},"author":1,"featured_media":60218,"comment_status":"closed","ping_status":"open","sticky":false,"template":"","format":"standard","meta":{"_monsterinsights_skip_tracking":false,"_monsterinsights_sitenote_active":false,"_monsterinsights_sitenote_note":"","_monsterinsights_sitenote_category":0,"jetpack_post_was_ever_published":false,"_jetpack_newsletter_access":"","_jetpack_dont_email_post_to_subs":false,"_jetpack_newsletter_tier_id":0,"_jetpack_memberships_contains_paywalled_content":false,"_jetpack_memberships_contains_paid_content":false,"footnotes":"","jetpack_publicize_message":"","jetpack_publicize_feature_enabled":true,"jetpack_social_post_already_shared":true,"jetpack_social_options":{"image_generator_settings":{"template":"highway","default_image_id":0,"font":"","enabled":false},"version":2},"_wpas_customize_per_network":false},"categories":[104],"tags":[5273,7805,8674],"class_list":["post-60107","post","type-post","status-publish","format-standard","has-post-thumbnail","hentry","category-cultura","tag-cine","tag-cultura","tag-mamm","generate-columns","tablet-grid-50","mobile-grid-100","grid-parent","grid-50"],"jetpack_publicize_connections":[],"jetpack_featured_media_url":"https:\/\/www.hoymercedes.com.ar\/principal\/wp-content\/uploads\/2017\/03\/03-cine-mamm.jpg","wps_subtitle":"Todos los jueves de marzo","jetpack_sharing_enabled":true,"_links":{"self":[{"href":"https:\/\/www.hoymercedes.com.ar\/principal\/wp-json\/wp\/v2\/posts\/60107","targetHints":{"allow":["GET"]}}],"collection":[{"href":"https:\/\/www.hoymercedes.com.ar\/principal\/wp-json\/wp\/v2\/posts"}],"about":[{"href":"https:\/\/www.hoymercedes.com.ar\/principal\/wp-json\/wp\/v2\/types\/post"}],"author":[{"embeddable":true,"href":"https:\/\/www.hoymercedes.com.ar\/principal\/wp-json\/wp\/v2\/users\/1"}],"replies":[{"embeddable":true,"href":"https:\/\/www.hoymercedes.com.ar\/principal\/wp-json\/wp\/v2\/comments?post=60107"}],"version-history":[{"count":0,"href":"https:\/\/www.hoymercedes.com.ar\/principal\/wp-json\/wp\/v2\/posts\/60107\/revisions"}],"wp:featuredmedia":[{"embeddable":true,"href":"https:\/\/www.hoymercedes.com.ar\/principal\/wp-json\/wp\/v2\/media\/60218"}],"wp:attachment":[{"href":"https:\/\/www.hoymercedes.com.ar\/principal\/wp-json\/wp\/v2\/media?parent=60107"}],"wp:term":[{"taxonomy":"category","embeddable":true,"href":"https:\/\/www.hoymercedes.com.ar\/principal\/wp-json\/wp\/v2\/categories?post=60107"},{"taxonomy":"post_tag","embeddable":true,"href":"https:\/\/www.hoymercedes.com.ar\/principal\/wp-json\/wp\/v2\/tags?post=60107"}],"curies":[{"name":"wp","href":"https:\/\/api.w.org\/{rel}","templated":true}]}}