{"id":60109,"date":"2017-02-25T10:42:26","date_gmt":"2017-02-25T13:42:26","guid":{"rendered":"http:\/\/www.hoymercedes.com.ar\/principal\/?p=60109"},"modified":"2017-02-25T10:42:26","modified_gmt":"2017-02-25T13:42:26","slug":"taller-de-experimentacion-en-fieltro","status":"publish","type":"post","link":"https:\/\/www.hoymercedes.com.ar\/principal\/2017\/02\/25\/taller-de-experimentacion-en-fieltro\/","title":{"rendered":"Taller de Experimentaci\u00f3n en Fieltro"},"content":{"rendered":"<p>En el marco de la muestra \u00abTEXERE\u00bb la artista Rosana Cartolano brindar\u00e1 un taller de fieltro. Esta t\u00e9cnica milenaria permite realizar pa\u00f1os no tejidos utilizando fibra de lana sin que \u00e9sta pierda sus propiedades.<\/p>\n<p><img loading=\"lazy\" decoding=\"async\" data-attachment-id=\"60110\" data-permalink=\"https:\/\/www.hoymercedes.com.ar\/principal\/2017\/02\/25\/taller-de-experimentacion-en-fieltro\/25-rosana-cartolano\/#main\" data-orig-file=\"https:\/\/www.hoymercedes.com.ar\/principal\/wp-content\/uploads\/2017\/02\/25-Rosana-Cartolano.jpg\" data-orig-size=\"630,630\" data-comments-opened=\"0\" data-image-meta=\"{&quot;aperture&quot;:&quot;0&quot;,&quot;credit&quot;:&quot;&quot;,&quot;camera&quot;:&quot;&quot;,&quot;caption&quot;:&quot;&quot;,&quot;created_timestamp&quot;:&quot;0&quot;,&quot;copyright&quot;:&quot;&quot;,&quot;focal_length&quot;:&quot;0&quot;,&quot;iso&quot;:&quot;0&quot;,&quot;shutter_speed&quot;:&quot;0&quot;,&quot;title&quot;:&quot;&quot;,&quot;orientation&quot;:&quot;0&quot;}\" data-image-title=\"25 Rosana Cartolano\" data-image-description=\"\" data-image-caption=\"\" data-large-file=\"https:\/\/www.hoymercedes.com.ar\/principal\/wp-content\/uploads\/2017\/02\/25-Rosana-Cartolano.jpg\" class=\"aligncenter size-medium wp-image-60110\" src=\"https:\/\/www.hoymercedes.com.ar\/principal\/wp-content\/uploads\/2017\/02\/25-Rosana-Cartolano-620x620.jpg\" alt=\"\" width=\"620\" height=\"620\" srcset=\"https:\/\/www.hoymercedes.com.ar\/principal\/wp-content\/uploads\/2017\/02\/25-Rosana-Cartolano-620x620.jpg 620w, https:\/\/www.hoymercedes.com.ar\/principal\/wp-content\/uploads\/2017\/02\/25-Rosana-Cartolano-150x150.jpg 150w, https:\/\/www.hoymercedes.com.ar\/principal\/wp-content\/uploads\/2017\/02\/25-Rosana-Cartolano.jpg 630w\" sizes=\"auto, (max-width: 620px) 100vw, 620px\" \/><\/p>\n<p>\u00abConoc\u00ed la t\u00e9cnica hace diez a\u00f1os y desde entonces me he dedicado a investigar sus posibilidades y aplicaciones con diversas calidades de lana pero lo que m\u00e1s me maravill\u00f3 fue la posibilidad de trabajar comunitariamente en la realizaci\u00f3n de piezas\u00bb, explica Rosana Cartolano.<\/p>\n<p>\u00abAs\u00ed he propuesto el acercamiento al oficio a diversos grupos de la regi\u00f3n donde vivo, de Chile y de M\u00e9xico. Buscando generar lazos entre quienes trabajan y promoviendo el desarrollo comunitario desde la realizaci\u00f3n de piezas utilitarias o decorativas. Han nacido alfombras, mandiles para caballos, ropa, tapices, pa\u00f1os para prensas de grabado, mu\u00f1ecos y otros muchos objetos\u00bb, agrega la artista.<\/p>\n<p>Es el fieltro tambi\u00e9n una t\u00e9cnica expresiva que permite explorar con texturas, colores y formas en volumen.\u00a0En esta oportunidad la artista propone experimentar con la lana realizando un pa\u00f1o b\u00e1sico y aplicando color y algunas texturas y vol\u00famenes a partir de la t\u00e9cnica de fieltro h\u00famedo.<\/p>\n<p>Dia y horario:\u00a0lunes 6 de marzo. 18 horas<\/p>\n<p>Duraci\u00f3n:\u00a03 horas aproximadamente.<\/p>\n<p>Destinatarios:\u00a0j\u00f3venes y adultos con curiosidad, artesanos, artistas, maestros.<\/p>\n<p>Materiales que se solicitan a los participantes:\u00a0Una bolsa de nylon transparente,\u00a0Una toalla vieja,\u00a0Botella de agua o gaseosa chica con tapa agujereada, y\u00a0Delantal para proteger la ropa.<\/p>\n<p>Material que aporta la tallerista:\u00a0muestrarios de pa\u00f1os y objetos realizados en fieltro,\u00a0lanas blancas y te\u00f1idas, gomas de base y\u00a0PC y presentaci\u00f3n con im\u00e1genes para introducir el curso.<\/p>\n<p>Bono contribuci\u00f3n Asociaci\u00f3n\u00a0de Amigos del Museo de Arte\u00a0$ 350 por participante.<\/p>\n<p>La actividad se realizar\u00e1 en el Museo de Arte de Mercedes. Calle 23 n\u00ba 383<\/p>\n","protected":false},"excerpt":{"rendered":"<p>En el marco de la muestra \u00abTEXERE\u00bb la artista Rosana Cartolano brindar\u00e1 un taller de fieltro. Esta t\u00e9cnica milenaria permite &#8230; <a title=\"Taller de Experimentaci\u00f3n en Fieltro\" class=\"read-more\" href=\"https:\/\/www.hoymercedes.com.ar\/principal\/2017\/02\/25\/taller-de-experimentacion-en-fieltro\/\" aria-label=\"Leer m\u00e1s sobre Taller de Experimentaci\u00f3n en Fieltro\">Leer m\u00e1s<\/a><\/p>\n","protected":false},"author":1,"featured_media":60110,"comment_status":"closed","ping_status":"open","sticky":false,"template":"","format":"standard","meta":{"_monsterinsights_skip_tracking":false,"_monsterinsights_sitenote_active":false,"_monsterinsights_sitenote_note":"","_monsterinsights_sitenote_category":0,"jetpack_post_was_ever_published":false,"_jetpack_newsletter_access":"","_jetpack_dont_email_post_to_subs":false,"_jetpack_newsletter_tier_id":0,"_jetpack_memberships_contains_paywalled_content":false,"_jetpack_memberships_contains_paid_content":false,"footnotes":"","jetpack_publicize_message":"","jetpack_publicize_feature_enabled":true,"jetpack_social_post_already_shared":true,"jetpack_social_options":{"image_generator_settings":{"template":"highway","default_image_id":0,"font":"","enabled":false},"version":2},"_wpas_customize_per_network":false},"categories":[104],"tags":[7805,10654,10653],"class_list":["post-60109","post","type-post","status-publish","format-standard","has-post-thumbnail","hentry","category-cultura","tag-cultura","tag-rosana-cartolano","tag-taller-de-fieltro","generate-columns","tablet-grid-50","mobile-grid-100","grid-parent","grid-50"],"jetpack_publicize_connections":[],"jetpack_featured_media_url":"https:\/\/www.hoymercedes.com.ar\/principal\/wp-content\/uploads\/2017\/02\/25-Rosana-Cartolano.jpg","wps_subtitle":"Previo a Texere","jetpack_sharing_enabled":true,"_links":{"self":[{"href":"https:\/\/www.hoymercedes.com.ar\/principal\/wp-json\/wp\/v2\/posts\/60109","targetHints":{"allow":["GET"]}}],"collection":[{"href":"https:\/\/www.hoymercedes.com.ar\/principal\/wp-json\/wp\/v2\/posts"}],"about":[{"href":"https:\/\/www.hoymercedes.com.ar\/principal\/wp-json\/wp\/v2\/types\/post"}],"author":[{"embeddable":true,"href":"https:\/\/www.hoymercedes.com.ar\/principal\/wp-json\/wp\/v2\/users\/1"}],"replies":[{"embeddable":true,"href":"https:\/\/www.hoymercedes.com.ar\/principal\/wp-json\/wp\/v2\/comments?post=60109"}],"version-history":[{"count":0,"href":"https:\/\/www.hoymercedes.com.ar\/principal\/wp-json\/wp\/v2\/posts\/60109\/revisions"}],"wp:featuredmedia":[{"embeddable":true,"href":"https:\/\/www.hoymercedes.com.ar\/principal\/wp-json\/wp\/v2\/media\/60110"}],"wp:attachment":[{"href":"https:\/\/www.hoymercedes.com.ar\/principal\/wp-json\/wp\/v2\/media?parent=60109"}],"wp:term":[{"taxonomy":"category","embeddable":true,"href":"https:\/\/www.hoymercedes.com.ar\/principal\/wp-json\/wp\/v2\/categories?post=60109"},{"taxonomy":"post_tag","embeddable":true,"href":"https:\/\/www.hoymercedes.com.ar\/principal\/wp-json\/wp\/v2\/tags?post=60109"}],"curies":[{"name":"wp","href":"https:\/\/api.w.org\/{rel}","templated":true}]}}