{"id":60112,"date":"2017-02-25T11:42:59","date_gmt":"2017-02-25T14:42:59","guid":{"rendered":"http:\/\/www.hoymercedes.com.ar\/principal\/?p=60112"},"modified":"2017-02-25T10:51:32","modified_gmt":"2017-02-25T13:51:32","slug":"selva-fue-parte-de-panel-en-la-fundacion-barbechando","status":"publish","type":"post","link":"https:\/\/www.hoymercedes.com.ar\/principal\/2017\/02\/25\/selva-fue-parte-de-panel-en-la-fundacion-barbechando\/","title":{"rendered":"Selva fue parte de panel en la Fundaci\u00f3n \u201cBarbechando\u201d"},"content":{"rendered":"<p><em><strong>Se analizaron los temas que ser\u00e1n tratados en este 2017, por el sector agroindustrial, tanto en el \u00e1mbito legislativo como en el resto de los \u00e1mbitos de gobierno y de la comunidad de negocios. La jornada se realiz\u00f3 este viernes.\u00a0<\/strong><\/em><\/p>\n<p><img loading=\"lazy\" decoding=\"async\" data-attachment-id=\"60116\" data-permalink=\"https:\/\/www.hoymercedes.com.ar\/principal\/2017\/02\/25\/selva-fue-parte-de-panel-en-la-fundacion-barbechando\/25-selvacampo1\/#main\" data-orig-file=\"https:\/\/www.hoymercedes.com.ar\/principal\/wp-content\/uploads\/2017\/02\/25-selvacampo1.jpg\" data-orig-size=\"512,317\" data-comments-opened=\"0\" data-image-meta=\"{&quot;aperture&quot;:&quot;0&quot;,&quot;credit&quot;:&quot;&quot;,&quot;camera&quot;:&quot;&quot;,&quot;caption&quot;:&quot;&quot;,&quot;created_timestamp&quot;:&quot;0&quot;,&quot;copyright&quot;:&quot;&quot;,&quot;focal_length&quot;:&quot;0&quot;,&quot;iso&quot;:&quot;0&quot;,&quot;shutter_speed&quot;:&quot;0&quot;,&quot;title&quot;:&quot;&quot;,&quot;orientation&quot;:&quot;0&quot;}\" data-image-title=\"25 selvacampo1\" data-image-description=\"\" data-image-caption=\"\" data-large-file=\"https:\/\/www.hoymercedes.com.ar\/principal\/wp-content\/uploads\/2017\/02\/25-selvacampo1.jpg\" class=\"aligncenter size-full wp-image-60116\" src=\"https:\/\/www.hoymercedes.com.ar\/principal\/wp-content\/uploads\/2017\/02\/25-selvacampo1.jpg\" alt=\"\" width=\"512\" height=\"317\" srcset=\"https:\/\/www.hoymercedes.com.ar\/principal\/wp-content\/uploads\/2017\/02\/25-selvacampo1.jpg 512w, https:\/\/www.hoymercedes.com.ar\/principal\/wp-content\/uploads\/2017\/02\/25-selvacampo1-150x93.jpg 150w\" sizes=\"auto, (max-width: 512px) 100vw, 512px\" \/><\/p>\n<p>El diputado nacional Carlos Selva, del Frente UNA, fue parte del panel de legisladores de la jornada realizada por la fundaci\u00f3n Barbechando, \u201cEl calendario legislativo del campo 2017\u201d, donde se analizaron los temas que ser\u00e1n tratados en este 2017, por el sector agroindustrial, tanto en el \u00e1mbito legislativo como en el resto de los \u00e1mbitos de gobierno y de la comunidad de negocios.<\/p>\n<p>El legislador de origen mercedino fue parte del encuentro junto a los diputados nacionales Gilberto Alegre (Presidente de la Comisi\u00f3n de Agricultura y Ganader\u00eda) y Juan Carlos Vilanova, y el jefe de gabinete del Ministerio de Agroindustria, Ingeniero Agr\u00f3nomo Guillermo Bernaudo.<\/p>\n<p>La jornada se realiz\u00f3 este viernes 24 de febrero en la localidad de Ingeniero Gaynor donde hubo 4 paneles, con entidades de la producci\u00f3n como Apresid, Acsoja y grupo Crea; y luego el sector gremial representado por la Sociedad Rural Argentina, Coninagro, CRA\u00a0y la Federaci\u00f3n Agraria.<\/p>\n<p>Posteriormente el jefe de gabinete del Ministerio de Agroindustria, Guillermo Bernardo, se dirigi\u00f3 a los presentes para dar paso finalmente al panel de legisladores representado por Selva, Alegre y Vilanova.<\/p>\n<p>Selva destac\u00f3 la \u201cestrategia de trabajo\u201d que se da \u201cpor encima de los sectores partidarios\u201d: \u201cLos despachos han salido por unanimidad en su mayor\u00eda, llegamos a las cadenas productivas en recorridos por el pa\u00eds, y conociendo in situ las problem\u00e1ticas de cada sector\u201d, record\u00f3 sobre lo hecho en 2016, y remarc\u00f3 algunas de las problem\u00e1ticas y desaf\u00edos que tienen por delante en cuanto a las producciones argentinas en el actual contexto.<\/p>\n<p>Remarc\u00f3 adem\u00e1s la incidencia de los aumentos de tarifas en las cadenas productivas. \u201cSe gener\u00f3 la perdida de coyuntura para defender con fuerza esto, y es acertado que nos convoquemos para volver a dar impulso. Debemos consensuar leyes y proyectos para beneficio de las econom\u00edas regionales, hay temas pendientes y trabajos que hacer, hay que articular y reunirse entre comisiones para avanzar con criterios un\u00e1nimes este a\u00f1o\u201d, expres\u00f3.<\/p>\n<p>&nbsp;<\/p>\n<p><strong>La Fundaci\u00f3n Barbechando<\/strong><\/p>\n<p>Barbechando surge en el 2008 en el contexto del tratamiento, en el Congreso de la Naci\u00f3n, de la resoluci\u00f3n 125, durante el cual aprendieron que no alcanza con protestar, sino que tambi\u00e9n deben dialogar y proponer. Es por eso que un grupo de productores agropecuarios, que mantuvo la presencia en el Congreso Nacional, resolvi\u00f3 no perder la experiencia ganada ni abandonar ese espacio \u2013el coraz\u00f3n de las leyes y la Rep\u00fablica\u2013 y crear la ONG Fundaci\u00f3n Barbechando en el 2011.<\/p>\n<p>Barbechando est\u00e1 compuesto por productores agropecuarios, de distintas regiones del pa\u00eds y con diferentes trayectorias, con vocaci\u00f3n participativa y una fuerte creencia en que es posible que la ciudadan\u00eda participe en la elaboraci\u00f3n de pol\u00edticas p\u00fablicas.<\/p>\n<p>&nbsp;<\/p>\n<p>Fuente: Web\u00a0Carlos Selva<\/p>\n","protected":false},"excerpt":{"rendered":"<p>Se analizaron los temas que ser\u00e1n tratados en este 2017, por el sector agroindustrial, tanto en el \u00e1mbito legislativo como &#8230; <a title=\"Selva fue parte de panel en la Fundaci\u00f3n \u201cBarbechando\u201d\" class=\"read-more\" href=\"https:\/\/www.hoymercedes.com.ar\/principal\/2017\/02\/25\/selva-fue-parte-de-panel-en-la-fundacion-barbechando\/\" aria-label=\"Leer m\u00e1s sobre Selva fue parte de panel en la Fundaci\u00f3n \u201cBarbechando\u201d\">Leer m\u00e1s<\/a><\/p>\n","protected":false},"author":1,"featured_media":60116,"comment_status":"closed","ping_status":"open","sticky":false,"template":"","format":"standard","meta":{"_monsterinsights_skip_tracking":false,"_monsterinsights_sitenote_active":false,"_monsterinsights_sitenote_note":"","_monsterinsights_sitenote_category":0,"jetpack_post_was_ever_published":false,"_jetpack_newsletter_access":"","_jetpack_dont_email_post_to_subs":false,"_jetpack_newsletter_tier_id":0,"_jetpack_memberships_contains_paywalled_content":false,"_jetpack_memberships_contains_paid_content":false,"footnotes":"","jetpack_publicize_message":"","jetpack_publicize_feature_enabled":true,"jetpack_social_post_already_shared":true,"jetpack_social_options":{"image_generator_settings":{"template":"highway","default_image_id":0,"font":"","enabled":false},"version":2},"_wpas_customize_per_network":false},"categories":[5,5210],"tags":[39,7500],"class_list":["post-60112","post","type-post","status-publish","format-standard","has-post-thumbnail","hentry","category-politica","category-politica-nacional","tag-carlos-selva","tag-diputado-nacional","generate-columns","tablet-grid-50","mobile-grid-100","grid-parent","grid-50"],"jetpack_publicize_connections":[],"jetpack_featured_media_url":"https:\/\/www.hoymercedes.com.ar\/principal\/wp-content\/uploads\/2017\/02\/25-selvacampo1.jpg","wps_subtitle":"Actividad legislativa","jetpack_sharing_enabled":true,"jetpack-related-posts":[{"id":115521,"url":"https:\/\/www.hoymercedes.com.ar\/principal\/2020\/08\/22\/selva-se-reunio-con-ministro-de-agricultura-ganaderia-y-pesca\/","url_meta":{"origin":60112,"position":0},"title":"Selva se reuni\u00f3 con Ministro de Agricultura, Ganaderi\u0301a y Pesca","author":"hoymercedes","date":"22 agosto, 2020","format":false,"excerpt":"El diputado nacional\u00a0Carlos Selva, del Frente de Todos, se reuni\u00f3 con el y Ministro de Agricultura, Ganader\u00eda y Pesca,\u00a0Luis Basterra, este jueves. El encuentro sirvi\u00f3 para profundizar en temas que el legislador ha venido trabajando en este tiempo y tienen que ver con los intereses de las econom\u00edas regionales. \u00abNos\u2026","rel":"","context":"En \u00abPol\u00edtica Nacional\u00bb","block_context":{"text":"Pol\u00edtica Nacional","link":"https:\/\/www.hoymercedes.com.ar\/principal\/category\/politica-nacional\/"},"img":{"alt_text":"","src":"https:\/\/i0.wp.com\/www.hoymercedes.com.ar\/principal\/wp-content\/uploads\/2020\/08\/22c-selva-agricu.jpg?resize=350%2C200&ssl=1","width":350,"height":200,"srcset":"https:\/\/i0.wp.com\/www.hoymercedes.com.ar\/principal\/wp-content\/uploads\/2020\/08\/22c-selva-agricu.jpg?resize=350%2C200&ssl=1 1x, https:\/\/i0.wp.com\/www.hoymercedes.com.ar\/principal\/wp-content\/uploads\/2020\/08\/22c-selva-agricu.jpg?resize=525%2C300&ssl=1 1.5x, https:\/\/i0.wp.com\/www.hoymercedes.com.ar\/principal\/wp-content\/uploads\/2020\/08\/22c-selva-agricu.jpg?resize=700%2C400&ssl=1 2x"},"classes":[]},{"id":66406,"url":"https:\/\/www.hoymercedes.com.ar\/principal\/2017\/08\/26\/referente-locales-de-1-pais-analizaron-panorama-electoral-de-cara-a-octubre\/","url_meta":{"origin":60112,"position":1},"title":"Referente locales de 1 Pa\u00eds analizaron panorama electoral de cara a octubre","author":"hoymercedes","date":"26 agosto, 2017","format":false,"excerpt":"Los m\u00e1ximos referente locales del Frente 1Pa\u00eds participaron de una cumbre de candidatos y referentes de ese espacio pol\u00edtico, para analizar los resultados electorales de las PASO y diagramar el trabajo de cara a las elecciones generales del pr\u00f3ximo 22 de octubre. El Diputado Nacional Carlos Selva, el Presidente del\u2026","rel":"","context":"En \u00abPol\u00edtica\u00bb","block_context":{"text":"Pol\u00edtica","link":"https:\/\/www.hoymercedes.com.ar\/principal\/category\/politica\/"},"img":{"alt_text":"","src":"https:\/\/i0.wp.com\/www.hoymercedes.com.ar\/principal\/wp-content\/uploads\/2017\/08\/26-1pais.jpg?resize=350%2C200&ssl=1","width":350,"height":200,"srcset":"https:\/\/i0.wp.com\/www.hoymercedes.com.ar\/principal\/wp-content\/uploads\/2017\/08\/26-1pais.jpg?resize=350%2C200&ssl=1 1x, https:\/\/i0.wp.com\/www.hoymercedes.com.ar\/principal\/wp-content\/uploads\/2017\/08\/26-1pais.jpg?resize=525%2C300&ssl=1 1.5x"},"classes":[]},{"id":138869,"url":"https:\/\/www.hoymercedes.com.ar\/principal\/2021\/10\/19\/selva-destaco-decision-del-gobernador-de-avanzar-en-ciencia-y-tecnologia\/","url_meta":{"origin":60112,"position":2},"title":"Selva destac\u00f3 decisi\u00f3n del gobernador de \u201cavanzar en ciencia y tecnolog\u00eda\u201d","author":"hoymercedes","date":"19 octubre, 2021","format":false,"excerpt":"El diputado nacional fue parte del acto de inauguraci\u00f3n este lunes por la tarde de la biof\u00e1brica en la Estaci\u00f3n Experimental de Gowland y manifest\u00f3 su satisfacci\u00f3n. Dialog\u00f3 largamente con Cristina Alvarez Rodriguez, tambi\u00e9n con el gobernador y con el ministro de Desarrollo Agrario. El diputado nacional Carlos Selva fue\u2026","rel":"","context":"En \u00abPol\u00edtica Nacional\u00bb","block_context":{"text":"Pol\u00edtica Nacional","link":"https:\/\/www.hoymercedes.com.ar\/principal\/category\/politica-nacional\/"},"img":{"alt_text":"","src":"https:\/\/i0.wp.com\/www.hoymercedes.com.ar\/principal\/wp-content\/uploads\/2021\/10\/selva-gowl.jpg?resize=350%2C200&ssl=1","width":350,"height":200,"srcset":"https:\/\/i0.wp.com\/www.hoymercedes.com.ar\/principal\/wp-content\/uploads\/2021\/10\/selva-gowl.jpg?resize=350%2C200&ssl=1 1x, https:\/\/i0.wp.com\/www.hoymercedes.com.ar\/principal\/wp-content\/uploads\/2021\/10\/selva-gowl.jpg?resize=525%2C300&ssl=1 1.5x, https:\/\/i0.wp.com\/www.hoymercedes.com.ar\/principal\/wp-content\/uploads\/2021\/10\/selva-gowl.jpg?resize=700%2C400&ssl=1 2x"},"classes":[]},{"id":116667,"url":"https:\/\/www.hoymercedes.com.ar\/principal\/2020\/09\/16\/selva-es-parte-de-gestiones-por-universidad-publica-para-zarate\/","url_meta":{"origin":60112,"position":3},"title":"Selva es parte de gestiones por universidad p\u00fablica para Z\u00e1rate","author":"hoymercedes","date":"16 septiembre, 2020","format":false,"excerpt":"En v\u00edsperas de un aniversario m\u00e1s de \u201cLa Noche de los L\u00e1pices\u201d (que record\u00f3 en sus redes sociales) el diputado nacional\u00a0Carlos Selva, del Frente de Todos, fue parte de un hecho hist\u00f3rico para la educaci\u00f3n de la localidad bonaerense de Z\u00e1rate, que busca tener una universidad p\u00fablica. Es que en\u2026","rel":"","context":"En \u00abPol\u00edtica Nacional\u00bb","block_context":{"text":"Pol\u00edtica Nacional","link":"https:\/\/www.hoymercedes.com.ar\/principal\/category\/politica-nacional\/"},"img":{"alt_text":"","src":"https:\/\/i0.wp.com\/www.hoymercedes.com.ar\/principal\/wp-content\/uploads\/2020\/09\/16-selva-zarate.jpg?resize=350%2C200&ssl=1","width":350,"height":200,"srcset":"https:\/\/i0.wp.com\/www.hoymercedes.com.ar\/principal\/wp-content\/uploads\/2020\/09\/16-selva-zarate.jpg?resize=350%2C200&ssl=1 1x, https:\/\/i0.wp.com\/www.hoymercedes.com.ar\/principal\/wp-content\/uploads\/2020\/09\/16-selva-zarate.jpg?resize=525%2C300&ssl=1 1.5x"},"classes":[]},{"id":121761,"url":"https:\/\/www.hoymercedes.com.ar\/principal\/2020\/12\/14\/carlos-selva-fue-parte-de-presentacion-de-libro-sobre-malvinas\/","url_meta":{"origin":60112,"position":4},"title":"Carlos Selva fue parte de presentaci\u00f3n de libro sobre Malvinas","author":"hoymercedes","date":"14 diciembre, 2020","format":false,"excerpt":"El diputado nacional\u00a0Carlos Selva\u00a0fue parte el viernes, en la Biblioteca Del Congreso de la Naci\u00f3n, Alsina 1835, Buenos Aires, de la presentaci\u00f3n del Libro \u201cArquitectura y Planeamiento en las Islas Malvinas (1764-1833)\u201d del Arquitecto Ram\u00f3n Guti\u00e9rrez. El libro se edit\u00f3 por un trabajo en conjunto de la Biblioteca del Congreso\u2026","rel":"","context":"En \u00abPol\u00edtica Nacional\u00bb","block_context":{"text":"Pol\u00edtica Nacional","link":"https:\/\/www.hoymercedes.com.ar\/principal\/category\/politica-nacional\/"},"img":{"alt_text":"","src":"https:\/\/i0.wp.com\/www.hoymercedes.com.ar\/principal\/wp-content\/uploads\/2020\/12\/14-selva-biblioteca.jpg?resize=350%2C200&ssl=1","width":350,"height":200,"srcset":"https:\/\/i0.wp.com\/www.hoymercedes.com.ar\/principal\/wp-content\/uploads\/2020\/12\/14-selva-biblioteca.jpg?resize=350%2C200&ssl=1 1x, https:\/\/i0.wp.com\/www.hoymercedes.com.ar\/principal\/wp-content\/uploads\/2020\/12\/14-selva-biblioteca.jpg?resize=525%2C300&ssl=1 1.5x"},"classes":[]},{"id":103374,"url":"https:\/\/www.hoymercedes.com.ar\/principal\/2019\/12\/03\/selva-fue-parte-de-plenario-de-came\/","url_meta":{"origin":60112,"position":5},"title":"Selva fue parte de plenario de CAME","author":"hoymercedes","date":"3 diciembre, 2019","format":false,"excerpt":"El diputado nacional Carlos Selva fue parte activamente del \u00faltimo plenario de CAME. Se trat\u00f3 del Plenario Nacional de Econom\u00edas Regionales organizado por la Confederaci\u00f3n Argentina de la Mediana Empresa (CAME). \u201cEl desarrollo de las econom\u00edas regionales, el fortalecimiento de los sectores productivos y el impulso de las peque\u00f1as y\u2026","rel":"","context":"En \u00abPol\u00edtica Nacional\u00bb","block_context":{"text":"Pol\u00edtica Nacional","link":"https:\/\/www.hoymercedes.com.ar\/principal\/category\/politica-nacional\/"},"img":{"alt_text":"","src":"https:\/\/i0.wp.com\/www.hoymercedes.com.ar\/principal\/wp-content\/uploads\/2019\/12\/SelvaCAME4.jpg?resize=350%2C200&ssl=1","width":350,"height":200,"srcset":"https:\/\/i0.wp.com\/www.hoymercedes.com.ar\/principal\/wp-content\/uploads\/2019\/12\/SelvaCAME4.jpg?resize=350%2C200&ssl=1 1x, https:\/\/i0.wp.com\/www.hoymercedes.com.ar\/principal\/wp-content\/uploads\/2019\/12\/SelvaCAME4.jpg?resize=525%2C300&ssl=1 1.5x, https:\/\/i0.wp.com\/www.hoymercedes.com.ar\/principal\/wp-content\/uploads\/2019\/12\/SelvaCAME4.jpg?resize=700%2C400&ssl=1 2x"},"classes":[]}],"_links":{"self":[{"href":"https:\/\/www.hoymercedes.com.ar\/principal\/wp-json\/wp\/v2\/posts\/60112","targetHints":{"allow":["GET"]}}],"collection":[{"href":"https:\/\/www.hoymercedes.com.ar\/principal\/wp-json\/wp\/v2\/posts"}],"about":[{"href":"https:\/\/www.hoymercedes.com.ar\/principal\/wp-json\/wp\/v2\/types\/post"}],"author":[{"embeddable":true,"href":"https:\/\/www.hoymercedes.com.ar\/principal\/wp-json\/wp\/v2\/users\/1"}],"replies":[{"embeddable":true,"href":"https:\/\/www.hoymercedes.com.ar\/principal\/wp-json\/wp\/v2\/comments?post=60112"}],"version-history":[{"count":0,"href":"https:\/\/www.hoymercedes.com.ar\/principal\/wp-json\/wp\/v2\/posts\/60112\/revisions"}],"wp:featuredmedia":[{"embeddable":true,"href":"https:\/\/www.hoymercedes.com.ar\/principal\/wp-json\/wp\/v2\/media\/60116"}],"wp:attachment":[{"href":"https:\/\/www.hoymercedes.com.ar\/principal\/wp-json\/wp\/v2\/media?parent=60112"}],"wp:term":[{"taxonomy":"category","embeddable":true,"href":"https:\/\/www.hoymercedes.com.ar\/principal\/wp-json\/wp\/v2\/categories?post=60112"},{"taxonomy":"post_tag","embeddable":true,"href":"https:\/\/www.hoymercedes.com.ar\/principal\/wp-json\/wp\/v2\/tags?post=60112"}],"curies":[{"name":"wp","href":"https:\/\/api.w.org\/{rel}","templated":true}]}}