{"id":60165,"date":"2017-02-27T13:24:40","date_gmt":"2017-02-27T16:24:40","guid":{"rendered":"http:\/\/www.hoymercedes.com.ar\/principal\/?p=60165"},"modified":"2017-02-27T13:26:51","modified_gmt":"2017-02-27T16:26:51","slug":"inauguraran-muestra-de-rosana-carolano","status":"publish","type":"post","link":"https:\/\/www.hoymercedes.com.ar\/principal\/2017\/02\/27\/inauguraran-muestra-de-rosana-carolano\/","title":{"rendered":"Inaugurar\u00e1n muestra de Rosana Carolano"},"content":{"rendered":"<p>El Museo de Arte Municipalidad de Mercedes (MAMM) inicia su ciclo de exposiciones con varias actividades, anticip\u00e1ndonos a la conmemoraci\u00f3n del D\u00eda Internacional de la Mujer. En esta oportunidad, Rosana Carolano expondr\u00e1 \u00abTexere\u00bb un d\u00eda despu\u00e9s de <a href=\"https:\/\/www.hoymercedes.com.ar\/principal\/2017\/02\/25\/taller-de-experimentacion-en-fieltro\/\" target=\"_blank\">la capacitaci\u00f3n <\/a>que brindar\u00e1 en el mismo lugar, el d\u00eda 7 de marzo, 19 horas.<\/p>\n<p>\u201cTexere\u201d es una muestra de tapices y peque\u00f1as esculturas textiles realizadas en lana con la t\u00e9cnica del fieltro agujado. La muestra est\u00e1 acompa\u00f1ada de fotograf\u00edas en detalle tomadas por una fot\u00f3grafa amiga y textos po\u00e9ticos.<\/p>\n<p>Es parte de una reflexi\u00f3n, de una b\u00fasqueda que llevo adelante para entender la relaci\u00f3n entre las mujeres y el mundo simb\u00f3lico del tejido. Son pensamientos tejidos e hilados con la mirada de una mujer que busca en sus or\u00edgenes y en otras mujeres la raz\u00f3n para seguir caminando. \u201cTexere\u201d es la excusa para iniciar el di\u00e1logo con otras mujeres.<\/p>\n<p>Rosana Cartolano llega desde Trelew, es madre, artesana textil, docente, titiritera, gestora cultural y coordinadora de la Escuela de Artesan\u00edas de Trelew, argentina.<\/p>\n<p>Para cerrar la noche actuar\u00e1\u00a0Virginia Altube con un repertorio de canciones de Violeta Parra y otras mujeres \u00a0que a trav\u00e9s de sus voces\u00a0han luchado por la igualdad de g\u00e9nero y derechos que a\u00fan hoy son vulnerados.<\/p>\n<p>La inauguraci\u00f3n de la exposici\u00f3n ser\u00e1 el martes 7 de marzo, a la hora 19. La entrada es libre y gratuita en el MAMM de calle 23 entre 18 y 16.<\/p>\n<p><img loading=\"lazy\" decoding=\"async\" data-attachment-id=\"60166\" data-permalink=\"https:\/\/www.hoymercedes.com.ar\/principal\/2017\/02\/27\/inauguraran-muestra-de-rosana-carolano\/27-cartolano-flyer\/#main\" data-orig-file=\"https:\/\/www.hoymercedes.com.ar\/principal\/wp-content\/uploads\/2017\/02\/27-Cartolano-Flyer.jpg\" data-orig-size=\"502,630\" data-comments-opened=\"0\" data-image-meta=\"{&quot;aperture&quot;:&quot;0&quot;,&quot;credit&quot;:&quot;&quot;,&quot;camera&quot;:&quot;&quot;,&quot;caption&quot;:&quot;&quot;,&quot;created_timestamp&quot;:&quot;0&quot;,&quot;copyright&quot;:&quot;&quot;,&quot;focal_length&quot;:&quot;0&quot;,&quot;iso&quot;:&quot;0&quot;,&quot;shutter_speed&quot;:&quot;0&quot;,&quot;title&quot;:&quot;&quot;,&quot;orientation&quot;:&quot;1&quot;}\" data-image-title=\"27 Cartolano Flyer\" data-image-description=\"\" data-image-caption=\"\" data-large-file=\"https:\/\/www.hoymercedes.com.ar\/principal\/wp-content\/uploads\/2017\/02\/27-Cartolano-Flyer.jpg\" class=\"aligncenter size-medium wp-image-60166\" src=\"https:\/\/www.hoymercedes.com.ar\/principal\/wp-content\/uploads\/2017\/02\/27-Cartolano-Flyer-494x620.jpg\" alt=\"\" width=\"494\" height=\"620\" srcset=\"https:\/\/www.hoymercedes.com.ar\/principal\/wp-content\/uploads\/2017\/02\/27-Cartolano-Flyer-494x620.jpg 494w, https:\/\/www.hoymercedes.com.ar\/principal\/wp-content\/uploads\/2017\/02\/27-Cartolano-Flyer-120x150.jpg 120w, https:\/\/www.hoymercedes.com.ar\/principal\/wp-content\/uploads\/2017\/02\/27-Cartolano-Flyer.jpg 502w\" sizes=\"auto, (max-width: 494px) 100vw, 494px\" \/><\/p>\n","protected":false},"excerpt":{"rendered":"<p>El Museo de Arte Municipalidad de Mercedes (MAMM) inicia su ciclo de exposiciones con varias actividades, anticip\u00e1ndonos a la conmemoraci\u00f3n &#8230; <a title=\"Inaugurar\u00e1n muestra de Rosana Carolano\" class=\"read-more\" href=\"https:\/\/www.hoymercedes.com.ar\/principal\/2017\/02\/27\/inauguraran-muestra-de-rosana-carolano\/\" aria-label=\"Leer m\u00e1s sobre Inaugurar\u00e1n muestra de Rosana Carolano\">Leer m\u00e1s<\/a><\/p>\n","protected":false},"author":1,"featured_media":60166,"comment_status":"closed","ping_status":"open","sticky":false,"template":"","format":"standard","meta":{"_monsterinsights_skip_tracking":false,"_monsterinsights_sitenote_active":false,"_monsterinsights_sitenote_note":"","_monsterinsights_sitenote_category":0,"jetpack_post_was_ever_published":false,"_jetpack_newsletter_access":"","_jetpack_dont_email_post_to_subs":true,"_jetpack_newsletter_tier_id":0,"_jetpack_memberships_contains_paywalled_content":false,"_jetpack_memberships_contains_paid_content":false,"footnotes":"","jetpack_publicize_message":"","jetpack_publicize_feature_enabled":true,"jetpack_social_post_already_shared":true,"jetpack_social_options":{"image_generator_settings":{"template":"highway","default_image_id":0,"font":"","enabled":false},"version":2},"_wpas_customize_per_network":false},"categories":[104],"tags":[7805,10663,8674,10662],"class_list":["post-60165","post","type-post","status-publish","format-standard","has-post-thumbnail","hentry","category-cultura","tag-cultura","tag-expocsicion","tag-mamm","tag-texere","generate-columns","tablet-grid-50","mobile-grid-100","grid-parent","grid-50"],"jetpack_publicize_connections":[],"jetpack_featured_media_url":"https:\/\/www.hoymercedes.com.ar\/principal\/wp-content\/uploads\/2017\/02\/27-Cartolano-Flyer.jpg","wps_subtitle":"En el MAMM","jetpack_sharing_enabled":true,"_links":{"self":[{"href":"https:\/\/www.hoymercedes.com.ar\/principal\/wp-json\/wp\/v2\/posts\/60165","targetHints":{"allow":["GET"]}}],"collection":[{"href":"https:\/\/www.hoymercedes.com.ar\/principal\/wp-json\/wp\/v2\/posts"}],"about":[{"href":"https:\/\/www.hoymercedes.com.ar\/principal\/wp-json\/wp\/v2\/types\/post"}],"author":[{"embeddable":true,"href":"https:\/\/www.hoymercedes.com.ar\/principal\/wp-json\/wp\/v2\/users\/1"}],"replies":[{"embeddable":true,"href":"https:\/\/www.hoymercedes.com.ar\/principal\/wp-json\/wp\/v2\/comments?post=60165"}],"version-history":[{"count":0,"href":"https:\/\/www.hoymercedes.com.ar\/principal\/wp-json\/wp\/v2\/posts\/60165\/revisions"}],"wp:featuredmedia":[{"embeddable":true,"href":"https:\/\/www.hoymercedes.com.ar\/principal\/wp-json\/wp\/v2\/media\/60166"}],"wp:attachment":[{"href":"https:\/\/www.hoymercedes.com.ar\/principal\/wp-json\/wp\/v2\/media?parent=60165"}],"wp:term":[{"taxonomy":"category","embeddable":true,"href":"https:\/\/www.hoymercedes.com.ar\/principal\/wp-json\/wp\/v2\/categories?post=60165"},{"taxonomy":"post_tag","embeddable":true,"href":"https:\/\/www.hoymercedes.com.ar\/principal\/wp-json\/wp\/v2\/tags?post=60165"}],"curies":[{"name":"wp","href":"https:\/\/api.w.org\/{rel}","templated":true}]}}