{"id":60212,"date":"2017-03-02T12:24:22","date_gmt":"2017-03-02T15:24:22","guid":{"rendered":"http:\/\/www.hoymercedes.com.ar\/principal\/?p=60212"},"modified":"2017-03-02T14:40:45","modified_gmt":"2017-03-02T17:40:45","slug":"destacan-el-triunfo-de-sequeira-como-la-mejor-pelea-del-ano","status":"publish","type":"post","link":"https:\/\/www.hoymercedes.com.ar\/principal\/2017\/03\/02\/destacan-el-triunfo-de-sequeira-como-la-mejor-pelea-del-ano\/","title":{"rendered":"Destacan el triunfo de Sequeira como \u00abla mejor pelea del a\u00f1o\u00bb"},"content":{"rendered":"<p><em><strong>El sitio Boxeo de Campeones destac\u00f3 la pelea entre Walter Sequeira y Elio Trosh disputada este s\u00e1bado en Mar del Plata como \u00abla mejor pelea del a\u00f1o en la Argentina hasta el momento\u00bb. En la misma, el \u00abYacar\u00e9\u00bb se coron\u00f3 como campe\u00f3n Argentino Mediopesado.<\/strong><\/em><\/p>\n<p><img loading=\"lazy\" decoding=\"async\" data-attachment-id=\"60213\" data-permalink=\"https:\/\/www.hoymercedes.com.ar\/principal\/2017\/03\/02\/destacan-el-triunfo-de-sequeira-como-la-mejor-pelea-del-ano\/captura-de-pantalla-2017-03-02-01-28-13\/#main\" data-orig-file=\"https:\/\/www.hoymercedes.com.ar\/principal\/wp-content\/uploads\/2017\/03\/Captura-de-pantalla-2017-03-02-01.28.13.png\" data-orig-size=\"511,475\" data-comments-opened=\"0\" data-image-meta=\"{&quot;aperture&quot;:&quot;0&quot;,&quot;credit&quot;:&quot;&quot;,&quot;camera&quot;:&quot;&quot;,&quot;caption&quot;:&quot;&quot;,&quot;created_timestamp&quot;:&quot;0&quot;,&quot;copyright&quot;:&quot;&quot;,&quot;focal_length&quot;:&quot;0&quot;,&quot;iso&quot;:&quot;0&quot;,&quot;shutter_speed&quot;:&quot;0&quot;,&quot;title&quot;:&quot;&quot;,&quot;orientation&quot;:&quot;0&quot;}\" data-image-title=\"Captura de pantalla 2017-03-02 01.28.13\" data-image-description=\"\" data-image-caption=\"\" data-large-file=\"https:\/\/www.hoymercedes.com.ar\/principal\/wp-content\/uploads\/2017\/03\/Captura-de-pantalla-2017-03-02-01.28.13.png\" class=\"aligncenter size-full wp-image-60213\" src=\"https:\/\/www.hoymercedes.com.ar\/principal\/wp-content\/uploads\/2017\/03\/Captura-de-pantalla-2017-03-02-01.28.13.png\" alt=\"\" width=\"511\" height=\"475\" srcset=\"https:\/\/www.hoymercedes.com.ar\/principal\/wp-content\/uploads\/2017\/03\/Captura-de-pantalla-2017-03-02-01.28.13.png 511w, https:\/\/www.hoymercedes.com.ar\/principal\/wp-content\/uploads\/2017\/03\/Captura-de-pantalla-2017-03-02-01.28.13-150x139.png 150w, https:\/\/www.hoymercedes.com.ar\/principal\/wp-content\/uploads\/2017\/03\/Captura-de-pantalla-2017-03-02-01.28.13-140x130.png 140w, https:\/\/www.hoymercedes.com.ar\/principal\/wp-content\/uploads\/2017\/03\/Captura-de-pantalla-2017-03-02-01.28.13-60x57.png 60w\" sizes=\"auto, (max-width: 511px) 100vw, 511px\" \/><\/p>\n<p>Seg\u00fan destaca el sitio en su cuenta de Facebook, \u00abSequeira y Elio Trosch protagonizaron el S\u00e1bado, lo que hasta ahora es el mejor combate en el \u00e1mbito del Boxeo Nacional.\u00a0El Mercedino visit\u00f3 la lona en el primer round, mientras que el santiague\u00f1o hizo lo propio en el 6\u00ba. El Yacar\u00e9 recibi\u00f3 un punto de descuento en el 7\u00ba pero tir\u00f3 a su rival en el 8\u00ba y una vez mas en el 9\u00ba, para quedarse con el Cetro Argentino de los Semipesados\u00bb.<\/p>\n<p>Y lo acompa\u00f1a con un video de los \u00faltimos 40 segundos del \u00faltimo round que se disput\u00f3.<\/p>\n<p><span class=\"embed-youtube\" style=\"text-align:center; display: block;\"><iframe loading=\"lazy\" class=\"youtube-player\" width=\"1200\" height=\"675\" src=\"https:\/\/www.youtube.com\/embed\/9THik7BFzIc?version=3&#038;rel=1&#038;showsearch=0&#038;showinfo=1&#038;iv_load_policy=1&#038;fs=1&#038;hl=es-ES&#038;autohide=2&#038;wmode=transparent\" allowfullscreen=\"true\" style=\"border:0;\" sandbox=\"allow-scripts allow-same-origin allow-popups allow-presentation allow-popups-to-escape-sandbox\"><\/iframe><\/span><\/p>\n<p>&nbsp;<\/p>\n","protected":false},"excerpt":{"rendered":"<p>El sitio Boxeo de Campeones destac\u00f3 la pelea entre Walter Sequeira y Elio Trosh disputada este s\u00e1bado en Mar del &#8230; <a title=\"Destacan el triunfo de Sequeira como \u00abla mejor pelea del a\u00f1o\u00bb\" class=\"read-more\" href=\"https:\/\/www.hoymercedes.com.ar\/principal\/2017\/03\/02\/destacan-el-triunfo-de-sequeira-como-la-mejor-pelea-del-ano\/\" aria-label=\"Leer m\u00e1s sobre Destacan el triunfo de Sequeira como \u00abla mejor pelea del a\u00f1o\u00bb\">Leer m\u00e1s<\/a><\/p>\n","protected":false},"author":1,"featured_media":60213,"comment_status":"closed","ping_status":"open","sticky":false,"template":"","format":"standard","meta":{"_monsterinsights_skip_tracking":false,"_monsterinsights_sitenote_active":false,"_monsterinsights_sitenote_note":"","_monsterinsights_sitenote_category":0,"jetpack_post_was_ever_published":false,"_jetpack_newsletter_access":"","_jetpack_dont_email_post_to_subs":true,"_jetpack_newsletter_tier_id":0,"_jetpack_memberships_contains_paywalled_content":false,"_jetpack_memberships_contains_paid_content":false,"footnotes":"","jetpack_publicize_message":"","jetpack_publicize_feature_enabled":true,"jetpack_social_post_already_shared":true,"jetpack_social_options":{"image_generator_settings":{"template":"highway","default_image_id":0,"font":"","enabled":false},"version":2},"_wpas_customize_per_network":false},"categories":[21],"tags":[1279,204,3806],"class_list":["post-60212","post","type-post","status-publish","format-standard","has-post-thumbnail","hentry","category-deportes","tag-boxeo","tag-deportes-2","tag-walter-yacare-sequeira","generate-columns","tablet-grid-50","mobile-grid-100","grid-parent","grid-50"],"jetpack_publicize_connections":[],"jetpack_featured_media_url":"https:\/\/www.hoymercedes.com.ar\/principal\/wp-content\/uploads\/2017\/03\/Captura-de-pantalla-2017-03-02-01.28.13.png","wps_subtitle":"Boxeo","jetpack_sharing_enabled":true,"_links":{"self":[{"href":"https:\/\/www.hoymercedes.com.ar\/principal\/wp-json\/wp\/v2\/posts\/60212","targetHints":{"allow":["GET"]}}],"collection":[{"href":"https:\/\/www.hoymercedes.com.ar\/principal\/wp-json\/wp\/v2\/posts"}],"about":[{"href":"https:\/\/www.hoymercedes.com.ar\/principal\/wp-json\/wp\/v2\/types\/post"}],"author":[{"embeddable":true,"href":"https:\/\/www.hoymercedes.com.ar\/principal\/wp-json\/wp\/v2\/users\/1"}],"replies":[{"embeddable":true,"href":"https:\/\/www.hoymercedes.com.ar\/principal\/wp-json\/wp\/v2\/comments?post=60212"}],"version-history":[{"count":0,"href":"https:\/\/www.hoymercedes.com.ar\/principal\/wp-json\/wp\/v2\/posts\/60212\/revisions"}],"wp:featuredmedia":[{"embeddable":true,"href":"https:\/\/www.hoymercedes.com.ar\/principal\/wp-json\/wp\/v2\/media\/60213"}],"wp:attachment":[{"href":"https:\/\/www.hoymercedes.com.ar\/principal\/wp-json\/wp\/v2\/media?parent=60212"}],"wp:term":[{"taxonomy":"category","embeddable":true,"href":"https:\/\/www.hoymercedes.com.ar\/principal\/wp-json\/wp\/v2\/categories?post=60212"},{"taxonomy":"post_tag","embeddable":true,"href":"https:\/\/www.hoymercedes.com.ar\/principal\/wp-json\/wp\/v2\/tags?post=60212"}],"curies":[{"name":"wp","href":"https:\/\/api.w.org\/{rel}","templated":true}]}}