{"id":60222,"date":"2017-03-02T15:11:35","date_gmt":"2017-03-02T18:11:35","guid":{"rendered":"http:\/\/www.hoymercedes.com.ar\/principal\/?p=60222"},"modified":"2017-03-02T15:11:35","modified_gmt":"2017-03-02T18:11:35","slug":"musica-para-el-dia-de-la-mujer","status":"publish","type":"post","link":"https:\/\/www.hoymercedes.com.ar\/principal\/2017\/03\/02\/musica-para-el-dia-de-la-mujer\/","title":{"rendered":"M\u00fasica para el D\u00eda de la Mujer"},"content":{"rendered":"<p>Desde ATE \u00a0y la CTA Aut\u00f3noma invitan a todas las mujeres a conmemorar el D\u00eda Internacional de la Mujer Trabajadora el d\u00eda 8 de marzo. El evento ser\u00e1 ese d\u00eda a partir de la hora 19 en la Plaza Belgrano (frente al Hospital). La propuesta es que las mujeres compartan un momento de m\u00fasica y mate en las \u00faltimas horas de la tarde. Actuar\u00e1n Virginia Altube, Marilina Erramuspe y Mariel Solari.<\/p>\n","protected":false},"excerpt":{"rendered":"<p>Desde ATE \u00a0y la CTA Aut\u00f3noma invitan a todas las mujeres a conmemorar el D\u00eda Internacional de la Mujer Trabajadora &#8230; <a title=\"M\u00fasica para el D\u00eda de la Mujer\" class=\"read-more\" href=\"https:\/\/www.hoymercedes.com.ar\/principal\/2017\/03\/02\/musica-para-el-dia-de-la-mujer\/\" aria-label=\"Leer m\u00e1s sobre M\u00fasica para el D\u00eda de la Mujer\">Leer m\u00e1s<\/a><\/p>\n","protected":false},"author":1,"featured_media":0,"comment_status":"closed","ping_status":"open","sticky":false,"template":"","format":"standard","meta":{"_monsterinsights_skip_tracking":false,"_monsterinsights_sitenote_active":false,"_monsterinsights_sitenote_note":"","_monsterinsights_sitenote_category":0,"jetpack_post_was_ever_published":false,"_jetpack_newsletter_access":"","_jetpack_dont_email_post_to_subs":false,"_jetpack_newsletter_tier_id":0,"_jetpack_memberships_contains_paywalled_content":false,"_jetpack_memberships_contains_paid_content":false,"footnotes":"","jetpack_publicize_message":"","jetpack_publicize_feature_enabled":true,"jetpack_social_post_already_shared":true,"jetpack_social_options":{"image_generator_settings":{"template":"highway","default_image_id":0,"font":"","enabled":false},"version":2},"_wpas_customize_per_network":false},"categories":[11],"tags":[418,10059,525],"class_list":["post-60222","post","type-post","status-publish","format-standard","hentry","category-ciudad","tag-ate","tag-cta-autonoma","tag-dia-de-la-mujer","generate-columns","tablet-grid-50","mobile-grid-100","grid-parent","grid-50"],"jetpack_publicize_connections":[],"jetpack_featured_media_url":"","wps_subtitle":"","jetpack_sharing_enabled":true,"_links":{"self":[{"href":"https:\/\/www.hoymercedes.com.ar\/principal\/wp-json\/wp\/v2\/posts\/60222","targetHints":{"allow":["GET"]}}],"collection":[{"href":"https:\/\/www.hoymercedes.com.ar\/principal\/wp-json\/wp\/v2\/posts"}],"about":[{"href":"https:\/\/www.hoymercedes.com.ar\/principal\/wp-json\/wp\/v2\/types\/post"}],"author":[{"embeddable":true,"href":"https:\/\/www.hoymercedes.com.ar\/principal\/wp-json\/wp\/v2\/users\/1"}],"replies":[{"embeddable":true,"href":"https:\/\/www.hoymercedes.com.ar\/principal\/wp-json\/wp\/v2\/comments?post=60222"}],"version-history":[{"count":0,"href":"https:\/\/www.hoymercedes.com.ar\/principal\/wp-json\/wp\/v2\/posts\/60222\/revisions"}],"wp:attachment":[{"href":"https:\/\/www.hoymercedes.com.ar\/principal\/wp-json\/wp\/v2\/media?parent=60222"}],"wp:term":[{"taxonomy":"category","embeddable":true,"href":"https:\/\/www.hoymercedes.com.ar\/principal\/wp-json\/wp\/v2\/categories?post=60222"},{"taxonomy":"post_tag","embeddable":true,"href":"https:\/\/www.hoymercedes.com.ar\/principal\/wp-json\/wp\/v2\/tags?post=60222"}],"curies":[{"name":"wp","href":"https:\/\/api.w.org\/{rel}","templated":true}]}}