{"id":60224,"date":"2017-03-02T16:16:31","date_gmt":"2017-03-02T19:16:31","guid":{"rendered":"http:\/\/www.hoymercedes.com.ar\/principal\/?p=60224"},"modified":"2017-03-02T15:34:51","modified_gmt":"2017-03-02T18:34:51","slug":"inician-capacitacion-en-programa-jovenes-con-mas-y-mejor-trabajo","status":"publish","type":"post","link":"https:\/\/www.hoymercedes.com.ar\/principal\/2017\/03\/02\/inician-capacitacion-en-programa-jovenes-con-mas-y-mejor-trabajo\/","title":{"rendered":"Inician capacitaci\u00f3n en Programa \u00abJ\u00f3venes con M\u00e1s y Mejor Trabajo\u00bb"},"content":{"rendered":"<p>Durante esta semana, a trav\u00e9s del Programa \u201cJ\u00f3venes con m\u00e1s y Mejor Trabajo\u201d, el cual capacita y apoya a los j\u00f3venes en la b\u00fasqueda de un empleo, se dio comienzo a los primeros \u00abEntrenamientos para el Trabajo\u201d .<\/p>\n<p><img loading=\"lazy\" decoding=\"async\" data-attachment-id=\"60226\" data-permalink=\"https:\/\/www.hoymercedes.com.ar\/principal\/2017\/03\/02\/inician-capacitacion-en-programa-jovenes-con-mas-y-mejor-trabajo\/02-muni-juventud\/#main\" data-orig-file=\"https:\/\/www.hoymercedes.com.ar\/principal\/wp-content\/uploads\/2017\/03\/02-muni-juventud.jpg\" data-orig-size=\"630,322\" data-comments-opened=\"0\" data-image-meta=\"{&quot;aperture&quot;:&quot;0&quot;,&quot;credit&quot;:&quot;&quot;,&quot;camera&quot;:&quot;&quot;,&quot;caption&quot;:&quot;&quot;,&quot;created_timestamp&quot;:&quot;0&quot;,&quot;copyright&quot;:&quot;&quot;,&quot;focal_length&quot;:&quot;0&quot;,&quot;iso&quot;:&quot;0&quot;,&quot;shutter_speed&quot;:&quot;0&quot;,&quot;title&quot;:&quot;&quot;,&quot;orientation&quot;:&quot;0&quot;}\" data-image-title=\"02 muni juventud\" data-image-description=\"\" data-image-caption=\"\" data-large-file=\"https:\/\/www.hoymercedes.com.ar\/principal\/wp-content\/uploads\/2017\/03\/02-muni-juventud.jpg\" class=\"aligncenter size-medium wp-image-60226\" src=\"https:\/\/www.hoymercedes.com.ar\/principal\/wp-content\/uploads\/2017\/03\/02-muni-juventud-630x322.jpg\" alt=\"\" width=\"630\" height=\"322\" srcset=\"https:\/\/www.hoymercedes.com.ar\/principal\/wp-content\/uploads\/2017\/03\/02-muni-juventud.jpg 630w, https:\/\/www.hoymercedes.com.ar\/principal\/wp-content\/uploads\/2017\/03\/02-muni-juventud-150x77.jpg 150w\" sizes=\"auto, (max-width: 630px) 100vw, 630px\" \/><\/p>\n<p>Desde las \u00e1reas municipales de Juventud y Empleo destacaron que la empresa de sonido y grabaci\u00f3n \u00abUmbral Producciones\u00bb participa del proyecto con entrenamientos a modo de \u00abpasant\u00edas laborales\u00bb que le permiten\u00a0a los j\u00f3venes acceder a experiencias laborales, capacitarse en diversos rubros y poseer un salario mensual con ayuda del Ministerio de Trabajo.<\/p>\n<p>Se esperan para marzo la inserci\u00f3n de m\u00e1s de 30 j\u00f3venes en Empresas de nuestra Ciudad que ya solicitaron Entrenamientos.<\/p>\n<p>Eugenia C\u00f3dega, Coordinadora de Pol\u00edticas Juveniles de la Secretar\u00eda de Desarrollo Social, expres\u00f3 que se generan herramientas inclusivas en la juventud mediante programas que permitan trabajar de cerca con ellos y apoyarlos en la inserci\u00f3n laboral. \u00abAgradecemos la disposici\u00f3n de las Empresas para poder llevar adelante en conjunto con ellos este programa\u201d, agreg\u00f3.<\/p>\n<p>Fuente: Prensa Municipal<\/p>\n","protected":false},"excerpt":{"rendered":"<p>Durante esta semana, a trav\u00e9s del Programa \u201cJ\u00f3venes con m\u00e1s y Mejor Trabajo\u201d, el cual capacita y apoya a los &#8230; <a title=\"Inician capacitaci\u00f3n en Programa \u00abJ\u00f3venes con M\u00e1s y Mejor Trabajo\u00bb\" class=\"read-more\" href=\"https:\/\/www.hoymercedes.com.ar\/principal\/2017\/03\/02\/inician-capacitacion-en-programa-jovenes-con-mas-y-mejor-trabajo\/\" aria-label=\"Leer m\u00e1s sobre Inician capacitaci\u00f3n en Programa \u00abJ\u00f3venes con M\u00e1s y Mejor Trabajo\u00bb\">Leer m\u00e1s<\/a><\/p>\n","protected":false},"author":1,"featured_media":60226,"comment_status":"closed","ping_status":"open","sticky":false,"template":"","format":"standard","meta":{"_monsterinsights_skip_tracking":false,"_monsterinsights_sitenote_active":false,"_monsterinsights_sitenote_note":"","_monsterinsights_sitenote_category":0,"jetpack_post_was_ever_published":false,"_jetpack_newsletter_access":"","_jetpack_dont_email_post_to_subs":false,"_jetpack_newsletter_tier_id":0,"_jetpack_memberships_contains_paywalled_content":false,"_jetpack_memberships_contains_paid_content":false,"footnotes":"","jetpack_publicize_message":"","jetpack_publicize_feature_enabled":true,"jetpack_social_post_already_shared":true,"jetpack_social_options":{"image_generator_settings":{"template":"highway","default_image_id":0,"font":"","enabled":false},"version":2},"_wpas_customize_per_network":false},"categories":[30],"tags":[10669,244,1421,5676],"class_list":["post-60224","post","type-post","status-publish","format-standard","has-post-thumbnail","hentry","category-municipio","tag-jovenes-con-mas-y-mejor-trabajo","tag-municipio-2","tag-oficina-de-empleo","tag-politicas-juveniles","generate-columns","tablet-grid-50","mobile-grid-100","grid-parent","grid-50"],"jetpack_publicize_connections":[],"jetpack_featured_media_url":"https:\/\/www.hoymercedes.com.ar\/principal\/wp-content\/uploads\/2017\/03\/02-muni-juventud.jpg","wps_subtitle":"Participaci\u00f3n de empresas","jetpack_sharing_enabled":true,"_links":{"self":[{"href":"https:\/\/www.hoymercedes.com.ar\/principal\/wp-json\/wp\/v2\/posts\/60224","targetHints":{"allow":["GET"]}}],"collection":[{"href":"https:\/\/www.hoymercedes.com.ar\/principal\/wp-json\/wp\/v2\/posts"}],"about":[{"href":"https:\/\/www.hoymercedes.com.ar\/principal\/wp-json\/wp\/v2\/types\/post"}],"author":[{"embeddable":true,"href":"https:\/\/www.hoymercedes.com.ar\/principal\/wp-json\/wp\/v2\/users\/1"}],"replies":[{"embeddable":true,"href":"https:\/\/www.hoymercedes.com.ar\/principal\/wp-json\/wp\/v2\/comments?post=60224"}],"version-history":[{"count":0,"href":"https:\/\/www.hoymercedes.com.ar\/principal\/wp-json\/wp\/v2\/posts\/60224\/revisions"}],"wp:featuredmedia":[{"embeddable":true,"href":"https:\/\/www.hoymercedes.com.ar\/principal\/wp-json\/wp\/v2\/media\/60226"}],"wp:attachment":[{"href":"https:\/\/www.hoymercedes.com.ar\/principal\/wp-json\/wp\/v2\/media?parent=60224"}],"wp:term":[{"taxonomy":"category","embeddable":true,"href":"https:\/\/www.hoymercedes.com.ar\/principal\/wp-json\/wp\/v2\/categories?post=60224"},{"taxonomy":"post_tag","embeddable":true,"href":"https:\/\/www.hoymercedes.com.ar\/principal\/wp-json\/wp\/v2\/tags?post=60224"}],"curies":[{"name":"wp","href":"https:\/\/api.w.org\/{rel}","templated":true}]}}