{"id":60229,"date":"2017-03-02T17:00:55","date_gmt":"2017-03-02T20:00:55","guid":{"rendered":"http:\/\/www.hoymercedes.com.ar\/principal\/?p=60229"},"modified":"2017-03-02T16:09:33","modified_gmt":"2017-03-02T19:09:33","slug":"reabre-el-cine-con-moises-y-la-llamada","status":"publish","type":"post","link":"https:\/\/www.hoymercedes.com.ar\/principal\/2017\/03\/02\/reabre-el-cine-con-moises-y-la-llamada\/","title":{"rendered":"Reabre el cine con Moises y La Llamada"},"content":{"rendered":"<p>El Cine Mercedes reabre sus puertas despu\u00e9s de un breve receso por\u00a0carnaval para estrenar las dos pel\u00edculas que hab\u00eda anticipado. Desde el jueves 2 y hasta el martes 7 de marzo, podr\u00e1 verse a la hora 18 y 20:30 horas el film \u00abMoises y los Diez Mandamientos\u00bb (en castellano); mientras que la hora 23 y el s\u00e1bado trasnoche (1:00 horas) el film de terror \u00abLa Llamada 3\u00bb.<\/p>\n<p><img loading=\"lazy\" decoding=\"async\" data-attachment-id=\"60230\" data-permalink=\"https:\/\/www.hoymercedes.com.ar\/principal\/2017\/03\/02\/reabre-el-cine-con-moises-y-la-llamada\/02-cine-mercedes-llamada\/#main\" data-orig-file=\"https:\/\/www.hoymercedes.com.ar\/principal\/wp-content\/uploads\/2017\/03\/02-cine-mercedes-llamada.jpg\" data-orig-size=\"630,394\" data-comments-opened=\"0\" data-image-meta=\"{&quot;aperture&quot;:&quot;0&quot;,&quot;credit&quot;:&quot;&quot;,&quot;camera&quot;:&quot;&quot;,&quot;caption&quot;:&quot;&quot;,&quot;created_timestamp&quot;:&quot;0&quot;,&quot;copyright&quot;:&quot;&quot;,&quot;focal_length&quot;:&quot;0&quot;,&quot;iso&quot;:&quot;0&quot;,&quot;shutter_speed&quot;:&quot;0&quot;,&quot;title&quot;:&quot;&quot;,&quot;orientation&quot;:&quot;0&quot;}\" data-image-title=\"02 cine mercedes llamada\" data-image-description=\"\" data-image-caption=\"\" data-large-file=\"https:\/\/www.hoymercedes.com.ar\/principal\/wp-content\/uploads\/2017\/03\/02-cine-mercedes-llamada.jpg\" class=\"aligncenter size-medium wp-image-60230\" src=\"https:\/\/www.hoymercedes.com.ar\/principal\/wp-content\/uploads\/2017\/03\/02-cine-mercedes-llamada-630x394.jpg\" alt=\"\" width=\"630\" height=\"394\" srcset=\"https:\/\/www.hoymercedes.com.ar\/principal\/wp-content\/uploads\/2017\/03\/02-cine-mercedes-llamada.jpg 630w, https:\/\/www.hoymercedes.com.ar\/principal\/wp-content\/uploads\/2017\/03\/02-cine-mercedes-llamada-150x94.jpg 150w, https:\/\/www.hoymercedes.com.ar\/principal\/wp-content\/uploads\/2017\/03\/02-cine-mercedes-llamada-400x250.jpg 400w\" sizes=\"auto, (max-width: 630px) 100vw, 630px\" \/><\/p>\n<p>Sinopsis \u00abMoises y los Diez Mandamientos\u00bb:\u00a0La epopeya m\u00e1s grande de la Historia de la Humanidad. La pel\u00edcula sigue el liderazgo de Mois\u00e9s conduciendo al pueblo hebreo desde la esclavitud en Egipto hacia la libertad de la Tierra Prometida, de acuerdo al relato original del libro del \u00c9xodo en el Antiguo Testamento de la Biblia. Una historia de Fe como jam\u00e1s antes fue contada.<\/p>\n<p>Ver trailer:<\/p>\n<p><span class=\"embed-youtube\" style=\"text-align:center; display: block;\"><iframe loading=\"lazy\" class=\"youtube-player\" width=\"1200\" height=\"675\" src=\"https:\/\/www.youtube.com\/embed\/zhLXK_bK42M?version=3&#038;rel=1&#038;showsearch=0&#038;showinfo=1&#038;iv_load_policy=1&#038;fs=1&#038;hl=es-ES&#038;autohide=2&#038;wmode=transparent\" allowfullscreen=\"true\" style=\"border:0;\" sandbox=\"allow-scripts allow-same-origin allow-popups allow-presentation allow-popups-to-escape-sandbox\"><\/iframe><\/span><\/p>\n<p>&nbsp;<\/p>\n<p>Sinopsis La Llamada 3:\u00a0Una joven se preocupa por su novio cuando \u00e9l decide explorar una oscura subcultura cuyo centro de atenci\u00f3n es una misteriosa cinta de video que, aparentemente, mata al observador siete d\u00edas despu\u00e9s de que \u00e9ste la ha visto. La joven se sacrifica para salvar a su novio y al mismo tiempo hace un terrible descubrimiento: hay una \u00abpel\u00edcula dentro de la pel\u00edcula\u00bb que nadie ha visto antes.<\/p>\n<p>Ver trailer.<\/p>\n<p><span class=\"embed-youtube\" style=\"text-align:center; display: block;\"><iframe loading=\"lazy\" class=\"youtube-player\" width=\"1200\" height=\"675\" src=\"https:\/\/www.youtube.com\/embed\/bs19IbDIlRk?version=3&#038;rel=1&#038;showsearch=0&#038;showinfo=1&#038;iv_load_policy=1&#038;fs=1&#038;hl=es-ES&#038;autohide=2&#038;wmode=transparent\" allowfullscreen=\"true\" style=\"border:0;\" sandbox=\"allow-scripts allow-same-origin allow-popups allow-presentation allow-popups-to-escape-sandbox\"><\/iframe><\/span><\/p>\n","protected":false},"excerpt":{"rendered":"<p>El Cine Mercedes reabre sus puertas despu\u00e9s de un breve receso por\u00a0carnaval para estrenar las dos pel\u00edculas que hab\u00eda anticipado. &#8230; <a title=\"Reabre el cine con Moises y La Llamada\" class=\"read-more\" href=\"https:\/\/www.hoymercedes.com.ar\/principal\/2017\/03\/02\/reabre-el-cine-con-moises-y-la-llamada\/\" aria-label=\"Leer m\u00e1s sobre Reabre el cine con Moises y La Llamada\">Leer m\u00e1s<\/a><\/p>\n","protected":false},"author":1,"featured_media":60230,"comment_status":"closed","ping_status":"open","sticky":false,"template":"","format":"standard","meta":{"_monsterinsights_skip_tracking":false,"_monsterinsights_sitenote_active":false,"_monsterinsights_sitenote_note":"","_monsterinsights_sitenote_category":0,"jetpack_post_was_ever_published":false,"_jetpack_newsletter_access":"","_jetpack_dont_email_post_to_subs":false,"_jetpack_newsletter_tier_id":0,"_jetpack_memberships_contains_paywalled_content":false,"_jetpack_memberships_contains_paid_content":false,"footnotes":"","jetpack_publicize_message":"","jetpack_publicize_feature_enabled":true,"jetpack_social_post_already_shared":true,"jetpack_social_options":{"image_generator_settings":{"template":"highway","default_image_id":0,"font":"","enabled":false},"version":2},"_wpas_customize_per_network":false},"categories":[104,9000],"tags":[8770,984,7805,8642],"class_list":["post-60229","post","type-post","status-publish","format-standard","has-post-thumbnail","hentry","category-cultura","category-promocion","tag-cartelera","tag-cine-mercedes","tag-cultura","tag-programacion","generate-columns","tablet-grid-50","mobile-grid-100","grid-parent","grid-50"],"jetpack_publicize_connections":[],"jetpack_featured_media_url":"https:\/\/www.hoymercedes.com.ar\/principal\/wp-content\/uploads\/2017\/03\/02-cine-mercedes-llamada.jpg","wps_subtitle":"Cartelera ","jetpack_sharing_enabled":true,"_links":{"self":[{"href":"https:\/\/www.hoymercedes.com.ar\/principal\/wp-json\/wp\/v2\/posts\/60229","targetHints":{"allow":["GET"]}}],"collection":[{"href":"https:\/\/www.hoymercedes.com.ar\/principal\/wp-json\/wp\/v2\/posts"}],"about":[{"href":"https:\/\/www.hoymercedes.com.ar\/principal\/wp-json\/wp\/v2\/types\/post"}],"author":[{"embeddable":true,"href":"https:\/\/www.hoymercedes.com.ar\/principal\/wp-json\/wp\/v2\/users\/1"}],"replies":[{"embeddable":true,"href":"https:\/\/www.hoymercedes.com.ar\/principal\/wp-json\/wp\/v2\/comments?post=60229"}],"version-history":[{"count":0,"href":"https:\/\/www.hoymercedes.com.ar\/principal\/wp-json\/wp\/v2\/posts\/60229\/revisions"}],"wp:featuredmedia":[{"embeddable":true,"href":"https:\/\/www.hoymercedes.com.ar\/principal\/wp-json\/wp\/v2\/media\/60230"}],"wp:attachment":[{"href":"https:\/\/www.hoymercedes.com.ar\/principal\/wp-json\/wp\/v2\/media?parent=60229"}],"wp:term":[{"taxonomy":"category","embeddable":true,"href":"https:\/\/www.hoymercedes.com.ar\/principal\/wp-json\/wp\/v2\/categories?post=60229"},{"taxonomy":"post_tag","embeddable":true,"href":"https:\/\/www.hoymercedes.com.ar\/principal\/wp-json\/wp\/v2\/tags?post=60229"}],"curies":[{"name":"wp","href":"https:\/\/api.w.org\/{rel}","templated":true}]}}