{"id":60293,"date":"2017-03-04T10:45:36","date_gmt":"2017-03-04T13:45:36","guid":{"rendered":"http:\/\/www.hoymercedes.com.ar\/principal\/?p=60293"},"modified":"2017-03-04T10:45:36","modified_gmt":"2017-03-04T13:45:36","slug":"mario-wainfeld-presento-su-libro-en-la-trocha","status":"publish","type":"post","link":"https:\/\/www.hoymercedes.com.ar\/principal\/2017\/03\/04\/mario-wainfeld-presento-su-libro-en-la-trocha\/","title":{"rendered":"Mario Wainfeld present\u00f3 su libro en La Trocha"},"content":{"rendered":"<p>El periodista, escritor y docente universitario Mario Wainfeld visit\u00f3 Mercedes el \u00faltimo lunes de febrero con el objetivo de presentar su libro sobre el ex presidente fallecido N\u00e9stor Kirchner. El encuentro en el galp\u00f3n del Centro Cultural La Trocha convoc\u00f3 a una importante cantidad de mercedinos interesados en el tema. Wainfeld firm\u00f3 libros, se sac\u00f3 fotos e interactu\u00f3 con los presentes.<\/p>\n<p><img loading=\"lazy\" decoding=\"async\" data-attachment-id=\"60294\" data-permalink=\"https:\/\/www.hoymercedes.com.ar\/principal\/2017\/03\/04\/mario-wainfeld-presento-su-libro-en-la-trocha\/04-weinfeld-libro-1\/#main\" data-orig-file=\"https:\/\/www.hoymercedes.com.ar\/principal\/wp-content\/uploads\/2017\/03\/04-Weinfeld-libro-1.jpg\" data-orig-size=\"630,420\" data-comments-opened=\"0\" data-image-meta=\"{&quot;aperture&quot;:&quot;5&quot;,&quot;credit&quot;:&quot;???????????????????&quot;,&quot;camera&quot;:&quot;&quot;,&quot;caption&quot;:&quot;????????????????????????????????????&quot;,&quot;created_timestamp&quot;:&quot;0&quot;,&quot;copyright&quot;:&quot;Sebastian Ambrossio_&quot;,&quot;focal_length&quot;:&quot;135&quot;,&quot;iso&quot;:&quot;0&quot;,&quot;shutter_speed&quot;:&quot;0.00625&quot;,&quot;title&quot;:&quot;&quot;,&quot;orientation&quot;:&quot;1&quot;}\" data-image-title=\"04 Weinfeld libro 1\" data-image-description=\"\" data-image-caption=\"\" data-large-file=\"https:\/\/www.hoymercedes.com.ar\/principal\/wp-content\/uploads\/2017\/03\/04-Weinfeld-libro-1.jpg\" class=\"aligncenter size-medium wp-image-60294\" src=\"https:\/\/www.hoymercedes.com.ar\/principal\/wp-content\/uploads\/2017\/03\/04-Weinfeld-libro-1-630x420.jpg\" alt=\"\" width=\"630\" height=\"420\" srcset=\"https:\/\/www.hoymercedes.com.ar\/principal\/wp-content\/uploads\/2017\/03\/04-Weinfeld-libro-1.jpg 630w, https:\/\/www.hoymercedes.com.ar\/principal\/wp-content\/uploads\/2017\/03\/04-Weinfeld-libro-1-150x100.jpg 150w, https:\/\/www.hoymercedes.com.ar\/principal\/wp-content\/uploads\/2017\/03\/04-Weinfeld-libro-1-300x200.jpg 300w\" sizes=\"auto, (max-width: 630px) 100vw, 630px\" \/><\/p>\n<p>La presentaci\u00f3n del libro estuvo organizada por la comuna y por la agrupaci\u00f3n pol\u00edtica que lidera el actual intendente Juan Ustarroz. Es por esto, que el propio Jefe Comunal\u00a0le dio la bienvenida y destac\u00f3 su admiraci\u00f3n al periodista.<\/p>\n<p>Ustarroz tambi\u00e9n habl\u00f3 sobre el libro que el escritor ven\u00eda a presentar y sobre la figura pol\u00edtica protagonista del texto. \u201cSobre el libro, hay que leerlo, porque es un gran trabajo, me gust\u00f3 mucho y me gusta esta mirada ni condescendiente, ni ajena ni parada sobre s\u00ed misma, sino realmente aportando, que el libro sirve para recordar, reflexionar, validar o criticar. Habla de alguien muy querido, una persona muy importante para la historia de nuestro pa\u00eds\u201d, afirm\u00f3 respecto al libro que se llama \u201cKirchner, el tipo que supo\u201d.<\/p>\n<p>Por su parte Mario Wainfeld agradeci\u00f3 la invitaci\u00f3n y destac\u00f3 la hospitalidad de quienes lo convocaron y recibieron. Luego cont\u00f3 que es el primer libro que firma con su firma que lo ha hecho antes, pero, con distintas firmas, como an\u00e9cdota. Es un libro de historia reciente sobre N\u00e9stor Kirchner y sus pol\u00edticas y decisiones de Estado.<\/p>\n<p>\u201cLo titule \u2018Kirchner, el tipo que supo\u00b4, para ser coloquial y tambi\u00e9n para explicar que Kirchner supo sacar a la Argentina de la crisis de fines de siglo XX, la m\u00e1s grande de la historia, donde Argentina estaba sin Estado, sin moneda, sin legitimidad pol\u00edtica con una cantidad formidable de personas desocupadas, sobre endeudada y lo que supo Kirchner fue salir de esa crisis mejorando la condici\u00f3n de vida de los argentinos\u201d sostuvo y remarc\u00f3 que \u201cpara construir su legitimidad deb\u00eda mejorar da a d\u00eda la condici\u00f3n de vida de todos los argentinos y en particular de los trabajadores\u201d afirm\u00f3 Wainfeld.<\/p>\n<p>\u201cNadie naci\u00f3 sabiendo y nadie nace ser presidente. Kirchner fue intendente y gobernador, es una buena escuela, pero la diferencia con Naci\u00f3n es muy grande en escala. Aprendi\u00f3 a conocer el pa\u00eds que no lo conoc\u00eda, la polic\u00eda internacional, que al principio le parec\u00eda una p\u00e9rdida de tiempo a interesarse en todo aquello que significaba mejorar los m\u00e1rgenes de la acci\u00f3n pol\u00edtica, por eso se interes\u00f3 en la pol\u00edtica internacional, recorri\u00f3 el pa\u00eds y desarroll\u00f3 pol\u00edticas como el primer Per\u00f3n, construyendo su legitimidad mejorando los derechos de los trabajadores\u201d sostuvo recordando y remarcando los primeros tiempos del ex presidente.<\/p>\n<p><img loading=\"lazy\" decoding=\"async\" data-attachment-id=\"60295\" data-permalink=\"https:\/\/www.hoymercedes.com.ar\/principal\/2017\/03\/04\/mario-wainfeld-presento-su-libro-en-la-trocha\/04-weinfeld-libro-2\/#main\" data-orig-file=\"https:\/\/www.hoymercedes.com.ar\/principal\/wp-content\/uploads\/2017\/03\/04-Weinfeld-libro-2.jpg\" data-orig-size=\"630,419\" data-comments-opened=\"0\" data-image-meta=\"{&quot;aperture&quot;:&quot;3.5&quot;,&quot;credit&quot;:&quot;???????????????????&quot;,&quot;camera&quot;:&quot;&quot;,&quot;caption&quot;:&quot;????????????????????????????????????&quot;,&quot;created_timestamp&quot;:&quot;0&quot;,&quot;copyright&quot;:&quot;Sebastian Ambrossio_&quot;,&quot;focal_length&quot;:&quot;24&quot;,&quot;iso&quot;:&quot;0&quot;,&quot;shutter_speed&quot;:&quot;0.01&quot;,&quot;title&quot;:&quot;&quot;,&quot;orientation&quot;:&quot;1&quot;}\" data-image-title=\"04 Weinfeld libro 2\" data-image-description=\"\" data-image-caption=\"\" data-large-file=\"https:\/\/www.hoymercedes.com.ar\/principal\/wp-content\/uploads\/2017\/03\/04-Weinfeld-libro-2.jpg\" class=\"aligncenter size-medium wp-image-60295\" src=\"https:\/\/www.hoymercedes.com.ar\/principal\/wp-content\/uploads\/2017\/03\/04-Weinfeld-libro-2-630x419.jpg\" alt=\"\" width=\"630\" height=\"419\" srcset=\"https:\/\/www.hoymercedes.com.ar\/principal\/wp-content\/uploads\/2017\/03\/04-Weinfeld-libro-2.jpg 630w, https:\/\/www.hoymercedes.com.ar\/principal\/wp-content\/uploads\/2017\/03\/04-Weinfeld-libro-2-150x100.jpg 150w, https:\/\/www.hoymercedes.com.ar\/principal\/wp-content\/uploads\/2017\/03\/04-Weinfeld-libro-2-300x200.jpg 300w\" sizes=\"auto, (max-width: 630px) 100vw, 630px\" \/><\/p>\n<p>El escritor no evit\u00f3 expresarse sobre temas pol\u00e9micos sosteniendo: \u201cNo se dice mucho, porque tal vez para sus adversarios identifican al kirchnerismo con violencia, con la libertad de derecho, con la brutalidad, lo que es una falacia gigantesca, y tambi\u00e9n porque a veces en las oratorias los reg\u00edmenes nacional populares, bolivarianos, hay una tendencia a considerarse revolucionarios, a excitar el verbo y dem\u00e1s cuesta un poco m\u00e1s decir que esos a\u00f1os de la Argentina, y de nuestra regi\u00f3n Am\u00e9rica del Sur, fueron a\u00f1os de paz, de orden, de sustentabilidad, sin guerras, sin conflictos lim\u00edtrofes importantes, sin restricci\u00f3n de fronteras, parece poco, pero es much\u00edsimo y m\u00e1s si lo comparamos con este, nuestro tiempo actual\u201d<\/p>\n<p>Su locuci\u00f3n pas\u00f3 por varios momentos hist\u00f3ricos tanto nacionales como internacionales. Analiz\u00f3 la historia reciente del pa\u00eds, con hechos vinculados a la integraci\u00f3n regional, a medidas de gobierno concretas como la \u201c125\u201d, la \u201cLey de medios\u201d o la \u201casignaci\u00f3n universal\u201d, entre otras, siempre con una mirada de pol\u00edticas de Estado.<\/p>\n<p>Previo a la charla se reuni\u00f3 con los diputados Eduardo De Pedro, Santiago R\u00e9vora y el intendente Ustarroz intercambiando visiones y opiniones. Luego de efectuar su exposici\u00f3n y antes de partir se permiti\u00f3 sacarse fotos con todos los que se lo solicitaban, firmar una importante cantidad de libros y dejar abierta la puerta para un nuevo encuentro.<\/p>\n<p>&nbsp;<\/p>\n<p>Fuente: Prensa FMPV<\/p>\n","protected":false},"excerpt":{"rendered":"<p>El periodista, escritor y docente universitario Mario Wainfeld visit\u00f3 Mercedes el \u00faltimo lunes de febrero con el objetivo de presentar &#8230; <a title=\"Mario Wainfeld present\u00f3 su libro en La Trocha\" class=\"read-more\" href=\"https:\/\/www.hoymercedes.com.ar\/principal\/2017\/03\/04\/mario-wainfeld-presento-su-libro-en-la-trocha\/\" aria-label=\"Leer m\u00e1s sobre Mario Wainfeld present\u00f3 su libro en La Trocha\">Leer m\u00e1s<\/a><\/p>\n","protected":false},"author":1,"featured_media":60294,"comment_status":"closed","ping_status":"open","sticky":false,"template":"","format":"standard","meta":{"_monsterinsights_skip_tracking":false,"_monsterinsights_sitenote_active":false,"_monsterinsights_sitenote_note":"","_monsterinsights_sitenote_category":0,"jetpack_post_was_ever_published":false,"_jetpack_newsletter_access":"","_jetpack_dont_email_post_to_subs":false,"_jetpack_newsletter_tier_id":0,"_jetpack_memberships_contains_paywalled_content":false,"_jetpack_memberships_contains_paid_content":false,"footnotes":"","jetpack_publicize_message":"","jetpack_publicize_feature_enabled":true,"jetpack_social_post_already_shared":true,"jetpack_social_options":{"image_generator_settings":{"template":"highway","default_image_id":0,"font":"","enabled":false},"version":2},"_wpas_customize_per_network":false},"categories":[104,5],"tags":[7805,2810,9995,379,562,869,10680,5319],"class_list":["post-60293","post","type-post","status-publish","format-standard","has-post-thumbnail","hentry","category-cultura","category-politica","tag-cultura","tag-fmpv","tag-fpv","tag-frente-mercedino-para-la-victoria","tag-frente-para-la-victoria","tag-libro","tag-mario-weinfeld","tag-politica-2","generate-columns","tablet-grid-50","mobile-grid-100","grid-parent","grid-50"],"jetpack_publicize_connections":[],"jetpack_featured_media_url":"https:\/\/www.hoymercedes.com.ar\/principal\/wp-content\/uploads\/2017\/03\/04-Weinfeld-libro-1.jpg","wps_subtitle":"Interactu\u00f3 con sus lectores","jetpack_sharing_enabled":true,"jetpack-related-posts":[{"id":60143,"url":"https:\/\/www.hoymercedes.com.ar\/principal\/2017\/02\/26\/mario-wainfeld-explico-que-en-su-libro-habla-del-tipo-que-supo-sacar-al-pais-de-la-crisis-de-fines-de-siglo-xx\/","url_meta":{"origin":60293,"position":0},"title":"Mario Wainfeld explic\u00f3 que en su libro habla del tipo que \u00absupo sacar al pa\u00eds de la crisis de fines de siglo XX\u00bb","author":"hoymercedes","date":"26 febrero, 2017","format":false,"excerpt":"El reconocido escritor, docente universitario y periodista Mario Wainfeld se explay\u00f3 respecto a lo que ser\u00e1 su visita este lunes a Mercedes para presentar su \u00faltimo libro \u201cKirchner, el tipo que supo\u201d. Antes de arribar al Complejo Cultural La Trocha el pr\u00f3ximo lunes a las 19.00hs cont\u00f3 algunos aspectos de\u2026","rel":"","context":"En \u00abCultura\u00bb","block_context":{"text":"Cultura","link":"https:\/\/www.hoymercedes.com.ar\/principal\/category\/cultura\/"},"img":{"alt_text":"","src":"https:\/\/i0.wp.com\/www.hoymercedes.com.ar\/principal\/wp-content\/uploads\/2017\/02\/ElTipoQueSupo.jpg?resize=350%2C200&ssl=1","width":350,"height":200,"srcset":"https:\/\/i0.wp.com\/www.hoymercedes.com.ar\/principal\/wp-content\/uploads\/2017\/02\/ElTipoQueSupo.jpg?resize=350%2C200&ssl=1 1x, https:\/\/i0.wp.com\/www.hoymercedes.com.ar\/principal\/wp-content\/uploads\/2017\/02\/ElTipoQueSupo.jpg?resize=525%2C300&ssl=1 1.5x"},"classes":[]},{"id":36869,"url":"https:\/\/www.hoymercedes.com.ar\/principal\/2014\/10\/14\/anibal-fernandez-presentara-su-nuevo-libro-en-mercedes\/","url_meta":{"origin":60293,"position":1},"title":"Anibal Fern\u00e1ndez presentar\u00e1 su nuevo libro en Mercedes","author":"hoymercedes","date":"14 octubre, 2014","format":false,"excerpt":"El senador nacional An\u00edbal Fern\u00e1ndez (Frente para la Victoria) estar\u00e1 en nuestra ciudad pasado ma\u00f1ana, jueves, para presentar su \u00faltimo libro, \"Conducci\u00f3n Pol\u00edtica: as\u00ed hablaba Juan Per\u00f3n\": ser\u00e1 a partir de las 19 en el club Comunicaciones (calle 28 entre 31 y 33). Fern\u00e1ndez llega invitado por el diputado nacional\u2026","rel":"","context":"En \u00abPol\u00edtica\u00bb","block_context":{"text":"Pol\u00edtica","link":"https:\/\/www.hoymercedes.com.ar\/principal\/category\/politica\/"},"img":{"alt_text":"anibalfernandez","src":"https:\/\/i0.wp.com\/www.hoymercedes.com.ar\/principal\/wp-content\/uploads\/2014\/10\/anibalfernandez.jpg?resize=350%2C200","width":350,"height":200,"srcset":"https:\/\/i0.wp.com\/www.hoymercedes.com.ar\/principal\/wp-content\/uploads\/2014\/10\/anibalfernandez.jpg?resize=350%2C200 1x, https:\/\/i0.wp.com\/www.hoymercedes.com.ar\/principal\/wp-content\/uploads\/2014\/10\/anibalfernandez.jpg?resize=525%2C300 1.5x"},"classes":[]},{"id":57145,"url":"https:\/\/www.hoymercedes.com.ar\/principal\/2016\/11\/17\/jorge-rivas-vuelve-a-mercedes-a-presentar-un-nuevo-libro\/","url_meta":{"origin":60293,"position":2},"title":"Jorge Rivas vuelve a Mercedes a presentar un nuevo libro","author":"hoymercedes","date":"17 noviembre, 2016","format":false,"excerpt":"Jorge Rivas presentar\u00e1 su libro en Mercedes el pr\u00f3ximo s\u00e1bado 19 de noviembre, a las 18. Dicho d\u00eda se realizar\u00e1 una jornada en el marco de la presentaci\u00f3n del libro del Diputado (mandato cumplido) y m\u00e1ximo referente del Socialismo para la Victoria Jorge Rivas. El patio de la Casa del\u2026","rel":"","context":"En \u00abPol\u00edtica\u00bb","block_context":{"text":"Pol\u00edtica","link":"https:\/\/www.hoymercedes.com.ar\/principal\/category\/politica\/"},"img":{"alt_text":"","src":"https:\/\/i0.wp.com\/www.hoymercedes.com.ar\/principal\/wp-content\/uploads\/2016\/11\/17-rivas-archivo.jpg?resize=350%2C200&ssl=1","width":350,"height":200,"srcset":"https:\/\/i0.wp.com\/www.hoymercedes.com.ar\/principal\/wp-content\/uploads\/2016\/11\/17-rivas-archivo.jpg?resize=350%2C200&ssl=1 1x, https:\/\/i0.wp.com\/www.hoymercedes.com.ar\/principal\/wp-content\/uploads\/2016\/11\/17-rivas-archivo.jpg?resize=525%2C300&ssl=1 1.5x"},"classes":[]},{"id":51531,"url":"https:\/\/www.hoymercedes.com.ar\/principal\/2016\/06\/22\/congreso-de-escritores-homenaje-a-borges\/","url_meta":{"origin":60293,"position":3},"title":"Congreso de Escritores homenaje a Borges","author":"hoymercedes","date":"22 junio, 2016","format":false,"excerpt":"La Sociedad Argentina de Escritores (SADE) desde su filial en Mercedes organiza para los d\u00edas 23, 24 y 25 de junio, el Primer Congreso Argentino de Escritores\u00a0homenaje a Jorge Luis Borges. En el Museo de Arte \"Municipalidad de Mercedes\" (MAMM) ser\u00e1 el evento de tres d\u00edas abierto a la comunidad.\u2026","rel":"","context":"En \u00abCultura\u00bb","block_context":{"text":"Cultura","link":"https:\/\/www.hoymercedes.com.ar\/principal\/category\/cultura\/"},"img":{"alt_text":"","src":"https:\/\/i0.wp.com\/www.hoymercedes.com.ar\/principal\/wp-content\/uploads\/2016\/06\/21-borges_1975.jpg?resize=350%2C200&ssl=1","width":350,"height":200},"classes":[]},{"id":153960,"url":"https:\/\/www.hoymercedes.com.ar\/principal\/2022\/10\/11\/topo-devoto-presento-su-libro-en-mercedes\/","url_meta":{"origin":60293,"position":4},"title":"\u00abTopo Devoto\u00bb present\u00f3 su libro en Mercedes","author":"hoymercedes","date":"11 octubre, 2022","format":false,"excerpt":"\"Topo Devoto\" present\u00f3 su libro en Mercedes","rel":"","context":"En \u00abCultura\u00bb","block_context":{"text":"Cultura","link":"https:\/\/www.hoymercedes.com.ar\/principal\/category\/cultura\/"},"img":{"alt_text":"","src":"https:\/\/i0.wp.com\/www.hoymercedes.com.ar\/principal\/wp-content\/uploads\/2022\/10\/TopoDevoto-Mercedes.jpg?resize=350%2C200&ssl=1","width":350,"height":200,"srcset":"https:\/\/i0.wp.com\/www.hoymercedes.com.ar\/principal\/wp-content\/uploads\/2022\/10\/TopoDevoto-Mercedes.jpg?resize=350%2C200&ssl=1 1x, https:\/\/i0.wp.com\/www.hoymercedes.com.ar\/principal\/wp-content\/uploads\/2022\/10\/TopoDevoto-Mercedes.jpg?resize=525%2C300&ssl=1 1.5x, https:\/\/i0.wp.com\/www.hoymercedes.com.ar\/principal\/wp-content\/uploads\/2022\/10\/TopoDevoto-Mercedes.jpg?resize=700%2C400&ssl=1 2x, https:\/\/i0.wp.com\/www.hoymercedes.com.ar\/principal\/wp-content\/uploads\/2022\/10\/TopoDevoto-Mercedes.jpg?resize=1050%2C600&ssl=1 3x"},"classes":[]},{"id":36939,"url":"https:\/\/www.hoymercedes.com.ar\/principal\/2014\/10\/17\/anibal-fernandez-es-fundamental-la-formacion-politica-de-los-jovenes\/","url_meta":{"origin":60293,"position":5},"title":"An\u00edbal Fern\u00e1ndez: \u201ces fundamental la formaci\u00f3n pol\u00edtica de los j\u00f3venes\u201d","author":"hoymercedes","date":"17 octubre, 2014","format":false,"excerpt":"El senador nacional An\u00edbal Fern\u00e1ndez (Frente para la Victoria) asegur\u00f3 que \u201cla formaci\u00f3n pol\u00edtica de los j\u00f3venes es fundamental\u201d para el progreso del pa\u00eds y llam\u00f3 a \u201cseguir ese camino, el de la capacitaci\u00f3n\u201d, porque \u201cla otra opci\u00f3n es la pol\u00edtica del marketing y eso tiene una vida ef\u00edmera, porque\u2026","rel":"","context":"En \u00abPol\u00edtica\u00bb","block_context":{"text":"Pol\u00edtica","link":"https:\/\/www.hoymercedes.com.ar\/principal\/category\/politica\/"},"img":{"alt_text":"wado-anibalfernandez","src":"https:\/\/i0.wp.com\/www.hoymercedes.com.ar\/principal\/wp-content\/uploads\/2014\/10\/wado-anibalfernandez.jpg?resize=350%2C200","width":350,"height":200,"srcset":"https:\/\/i0.wp.com\/www.hoymercedes.com.ar\/principal\/wp-content\/uploads\/2014\/10\/wado-anibalfernandez.jpg?resize=350%2C200 1x, https:\/\/i0.wp.com\/www.hoymercedes.com.ar\/principal\/wp-content\/uploads\/2014\/10\/wado-anibalfernandez.jpg?resize=525%2C300 1.5x"},"classes":[]}],"_links":{"self":[{"href":"https:\/\/www.hoymercedes.com.ar\/principal\/wp-json\/wp\/v2\/posts\/60293","targetHints":{"allow":["GET"]}}],"collection":[{"href":"https:\/\/www.hoymercedes.com.ar\/principal\/wp-json\/wp\/v2\/posts"}],"about":[{"href":"https:\/\/www.hoymercedes.com.ar\/principal\/wp-json\/wp\/v2\/types\/post"}],"author":[{"embeddable":true,"href":"https:\/\/www.hoymercedes.com.ar\/principal\/wp-json\/wp\/v2\/users\/1"}],"replies":[{"embeddable":true,"href":"https:\/\/www.hoymercedes.com.ar\/principal\/wp-json\/wp\/v2\/comments?post=60293"}],"version-history":[{"count":0,"href":"https:\/\/www.hoymercedes.com.ar\/principal\/wp-json\/wp\/v2\/posts\/60293\/revisions"}],"wp:featuredmedia":[{"embeddable":true,"href":"https:\/\/www.hoymercedes.com.ar\/principal\/wp-json\/wp\/v2\/media\/60294"}],"wp:attachment":[{"href":"https:\/\/www.hoymercedes.com.ar\/principal\/wp-json\/wp\/v2\/media?parent=60293"}],"wp:term":[{"taxonomy":"category","embeddable":true,"href":"https:\/\/www.hoymercedes.com.ar\/principal\/wp-json\/wp\/v2\/categories?post=60293"},{"taxonomy":"post_tag","embeddable":true,"href":"https:\/\/www.hoymercedes.com.ar\/principal\/wp-json\/wp\/v2\/tags?post=60293"}],"curies":[{"name":"wp","href":"https:\/\/api.w.org\/{rel}","templated":true}]}}