{"id":60297,"date":"2017-03-05T10:52:13","date_gmt":"2017-03-05T13:52:13","guid":{"rendered":"http:\/\/www.hoymercedes.com.ar\/principal\/?p=60297"},"modified":"2017-03-04T10:56:19","modified_gmt":"2017-03-04T13:56:19","slug":"presentaron-la-asociacion-de-amigos-del-museo-de-arte","status":"publish","type":"post","link":"https:\/\/www.hoymercedes.com.ar\/principal\/2017\/03\/05\/presentaron-la-asociacion-de-amigos-del-museo-de-arte\/","title":{"rendered":"Presentaron la Asociaci\u00f3n de Amigos del Museo de Arte"},"content":{"rendered":"<p><em><strong>Presidida por Sergio Mosca, el objetivo del organismo ser\u00e1 colaborar con el espacio municipal en contactos para concretar diversas actividades culturales. La inscripci\u00f3n a nuevos adherentes est\u00e1 abierta.<\/strong><\/em><\/p>\n<p><img loading=\"lazy\" decoding=\"async\" data-attachment-id=\"60298\" data-permalink=\"https:\/\/www.hoymercedes.com.ar\/principal\/2017\/03\/05\/presentaron-la-asociacion-de-amigos-del-museo-de-arte\/04-aamamm\/#main\" data-orig-file=\"https:\/\/www.hoymercedes.com.ar\/principal\/wp-content\/uploads\/2017\/03\/04-AAMAMM.jpg\" data-orig-size=\"630,420\" data-comments-opened=\"0\" data-image-meta=\"{&quot;aperture&quot;:&quot;3.5&quot;,&quot;credit&quot;:&quot;&quot;,&quot;camera&quot;:&quot;NIKON D3100&quot;,&quot;caption&quot;:&quot;&quot;,&quot;created_timestamp&quot;:&quot;1488573276&quot;,&quot;copyright&quot;:&quot;&quot;,&quot;focal_length&quot;:&quot;19&quot;,&quot;iso&quot;:&quot;900&quot;,&quot;shutter_speed&quot;:&quot;0.016666666666667&quot;,&quot;title&quot;:&quot;&quot;,&quot;orientation&quot;:&quot;1&quot;}\" data-image-title=\"04 AAMAMM\" data-image-description=\"\" data-image-caption=\"\" data-large-file=\"https:\/\/www.hoymercedes.com.ar\/principal\/wp-content\/uploads\/2017\/03\/04-AAMAMM.jpg\" class=\"aligncenter size-medium wp-image-60298\" src=\"https:\/\/www.hoymercedes.com.ar\/principal\/wp-content\/uploads\/2017\/03\/04-AAMAMM-630x420.jpg\" alt=\"\" width=\"630\" height=\"420\" srcset=\"https:\/\/www.hoymercedes.com.ar\/principal\/wp-content\/uploads\/2017\/03\/04-AAMAMM.jpg 630w, https:\/\/www.hoymercedes.com.ar\/principal\/wp-content\/uploads\/2017\/03\/04-AAMAMM-150x100.jpg 150w, https:\/\/www.hoymercedes.com.ar\/principal\/wp-content\/uploads\/2017\/03\/04-AAMAMM-300x200.jpg 300w\" sizes=\"auto, (max-width: 630px) 100vw, 630px\" \/><\/p>\n<p>El Museo de Arte \u201cMunicipalidad de Mercedes\u201d se abri\u00f3 hace poco m\u00e1s de un a\u00f1o y medio. Las diferentes muestras, exposiciones y eventos que se llevaron adelante a lo largo de estos meses hicieron que un grupo de asistentes se uniera y creara la Asociaci\u00f3n de Amigos del MAMM como un complemento al espacio municipal.<\/p>\n<p>A trav\u00e9s de una conferencia de prensa, en la tarde del viernes, la Asociaci\u00f3n de Amigos del MAMM se present\u00f3 formalmente. Sergio Mosca, Gabriela Florella, Gabriela Bourdieu, Lizzy Moleres y Silvia Mosconi, en compa\u00f1\u00eda de la Directora de Cultura del Municipio Luc\u00eda Capaccio y la Directora del Museo de Arte Stella Maris Gonz\u00e1lez, contaron la idea, los objetivos e invitaron a los interesados a sumarse a la propuesta abierta a la comunidad.<\/p>\n<p>En el marco de la presentaci\u00f3n ante los medios de comunicaci\u00f3n, la Asociaci\u00f3n de Amigos del MAMM dio cuenta de los objetivos del organismo. Entre ellos est\u00e1 el de colaborar y participar en los proyectos de car\u00e1cter cultural, art\u00edstico y educacional que realice el Museo por medio de ediciones de libro, cat\u00e1logos, folletos y reproducciones de obras de arte; elaborar proyectos que contribuyan a la difusi\u00f3n art\u00edstica y educacional del patrimonio cultural mercedino; acercar el Museo a la comunidad, promoviendo la organizaci\u00f3n de conferencias, exposiciones, cursos, jornadas y seminarios; interactuar con las instituciones educativas en las actividades del Museo y colaborar con la formaci\u00f3n de ni\u00f1os y j\u00f3venes, y desarrollar un ambiente de cordialidad entre sus asociados y propender al mejoramiento intelectual y cultural con los mismos.<\/p>\n<p>Las actividades de la Asociaci\u00f3n de Amigos empiezan este lunes 6 de marzo con el <a href=\"https:\/\/www.hoymercedes.com.ar\/principal\/2017\/02\/25\/taller-de-experimentacion-en-fieltro\/\" target=\"_blank\">Taller de Fieltro<\/a> y <a href=\"https:\/\/www.hoymercedes.com.ar\/principal\/2017\/02\/27\/inauguraran-muestra-de-rosana-carolano\/\" target=\"_blank\">contin\u00faa<\/a> el d\u00eda 11 con inicio de un curso de ocho clases sobre Historia del Arte a cargo del profesor Axel Libenson.<\/p>\n<p>Los interesados en adherirse pueden hacerse presentes en el MAMM, calle 23 N\u00ba 383, entre 18 y 16. All\u00ed podr\u00e1n solicitar la planilla y acordar la cuota social que puede abonarse de manera mensual, semestral o anual.<\/p>\n<p>La comisi\u00f3n directiva est\u00e1 encabezada por Sergio Mosca en la presidencia, mientras que Gabriela Florella le secunda en la vicepresidencia, en tanto, Gabriela Bourdieu es la secretaria, Pablo Russo el tesorero, Elisabet Moleres y Silvia Mosconi son las vocales titulares y Valeria Walde y Natalia Ochoa son las revisoras de cuentas.<\/p>\n<p>Texto: Clarisa Altieri<\/p>\n","protected":false},"excerpt":{"rendered":"<p>Presidida por Sergio Mosca, el objetivo del organismo ser\u00e1 colaborar con el espacio municipal en contactos para concretar diversas actividades &#8230; <a title=\"Presentaron la Asociaci\u00f3n de Amigos del Museo de Arte\" class=\"read-more\" href=\"https:\/\/www.hoymercedes.com.ar\/principal\/2017\/03\/05\/presentaron-la-asociacion-de-amigos-del-museo-de-arte\/\" aria-label=\"Leer m\u00e1s sobre Presentaron la Asociaci\u00f3n de Amigos del Museo de Arte\">Leer m\u00e1s<\/a><\/p>\n","protected":false},"author":1,"featured_media":60298,"comment_status":"closed","ping_status":"open","sticky":false,"template":"","format":"standard","meta":{"_monsterinsights_skip_tracking":false,"_monsterinsights_sitenote_active":false,"_monsterinsights_sitenote_note":"","_monsterinsights_sitenote_category":0,"jetpack_post_was_ever_published":false,"_jetpack_newsletter_access":"","_jetpack_dont_email_post_to_subs":false,"_jetpack_newsletter_tier_id":0,"_jetpack_memberships_contains_paywalled_content":false,"_jetpack_memberships_contains_paid_content":false,"footnotes":"","jetpack_publicize_message":"","jetpack_publicize_feature_enabled":true,"jetpack_social_post_already_shared":true,"jetpack_social_options":{"image_generator_settings":{"template":"highway","default_image_id":0,"font":"","enabled":false},"version":2},"_wpas_customize_per_network":false},"categories":[104],"tags":[10681,7805,8674],"class_list":["post-60297","post","type-post","status-publish","format-standard","has-post-thumbnail","hentry","category-cultura","tag-asociacion-de-amigos-del-museo-de-arte","tag-cultura","tag-mamm","generate-columns","tablet-grid-50","mobile-grid-100","grid-parent","grid-50"],"jetpack_publicize_connections":[],"jetpack_featured_media_url":"https:\/\/www.hoymercedes.com.ar\/principal\/wp-content\/uploads\/2017\/03\/04-AAMAMM.jpg","wps_subtitle":"Colaboraci\u00f3n con el MAMM","jetpack_sharing_enabled":true,"_links":{"self":[{"href":"https:\/\/www.hoymercedes.com.ar\/principal\/wp-json\/wp\/v2\/posts\/60297","targetHints":{"allow":["GET"]}}],"collection":[{"href":"https:\/\/www.hoymercedes.com.ar\/principal\/wp-json\/wp\/v2\/posts"}],"about":[{"href":"https:\/\/www.hoymercedes.com.ar\/principal\/wp-json\/wp\/v2\/types\/post"}],"author":[{"embeddable":true,"href":"https:\/\/www.hoymercedes.com.ar\/principal\/wp-json\/wp\/v2\/users\/1"}],"replies":[{"embeddable":true,"href":"https:\/\/www.hoymercedes.com.ar\/principal\/wp-json\/wp\/v2\/comments?post=60297"}],"version-history":[{"count":0,"href":"https:\/\/www.hoymercedes.com.ar\/principal\/wp-json\/wp\/v2\/posts\/60297\/revisions"}],"wp:featuredmedia":[{"embeddable":true,"href":"https:\/\/www.hoymercedes.com.ar\/principal\/wp-json\/wp\/v2\/media\/60298"}],"wp:attachment":[{"href":"https:\/\/www.hoymercedes.com.ar\/principal\/wp-json\/wp\/v2\/media?parent=60297"}],"wp:term":[{"taxonomy":"category","embeddable":true,"href":"https:\/\/www.hoymercedes.com.ar\/principal\/wp-json\/wp\/v2\/categories?post=60297"},{"taxonomy":"post_tag","embeddable":true,"href":"https:\/\/www.hoymercedes.com.ar\/principal\/wp-json\/wp\/v2\/tags?post=60297"}],"curies":[{"name":"wp","href":"https:\/\/api.w.org\/{rel}","templated":true}]}}