{"id":60306,"date":"2017-03-04T13:47:15","date_gmt":"2017-03-04T16:47:15","guid":{"rendered":"http:\/\/www.hoymercedes.com.ar\/principal\/?p=60306"},"modified":"2017-03-04T11:50:08","modified_gmt":"2017-03-04T14:50:08","slug":"selva-el-discurso-fue-muy-pobre-en-cuanto-a-expectativas","status":"publish","type":"post","link":"https:\/\/www.hoymercedes.com.ar\/principal\/2017\/03\/04\/selva-el-discurso-fue-muy-pobre-en-cuanto-a-expectativas\/","title":{"rendered":"Selva: \u201cEl discurso fue muy pobre en cuanto a expectativas\u201d"},"content":{"rendered":"<p>Como es tradici\u00f3n y obligaci\u00f3n por parte del Poder Ejecutivo y del Legislativo Nacional, el 1\u00ba de marzo se llev\u00f3 a cabo la Asamblea Legislativa y apertura de las sesiones ordinarias del Congreso Nacional. All\u00ed el presidente da un discurso oficial anticipando lo que ser\u00e1 el a\u00f1o. El \u00faltimo mi\u00e9rcoles, el Presidente Mauricio Macri dio su discurso antes los legisladores nacionales, incluyendo al Diputado Nacional, mercedino \u00e9l, Carlos Selva, integrante del bloque Frente Renovador.<\/p>\n<p><img loading=\"lazy\" decoding=\"async\" data-attachment-id=\"59871\" data-permalink=\"https:\/\/www.hoymercedes.com.ar\/principal\/2017\/02\/16\/carlos-selva-pide-que-macri-no-baile-en-publico-video\/16-carlosselva-aswee\/#main\" data-orig-file=\"https:\/\/www.hoymercedes.com.ar\/principal\/wp-content\/uploads\/2017\/02\/16-carlosselva-aswee.jpg\" data-orig-size=\"512,285\" data-comments-opened=\"0\" data-image-meta=\"{&quot;aperture&quot;:&quot;0&quot;,&quot;credit&quot;:&quot;&quot;,&quot;camera&quot;:&quot;&quot;,&quot;caption&quot;:&quot;&quot;,&quot;created_timestamp&quot;:&quot;0&quot;,&quot;copyright&quot;:&quot;&quot;,&quot;focal_length&quot;:&quot;0&quot;,&quot;iso&quot;:&quot;0&quot;,&quot;shutter_speed&quot;:&quot;0&quot;,&quot;title&quot;:&quot;&quot;,&quot;orientation&quot;:&quot;0&quot;}\" data-image-title=\"16 carlosselva-aswee\" data-image-description=\"\" data-image-caption=\"\" data-large-file=\"https:\/\/www.hoymercedes.com.ar\/principal\/wp-content\/uploads\/2017\/02\/16-carlosselva-aswee.jpg\" class=\"aligncenter size-full wp-image-59871\" src=\"https:\/\/www.hoymercedes.com.ar\/principal\/wp-content\/uploads\/2017\/02\/16-carlosselva-aswee.jpg\" alt=\"\" width=\"512\" height=\"285\" srcset=\"https:\/\/www.hoymercedes.com.ar\/principal\/wp-content\/uploads\/2017\/02\/16-carlosselva-aswee.jpg 512w, https:\/\/www.hoymercedes.com.ar\/principal\/wp-content\/uploads\/2017\/02\/16-carlosselva-aswee-150x83.jpg 150w\" sizes=\"auto, (max-width: 512px) 100vw, 512px\" \/><\/p>\n<p>Mucho se dijo del discurso del presidente argentino en los medios de todo el pa\u00eds. Pero en la ciudad de Mercedes el principal consultado fue el ex Intendente Selva. Horas despu\u00e9s del discurso presidencial, el Diputado Selva afirm\u00f3 que \u201cel discurso fue muy pobre porque no defini\u00f3 ninguna estrategia coyuntural para nosotros\u201d.<\/p>\n<p>En una entrevista con Radio Meridiano, Selva hizo un an\u00e1lisis del discurso de Macri reiterando en varias oportunidades la falta de conceptos y proyectos estrat\u00e9gicos. \u201cMencion\u00f3 el Plan Belgrano y \u00e9ste es algo amorfo. No podemos saber d\u00f3nde se avanza, por ejemplo, porque no tiene estructura. El discurso fue muy pobre en cuanto a expectativas. Muy lavado en las perspectivas de futuro. En ese sentido me qued\u00f3 un sabor amargo\u201d, opin\u00f3 el Diputado Nacional.<\/p>\n<p>\u201cEn lo dem\u00e1s, volvi\u00f3 a plantear una estrategia, v\u00e1lida para \u00e9l. Trat\u00f3 de relativizar a cualquier fuerza de la oposici\u00f3n que haya sido equilibrada como es el caso nuestro, el del Socialismo, o el Frente Grande. De los legisladores que hemos tenido un papel de oposici\u00f3n, pero oposici\u00f3n responsable. El presidente se encarg\u00f3 de hacernos desaparecer porque volvi\u00f3 a plantear los unos y los otros, como que el pa\u00eds es el kirchnerismo o el pa\u00eds es el macrismo.\u00a0 Nosotros estamos a a\u00f1os luz de los dos\u201d, agreg\u00f3.<\/p>\n<p>\u201cLa mirada del gobierno, no se puede decir que sorprende porque es igual a la de Cristina Kirchner, van para un lado y le importa un bledo lo que hay en el medio. Si Macri tuviera mayor\u00eda en el Congreso, creo que la situaci\u00f3n de la gente de sectores medios bajos y clase trabajadora, la pasar\u00edan diez veces peor. Ojala la gente pueda entenderlo no como una especulaci\u00f3n electoral, sino que lo mejor que le puede pasar a la Argentina y a la Democracia es que el Congreso est\u00e9 equilibrado\u201d, destac\u00f3 el Diputado Selva.<\/p>\n<p>Asimismo, el ex intendente asegur\u00f3 que el discurso de Macri fue parte de una campa\u00f1a electoral mostrando un bipartidismo que no deber\u00eda existir. \u201cSi la gente compra que es el macrismo y el kirchnerismo, y no tiene en cuenta que hay un camino m\u00e1s dif\u00edcil, de equilibrio y sin perder identidad. Esto es lo que nos pasa a nosotros. Por un lado, nos culpan por haber aprobado leyes que le sirven al pa\u00eds propuestas por el Ejecutivo, mientras que el macrismo nos catapulta de kirchneristas porque no le dimos la ley de ganancia. Nos est\u00e1n llevando a una pelea con especulaci\u00f3n electoral porque a ambos les conviene que Massa no exista\u201d, concluy\u00f3 Carlos Selva en una entrevista radial luego del discurso presidencial.<\/p>\n<p>&nbsp;<\/p>\n<p>Texto: Clarisa Altieri (Hoy Mercedes)<\/p>\n<p>&nbsp;<\/p>\n","protected":false},"excerpt":{"rendered":"<p>Como es tradici\u00f3n y obligaci\u00f3n por parte del Poder Ejecutivo y del Legislativo Nacional, el 1\u00ba de marzo se llev\u00f3 &#8230; <a title=\"Selva: \u201cEl discurso fue muy pobre en cuanto a expectativas\u201d\" class=\"read-more\" href=\"https:\/\/www.hoymercedes.com.ar\/principal\/2017\/03\/04\/selva-el-discurso-fue-muy-pobre-en-cuanto-a-expectativas\/\" aria-label=\"Leer m\u00e1s sobre Selva: \u201cEl discurso fue muy pobre en cuanto a expectativas\u201d\">Leer m\u00e1s<\/a><\/p>\n","protected":false},"author":1,"featured_media":59871,"comment_status":"closed","ping_status":"open","sticky":false,"template":"","format":"standard","meta":{"_monsterinsights_skip_tracking":false,"_monsterinsights_sitenote_active":false,"_monsterinsights_sitenote_note":"","_monsterinsights_sitenote_category":0,"jetpack_post_was_ever_published":false,"_jetpack_newsletter_access":"","_jetpack_dont_email_post_to_subs":false,"_jetpack_newsletter_tier_id":0,"_jetpack_memberships_contains_paywalled_content":false,"_jetpack_memberships_contains_paid_content":false,"footnotes":"","jetpack_publicize_message":"","jetpack_publicize_feature_enabled":true,"jetpack_social_post_already_shared":true,"jetpack_social_options":{"image_generator_settings":{"template":"highway","default_image_id":0,"font":"","enabled":false},"version":2},"_wpas_customize_per_network":false},"categories":[5,5210],"tags":[39,10682,7500,8402,5319],"class_list":["post-60306","post","type-post","status-publish","format-standard","has-post-thumbnail","hentry","category-politica","category-politica-nacional","tag-carlos-selva","tag-congreso","tag-diputado-nacional","tag-mauricio-macri","tag-politica-2","generate-columns","tablet-grid-50","mobile-grid-100","grid-parent","grid-50"],"jetpack_publicize_connections":[],"jetpack_featured_media_url":"https:\/\/www.hoymercedes.com.ar\/principal\/wp-content\/uploads\/2017\/02\/16-carlosselva-aswee.jpg","wps_subtitle":"Tras el discurso presidencial","jetpack_sharing_enabled":true,"jetpack-related-posts":[{"id":73103,"url":"https:\/\/www.hoymercedes.com.ar\/principal\/2018\/03\/01\/carlos-selva-el-presidente-ha-aprendido-a-montar-un-show-en-sus-discursos\/","url_meta":{"origin":60306,"position":0},"title":"Carlos Selva: \u201cEl presidente ha aprendido a montar un show en sus discursos\u201d","author":"hoymercedes","date":"1 marzo, 2018","format":false,"excerpt":"El Diputado Nacional del Frente Renovador, Carlos Selva, se mostr\u00f3 muy preocupado tras la apertura de sesiones ordinarias. \u201cMauricio Macri nos vuelve a mostrar la insensibilidad que tiene\u201d, dijo. Tras el discurso de Mauricio Macri en la apertura de sesiones ordinarias en el Congreso de la Naci\u00f3n, el Diputado Nacional\u2026","rel":"","context":"En \u00abPol\u00edtica Nacional\u00bb","block_context":{"text":"Pol\u00edtica Nacional","link":"https:\/\/www.hoymercedes.com.ar\/principal\/category\/politica-nacional\/"},"img":{"alt_text":"","src":"https:\/\/i0.wp.com\/www.hoymercedes.com.ar\/principal\/wp-content\/uploads\/2018\/03\/01-congreso-Selva.jpg?resize=350%2C200&ssl=1","width":350,"height":200,"srcset":"https:\/\/i0.wp.com\/www.hoymercedes.com.ar\/principal\/wp-content\/uploads\/2018\/03\/01-congreso-Selva.jpg?resize=350%2C200&ssl=1 1x, https:\/\/i0.wp.com\/www.hoymercedes.com.ar\/principal\/wp-content\/uploads\/2018\/03\/01-congreso-Selva.jpg?resize=525%2C300&ssl=1 1.5x, https:\/\/i0.wp.com\/www.hoymercedes.com.ar\/principal\/wp-content\/uploads\/2018\/03\/01-congreso-Selva.jpg?resize=700%2C400&ssl=1 2x"},"classes":[]},{"id":127264,"url":"https:\/\/www.hoymercedes.com.ar\/principal\/2021\/03\/31\/carlos-selva-los-cambios-en-ganancias-son-un-aporte-al-desarrollo\/","url_meta":{"origin":60306,"position":1},"title":"Carlos Selva: \u00abLos cambios en Ganancias son un aporte al desarrollo\u00bb","author":"hoymercedes","date":"31 marzo, 2021","format":false,"excerpt":"El diputado nacional del Frente de Todos dijo que el dinero que ser\u00e1 devuelto a los trabajadores se volcar\u00e1 en el consumo interno. El diputado nacional del Frente de Todos, Carlos Selva, analiz\u00f3 los alcances de la media sanci\u00f3n que recibi\u00f3 el proyecto que reforma el Impuesto a las Ganancias.\u2026","rel":"","context":"En \u00abPol\u00edtica Nacional\u00bb","block_context":{"text":"Pol\u00edtica Nacional","link":"https:\/\/www.hoymercedes.com.ar\/principal\/category\/politica-nacional\/"},"img":{"alt_text":"","src":"https:\/\/i0.wp.com\/www.hoymercedes.com.ar\/principal\/wp-content\/uploads\/2021\/03\/selva_max_res-1.jpg?resize=350%2C200&ssl=1","width":350,"height":200,"srcset":"https:\/\/i0.wp.com\/www.hoymercedes.com.ar\/principal\/wp-content\/uploads\/2021\/03\/selva_max_res-1.jpg?resize=350%2C200&ssl=1 1x, https:\/\/i0.wp.com\/www.hoymercedes.com.ar\/principal\/wp-content\/uploads\/2021\/03\/selva_max_res-1.jpg?resize=525%2C300&ssl=1 1.5x, https:\/\/i0.wp.com\/www.hoymercedes.com.ar\/principal\/wp-content\/uploads\/2021\/03\/selva_max_res-1.jpg?resize=700%2C400&ssl=1 2x"},"classes":[]},{"id":76563,"url":"https:\/\/www.hoymercedes.com.ar\/principal\/2018\/05\/29\/carlos-selva-hubo-un-manejo-politico-discutible\/","url_meta":{"origin":60306,"position":2},"title":"Carlos Selva: \u201cHubo un manejo pol\u00edtico discutible\u201d","author":"hoymercedes","date":"29 mayo, 2018","format":false,"excerpt":"Luego de los hechos del lunes a la noche del Concejo Deliberante, quien tom\u00f3 la palabra y expres\u00f3 su opini\u00f3n fue el ex Intendente Carlos Selva, hoy Diputado Nacional. En un medio televisivo, el dirigente justicialista destac\u00f3 la responsabilidad de la dirigencia partidaria. \u201cCuando uno toma la responsabilidad de organizar\u2026","rel":"","context":"En \u00abPol\u00edtica\u00bb","block_context":{"text":"Pol\u00edtica","link":"https:\/\/www.hoymercedes.com.ar\/principal\/category\/politica\/"},"img":{"alt_text":"","src":"https:\/\/i0.wp.com\/www.hoymercedes.com.ar\/principal\/wp-content\/uploads\/2018\/03\/13-Carlos-Selva.jpg?resize=350%2C200&ssl=1","width":350,"height":200,"srcset":"https:\/\/i0.wp.com\/www.hoymercedes.com.ar\/principal\/wp-content\/uploads\/2018\/03\/13-Carlos-Selva.jpg?resize=350%2C200&ssl=1 1x, https:\/\/i0.wp.com\/www.hoymercedes.com.ar\/principal\/wp-content\/uploads\/2018\/03\/13-Carlos-Selva.jpg?resize=525%2C300&ssl=1 1.5x, https:\/\/i0.wp.com\/www.hoymercedes.com.ar\/principal\/wp-content\/uploads\/2018\/03\/13-Carlos-Selva.jpg?resize=700%2C400&ssl=1 2x"},"classes":[]},{"id":62612,"url":"https:\/\/www.hoymercedes.com.ar\/principal\/2017\/05\/10\/carlos-selva-el-unico-que-se-ha-hecho-el-distraido-es-el-presidente-macri\/","url_meta":{"origin":60306,"position":3},"title":"Carlos Selva: \u201cEl \u00fanico que se ha hecho el distra\u00eddo es el presidente Macri\u201d","author":"hoymercedes","date":"10 mayo, 2017","format":false,"excerpt":"El diputado nacional del Frente Renovador, Carlos Selva, dio el presente en la \u00faltima sesi\u00f3n de la C\u00e1mara Baja y aprob\u00f3 la reforma en la ley que permiti\u00f3 a la Corte la aplicaci\u00f3n del beneficio del 2\u00d71 a autores de delitos de lesa humanidad. Cuestion\u00f3 duramente al presidente de la\u2026","rel":"","context":"En \u00abPol\u00edtica\u00bb","block_context":{"text":"Pol\u00edtica","link":"https:\/\/www.hoymercedes.com.ar\/principal\/category\/politica\/"},"img":{"alt_text":"","src":"https:\/\/i0.wp.com\/www.hoymercedes.com.ar\/principal\/wp-content\/uploads\/2017\/05\/10-carlos-selva.jpg?resize=350%2C200&ssl=1","width":350,"height":200,"srcset":"https:\/\/i0.wp.com\/www.hoymercedes.com.ar\/principal\/wp-content\/uploads\/2017\/05\/10-carlos-selva.jpg?resize=350%2C200&ssl=1 1x, https:\/\/i0.wp.com\/www.hoymercedes.com.ar\/principal\/wp-content\/uploads\/2017\/05\/10-carlos-selva.jpg?resize=525%2C300&ssl=1 1.5x"},"classes":[]},{"id":104531,"url":"https:\/\/www.hoymercedes.com.ar\/principal\/2019\/12\/28\/selva-en-el-brindis-de-fin-de-ano-del-congreso\/","url_meta":{"origin":60306,"position":4},"title":"Selva en el brindis de fin de a\u00f1o del Congreso","author":"hoymercedes","date":"28 diciembre, 2019","format":false,"excerpt":"El diputado nacional\u00a0Carlos Selva\u00a0fue parte, junto al\u00a0presidente de la C\u00e1mara de Diputados de la Naci\u00f3n, de un brindis de fin de a\u00f1o junto a jefes de bloque, legisladores, autoridades del Congreso y periodistas legislativos. \u00abQuiero que entre todos construyamos un Congreso con prestigio, informaci\u00f3n y abierto a la ciudadan\u00eda\u00bb, escribi\u00f3\u2026","rel":"","context":"En \u00abPol\u00edtica Nacional\u00bb","block_context":{"text":"Pol\u00edtica Nacional","link":"https:\/\/www.hoymercedes.com.ar\/principal\/category\/politica-nacional\/"},"img":{"alt_text":"","src":"https:\/\/i0.wp.com\/www.hoymercedes.com.ar\/principal\/wp-content\/uploads\/2019\/12\/28-massa-selva.jpg?resize=350%2C200&ssl=1","width":350,"height":200,"srcset":"https:\/\/i0.wp.com\/www.hoymercedes.com.ar\/principal\/wp-content\/uploads\/2019\/12\/28-massa-selva.jpg?resize=350%2C200&ssl=1 1x, https:\/\/i0.wp.com\/www.hoymercedes.com.ar\/principal\/wp-content\/uploads\/2019\/12\/28-massa-selva.jpg?resize=525%2C300&ssl=1 1.5x, https:\/\/i0.wp.com\/www.hoymercedes.com.ar\/principal\/wp-content\/uploads\/2019\/12\/28-massa-selva.jpg?resize=700%2C400&ssl=1 2x"},"classes":[]},{"id":100569,"url":"https:\/\/www.hoymercedes.com.ar\/principal\/2019\/09\/28\/selva-fortalecer-los-municipios-va-a-fortalecer-el-gobierno-de-todos-los-argentinos\/","url_meta":{"origin":60306,"position":5},"title":"Selva: \u201cFortalecer los municipios va a fortalecer el Gobierno de todos los argentinos\u201d","author":"hoymercedes","date":"28 septiembre, 2019","format":false,"excerpt":"Este mi\u00e9rcoles el diputado nacional Carlos Selva, junto al intendente de Hurlingham \u201cJuanchi\u201d Zabaleta y los diputados nacionales Pablo Carro, Mirta Tundis, Gustavo Bevilacqua y Rosa Mu\u00f1oz, y el ex Diputado Walter Aguilar, recibi\u00f3 a varios jefes comunales del Departamento de Rio Cuarto, ubicado en la provincia de C\u00f3rdoba. Selva\u2026","rel":"","context":"En \u00abPol\u00edtica Nacional\u00bb","block_context":{"text":"Pol\u00edtica Nacional","link":"https:\/\/www.hoymercedes.com.ar\/principal\/category\/politica-nacional\/"},"img":{"alt_text":"","src":"https:\/\/i0.wp.com\/www.hoymercedes.com.ar\/principal\/wp-content\/uploads\/2019\/09\/28-carlos-selva.jpg?resize=350%2C200&ssl=1","width":350,"height":200,"srcset":"https:\/\/i0.wp.com\/www.hoymercedes.com.ar\/principal\/wp-content\/uploads\/2019\/09\/28-carlos-selva.jpg?resize=350%2C200&ssl=1 1x, https:\/\/i0.wp.com\/www.hoymercedes.com.ar\/principal\/wp-content\/uploads\/2019\/09\/28-carlos-selva.jpg?resize=525%2C300&ssl=1 1.5x, https:\/\/i0.wp.com\/www.hoymercedes.com.ar\/principal\/wp-content\/uploads\/2019\/09\/28-carlos-selva.jpg?resize=700%2C400&ssl=1 2x"},"classes":[]}],"_links":{"self":[{"href":"https:\/\/www.hoymercedes.com.ar\/principal\/wp-json\/wp\/v2\/posts\/60306","targetHints":{"allow":["GET"]}}],"collection":[{"href":"https:\/\/www.hoymercedes.com.ar\/principal\/wp-json\/wp\/v2\/posts"}],"about":[{"href":"https:\/\/www.hoymercedes.com.ar\/principal\/wp-json\/wp\/v2\/types\/post"}],"author":[{"embeddable":true,"href":"https:\/\/www.hoymercedes.com.ar\/principal\/wp-json\/wp\/v2\/users\/1"}],"replies":[{"embeddable":true,"href":"https:\/\/www.hoymercedes.com.ar\/principal\/wp-json\/wp\/v2\/comments?post=60306"}],"version-history":[{"count":0,"href":"https:\/\/www.hoymercedes.com.ar\/principal\/wp-json\/wp\/v2\/posts\/60306\/revisions"}],"wp:featuredmedia":[{"embeddable":true,"href":"https:\/\/www.hoymercedes.com.ar\/principal\/wp-json\/wp\/v2\/media\/59871"}],"wp:attachment":[{"href":"https:\/\/www.hoymercedes.com.ar\/principal\/wp-json\/wp\/v2\/media?parent=60306"}],"wp:term":[{"taxonomy":"category","embeddable":true,"href":"https:\/\/www.hoymercedes.com.ar\/principal\/wp-json\/wp\/v2\/categories?post=60306"},{"taxonomy":"post_tag","embeddable":true,"href":"https:\/\/www.hoymercedes.com.ar\/principal\/wp-json\/wp\/v2\/tags?post=60306"}],"curies":[{"name":"wp","href":"https:\/\/api.w.org\/{rel}","templated":true}]}}