{"id":60316,"date":"2017-03-05T12:00:40","date_gmt":"2017-03-05T15:00:40","guid":{"rendered":"http:\/\/www.hoymercedes.com.ar\/principal\/?p=60316"},"modified":"2017-03-04T21:04:30","modified_gmt":"2017-03-05T00:04:30","slug":"cuando-la-politica-interfiere-en-la-politica","status":"publish","type":"post","link":"https:\/\/www.hoymercedes.com.ar\/principal\/2017\/03\/05\/cuando-la-politica-interfiere-en-la-politica\/","title":{"rendered":"Cuando la \u201cpol\u00edtica\u201d interfiere en la POL\u00cdTICA"},"content":{"rendered":"<p>Por Eduardo Pisoni* &#8211; A fines de noviembre del pasado a\u00f1o, <a href=\"https:\/\/www.hoymercedes.com.ar\/principal\/2016\/11\/24\/y-si-nos-ocupamos-de-la-educacion\/\" target=\"_blank\">publiqu\u00e9 <\/a>una nota referida a la necesidad de que el tema educativo tenga presencia continua en la sociedad.<\/p>\n<p>En parte, refer\u00eda all\u00ed a lo que hoy est\u00e1 ocurriendo, los medios muestran\u00a0 los conflictos y los rituales como lo expresa el Ac. Roberto Igarza.<\/p>\n<p>El mito del eterno retorno nos invade. Se repiten las mismas f\u00f3rmulas a\u00f1o tras a\u00f1o sin poder lograr una s\u00edntesis que opere como catalizadora de intereses contrapuestos y se encamine hacia propuestas de POL\u00cdTICAS de estado, estables y duraderas como lo han logrado otros pa\u00edses de la regi\u00f3n.<\/p>\n<p>Hoy estamos asistiendo a una puja sectorial, es una\u00a0 \u201cpol\u00edtica\u201d que empobrece. Por un lado, ofrecimientos de mezquindad, por otro lado repitiendo f\u00f3rmulas que nunca han llevado a resultados superadores m\u00e1s all\u00e1 de cada coyuntura \u201cpol\u00edtica\u201d.<\/p>\n<p>\u00bfQu\u00e9 creen que pueden pensar y sentir los ni\u00f1os que ingresan al primer a\u00f1o\/grado de primaria? \u00bfPor d\u00f3nde pasan sus deseos expectativas y emociones ante el evento del inicio de la escolaridad primaria? Se han olvidado de ellos.<\/p>\n<p>Por m\u00e1s que se pregone, desde ambos sectores, que la prioridad es la educaci\u00f3n, la carencia de hechos concretos revela una ret\u00f3rica de hipocres\u00eda.<\/p>\n<p>*Docente del Nivel Superior. Director de la Escuela Primaria N\u00ba 701<\/p>\n","protected":false},"excerpt":{"rendered":"<p>Por Eduardo Pisoni* &#8211; A fines de noviembre del pasado a\u00f1o, publiqu\u00e9 una nota referida a la necesidad de que &#8230; <a title=\"Cuando la \u201cpol\u00edtica\u201d interfiere en la POL\u00cdTICA\" class=\"read-more\" href=\"https:\/\/www.hoymercedes.com.ar\/principal\/2017\/03\/05\/cuando-la-politica-interfiere-en-la-politica\/\" aria-label=\"Leer m\u00e1s sobre Cuando la \u201cpol\u00edtica\u201d interfiere en la POL\u00cdTICA\">Leer m\u00e1s<\/a><\/p>\n","protected":false},"author":1,"featured_media":0,"comment_status":"closed","ping_status":"open","sticky":false,"template":"","format":"standard","meta":{"_monsterinsights_skip_tracking":false,"_monsterinsights_sitenote_active":false,"_monsterinsights_sitenote_note":"","_monsterinsights_sitenote_category":0,"jetpack_post_was_ever_published":false,"_jetpack_newsletter_access":"","_jetpack_dont_email_post_to_subs":false,"_jetpack_newsletter_tier_id":0,"_jetpack_memberships_contains_paywalled_content":false,"_jetpack_memberships_contains_paid_content":false,"footnotes":"","jetpack_publicize_message":"","jetpack_publicize_feature_enabled":true,"jetpack_social_post_already_shared":true,"jetpack_social_options":{"image_generator_settings":{"template":"highway","default_image_id":0,"font":"","enabled":false},"version":2},"_wpas_customize_per_network":false},"categories":[11],"tags":[10684,47,8748],"class_list":["post-60316","post","type-post","status-publish","format-standard","hentry","category-ciudad","tag-eduardo-pisoni","tag-educacion-2","tag-opinion","generate-columns","tablet-grid-50","mobile-grid-100","grid-parent","grid-50"],"jetpack_publicize_connections":[],"jetpack_featured_media_url":"","wps_subtitle":"Educaci\u00f3n","jetpack_sharing_enabled":true,"_links":{"self":[{"href":"https:\/\/www.hoymercedes.com.ar\/principal\/wp-json\/wp\/v2\/posts\/60316","targetHints":{"allow":["GET"]}}],"collection":[{"href":"https:\/\/www.hoymercedes.com.ar\/principal\/wp-json\/wp\/v2\/posts"}],"about":[{"href":"https:\/\/www.hoymercedes.com.ar\/principal\/wp-json\/wp\/v2\/types\/post"}],"author":[{"embeddable":true,"href":"https:\/\/www.hoymercedes.com.ar\/principal\/wp-json\/wp\/v2\/users\/1"}],"replies":[{"embeddable":true,"href":"https:\/\/www.hoymercedes.com.ar\/principal\/wp-json\/wp\/v2\/comments?post=60316"}],"version-history":[{"count":0,"href":"https:\/\/www.hoymercedes.com.ar\/principal\/wp-json\/wp\/v2\/posts\/60316\/revisions"}],"wp:attachment":[{"href":"https:\/\/www.hoymercedes.com.ar\/principal\/wp-json\/wp\/v2\/media?parent=60316"}],"wp:term":[{"taxonomy":"category","embeddable":true,"href":"https:\/\/www.hoymercedes.com.ar\/principal\/wp-json\/wp\/v2\/categories?post=60316"},{"taxonomy":"post_tag","embeddable":true,"href":"https:\/\/www.hoymercedes.com.ar\/principal\/wp-json\/wp\/v2\/tags?post=60316"}],"curies":[{"name":"wp","href":"https:\/\/api.w.org\/{rel}","templated":true}]}}