{"id":60322,"date":"2017-03-05T14:16:19","date_gmt":"2017-03-05T17:16:19","guid":{"rendered":"http:\/\/www.hoymercedes.com.ar\/principal\/?p=60322"},"modified":"2017-03-05T14:16:19","modified_gmt":"2017-03-05T17:16:19","slug":"accidente-fatal-sobre-ruta-5","status":"publish","type":"post","link":"https:\/\/www.hoymercedes.com.ar\/principal\/2017\/03\/05\/accidente-fatal-sobre-ruta-5\/","title":{"rendered":"Accidente fatal sobre Ruta 5"},"content":{"rendered":"<p>Alrededor de las 6 de la ma\u00f1ana del s\u00e1bado 4 de marzo de 2017, se produjo un accidente sobre al trazado de la ruta nacional 5, a la altura del km 124, en jurisdicci\u00f3n del partido de Suipacha, a escasos metros de la ex balanza de pesado de camiones.<\/p>\n<p><img loading=\"lazy\" decoding=\"async\" data-attachment-id=\"60324\" data-permalink=\"https:\/\/www.hoymercedes.com.ar\/principal\/2017\/03\/05\/accidente-fatal-sobre-ruta-5\/05-accidente-r5-1\/#main\" data-orig-file=\"https:\/\/www.hoymercedes.com.ar\/principal\/wp-content\/uploads\/2017\/03\/05-accidente-r5-1.jpg\" data-orig-size=\"630,394\" data-comments-opened=\"0\" data-image-meta=\"{&quot;aperture&quot;:&quot;0&quot;,&quot;credit&quot;:&quot;&quot;,&quot;camera&quot;:&quot;&quot;,&quot;caption&quot;:&quot;&quot;,&quot;created_timestamp&quot;:&quot;0&quot;,&quot;copyright&quot;:&quot;&quot;,&quot;focal_length&quot;:&quot;0&quot;,&quot;iso&quot;:&quot;0&quot;,&quot;shutter_speed&quot;:&quot;0&quot;,&quot;title&quot;:&quot;&quot;,&quot;orientation&quot;:&quot;0&quot;}\" data-image-title=\"05 accidente r5 1\" data-image-description=\"\" data-image-caption=\"\" data-large-file=\"https:\/\/www.hoymercedes.com.ar\/principal\/wp-content\/uploads\/2017\/03\/05-accidente-r5-1.jpg\" class=\"aligncenter size-medium wp-image-60324\" src=\"https:\/\/www.hoymercedes.com.ar\/principal\/wp-content\/uploads\/2017\/03\/05-accidente-r5-1-630x394.jpg\" alt=\"\" width=\"630\" height=\"394\" srcset=\"https:\/\/www.hoymercedes.com.ar\/principal\/wp-content\/uploads\/2017\/03\/05-accidente-r5-1.jpg 630w, https:\/\/www.hoymercedes.com.ar\/principal\/wp-content\/uploads\/2017\/03\/05-accidente-r5-1-150x94.jpg 150w, https:\/\/www.hoymercedes.com.ar\/principal\/wp-content\/uploads\/2017\/03\/05-accidente-r5-1-400x250.jpg 400w\" sizes=\"auto, (max-width: 630px) 100vw, 630px\" \/><\/p>\n<p>A la altura del kilometraje mencionado un autom\u00f3vil Renault Scenic, color gris claro , dominio FQD-944 que se dirig\u00eda desde Chivilcoy hacia Mercedes, conducido por Ariel Jes\u00fas Piaggio, de 53 a\u00f1os, quien viajaba acompa\u00f1ado por Stella Maris Quiroga, ambos domiciliados en Mercedes, colision\u00f3 con un ciclomotor Zanella 50 cc, color celeste, sin patente, que circulaba delante, en la que viajaban dos personas de sexo masculino, identificados como Victor Daniel Galvan y Jorge Daniel Hern\u00e1ndez, quienes se dirig\u00edan desde Suipacha hacia un establecimiento rural ubicado en el km 123.<\/p>\n<p>A ra\u00edz del violento impacto Galv\u00e1n resulta fallecido en el lugar, en tanto Hern\u00e1ndez, fue trasladado con heridas de gravedad hacia el hospital Esteban Iribarne de Suipacha.<\/p>\n<p><img loading=\"lazy\" decoding=\"async\" data-attachment-id=\"60325\" data-permalink=\"https:\/\/www.hoymercedes.com.ar\/principal\/2017\/03\/05\/accidente-fatal-sobre-ruta-5\/05-accidente-r5-2\/#main\" data-orig-file=\"https:\/\/www.hoymercedes.com.ar\/principal\/wp-content\/uploads\/2017\/03\/05-accidente-r5-2.jpg\" data-orig-size=\"630,356\" data-comments-opened=\"0\" data-image-meta=\"{&quot;aperture&quot;:&quot;0&quot;,&quot;credit&quot;:&quot;&quot;,&quot;camera&quot;:&quot;&quot;,&quot;caption&quot;:&quot;&quot;,&quot;created_timestamp&quot;:&quot;0&quot;,&quot;copyright&quot;:&quot;&quot;,&quot;focal_length&quot;:&quot;0&quot;,&quot;iso&quot;:&quot;0&quot;,&quot;shutter_speed&quot;:&quot;0&quot;,&quot;title&quot;:&quot;&quot;,&quot;orientation&quot;:&quot;0&quot;}\" data-image-title=\"05 accidente r5 2\" data-image-description=\"\" data-image-caption=\"\" data-large-file=\"https:\/\/www.hoymercedes.com.ar\/principal\/wp-content\/uploads\/2017\/03\/05-accidente-r5-2.jpg\" class=\"aligncenter size-medium wp-image-60325\" src=\"https:\/\/www.hoymercedes.com.ar\/principal\/wp-content\/uploads\/2017\/03\/05-accidente-r5-2-630x356.jpg\" alt=\"\" width=\"630\" height=\"356\" srcset=\"https:\/\/www.hoymercedes.com.ar\/principal\/wp-content\/uploads\/2017\/03\/05-accidente-r5-2.jpg 630w, https:\/\/www.hoymercedes.com.ar\/principal\/wp-content\/uploads\/2017\/03\/05-accidente-r5-2-150x85.jpg 150w\" sizes=\"auto, (max-width: 630px) 100vw, 630px\" \/><\/p>\n<p>Luego del impacto el ciclomotor y sus ocupantes fueron despedidos hacia la banquina, en tanto el autom\u00f3vil se detuvo \u00a0metros m\u00e1s adelante, los ocupantes del autom\u00f3vil resultaron ilesos.<\/p>\n<p>Intervino Polic\u00eda Comunal, CPR, ambulancias del HOMEI y Bomberos Voluntarios de Suipacha.<\/p>\n<p>&nbsp;<\/p>\n<p>Fuente: Jorge Oscar Lasala de Suipacha.<\/p>\n","protected":false},"excerpt":{"rendered":"<p>Alrededor de las 6 de la ma\u00f1ana del s\u00e1bado 4 de marzo de 2017, se produjo un accidente sobre al &#8230; <a title=\"Accidente fatal sobre Ruta 5\" class=\"read-more\" href=\"https:\/\/www.hoymercedes.com.ar\/principal\/2017\/03\/05\/accidente-fatal-sobre-ruta-5\/\" aria-label=\"Leer m\u00e1s sobre Accidente fatal sobre Ruta 5\">Leer m\u00e1s<\/a><\/p>\n","protected":false},"author":1,"featured_media":60325,"comment_status":"closed","ping_status":"open","sticky":false,"template":"","format":"standard","meta":{"_monsterinsights_skip_tracking":false,"_monsterinsights_sitenote_active":false,"_monsterinsights_sitenote_note":"","_monsterinsights_sitenote_category":0,"jetpack_post_was_ever_published":false,"_jetpack_newsletter_access":"","_jetpack_dont_email_post_to_subs":false,"_jetpack_newsletter_tier_id":0,"_jetpack_memberships_contains_paywalled_content":false,"_jetpack_memberships_contains_paid_content":false,"footnotes":"","jetpack_publicize_message":"","jetpack_publicize_feature_enabled":true,"jetpack_social_post_already_shared":true,"jetpack_social_options":{"image_generator_settings":{"template":"highway","default_image_id":0,"font":"","enabled":false},"version":2},"_wpas_customize_per_network":false},"categories":[85],"tags":[832,10,538,559],"class_list":["post-60322","post","type-post","status-publish","format-standard","has-post-thumbnail","hentry","category-policial","tag-accidente","tag-mercedes","tag-ruta-5","tag-suipacha","generate-columns","tablet-grid-50","mobile-grid-100","grid-parent","grid-50"],"jetpack_publicize_connections":[],"jetpack_featured_media_url":"https:\/\/www.hoymercedes.com.ar\/principal\/wp-content\/uploads\/2017\/03\/05-accidente-r5-2.jpg","wps_subtitle":"","jetpack_sharing_enabled":true,"_links":{"self":[{"href":"https:\/\/www.hoymercedes.com.ar\/principal\/wp-json\/wp\/v2\/posts\/60322","targetHints":{"allow":["GET"]}}],"collection":[{"href":"https:\/\/www.hoymercedes.com.ar\/principal\/wp-json\/wp\/v2\/posts"}],"about":[{"href":"https:\/\/www.hoymercedes.com.ar\/principal\/wp-json\/wp\/v2\/types\/post"}],"author":[{"embeddable":true,"href":"https:\/\/www.hoymercedes.com.ar\/principal\/wp-json\/wp\/v2\/users\/1"}],"replies":[{"embeddable":true,"href":"https:\/\/www.hoymercedes.com.ar\/principal\/wp-json\/wp\/v2\/comments?post=60322"}],"version-history":[{"count":0,"href":"https:\/\/www.hoymercedes.com.ar\/principal\/wp-json\/wp\/v2\/posts\/60322\/revisions"}],"wp:featuredmedia":[{"embeddable":true,"href":"https:\/\/www.hoymercedes.com.ar\/principal\/wp-json\/wp\/v2\/media\/60325"}],"wp:attachment":[{"href":"https:\/\/www.hoymercedes.com.ar\/principal\/wp-json\/wp\/v2\/media?parent=60322"}],"wp:term":[{"taxonomy":"category","embeddable":true,"href":"https:\/\/www.hoymercedes.com.ar\/principal\/wp-json\/wp\/v2\/categories?post=60322"},{"taxonomy":"post_tag","embeddable":true,"href":"https:\/\/www.hoymercedes.com.ar\/principal\/wp-json\/wp\/v2\/tags?post=60322"}],"curies":[{"name":"wp","href":"https:\/\/api.w.org\/{rel}","templated":true}]}}