{"id":60344,"date":"2017-03-06T09:46:53","date_gmt":"2017-03-06T12:46:53","guid":{"rendered":"http:\/\/www.hoymercedes.com.ar\/principal\/?p=60344"},"modified":"2017-03-06T18:49:09","modified_gmt":"2017-03-06T21:49:09","slug":"gauchos-unidos-y-municipio-comenzaron-la-organizacion-de-la-torta-frita","status":"publish","type":"post","link":"https:\/\/www.hoymercedes.com.ar\/principal\/2017\/03\/06\/gauchos-unidos-y-municipio-comenzaron-la-organizacion-de-la-torta-frita\/","title":{"rendered":"Agrupaciones Gauchas Unidas y Municipio comenzaron la organizaci\u00f3n de la Torta Frita"},"content":{"rendered":"<p>Durante el mediod\u00eda del \u00faltimo domingo, la Comisi\u00f3n de las \u00abAgrupaciones Gauchas Unidos\u00bb y autoridades\u00a0del Municipio llevaron adelante un almuerzo con el fin de organizar la pr\u00f3xima\u00a0\u00abFiesta Provincial de la Torta Frita\u00bb. Adem\u00e1s, distinguieron a los vecinos que integran la Comisi\u00f3n Fue en la sede de la Sociedad de Fomento del barrio San Jos\u00e9.<\/p>\n<p><img loading=\"lazy\" decoding=\"async\" data-attachment-id=\"60346\" data-permalink=\"https:\/\/www.hoymercedes.com.ar\/principal\/2017\/03\/06\/gauchos-unidos-y-municipio-comenzaron-la-organizacion-de-la-torta-frita\/06-gauchos-2\/#main\" data-orig-file=\"https:\/\/www.hoymercedes.com.ar\/principal\/wp-content\/uploads\/2017\/03\/06-gauchos-2.jpg\" data-orig-size=\"630,421\" data-comments-opened=\"0\" data-image-meta=\"{&quot;aperture&quot;:&quot;0&quot;,&quot;credit&quot;:&quot;&quot;,&quot;camera&quot;:&quot;&quot;,&quot;caption&quot;:&quot;&quot;,&quot;created_timestamp&quot;:&quot;0&quot;,&quot;copyright&quot;:&quot;&quot;,&quot;focal_length&quot;:&quot;0&quot;,&quot;iso&quot;:&quot;0&quot;,&quot;shutter_speed&quot;:&quot;0&quot;,&quot;title&quot;:&quot;&quot;,&quot;orientation&quot;:&quot;0&quot;}\" data-image-title=\"06 gauchos 2\" data-image-description=\"\" data-image-caption=\"\" data-large-file=\"https:\/\/www.hoymercedes.com.ar\/principal\/wp-content\/uploads\/2017\/03\/06-gauchos-2.jpg\" class=\"aligncenter size-medium wp-image-60346\" src=\"https:\/\/www.hoymercedes.com.ar\/principal\/wp-content\/uploads\/2017\/03\/06-gauchos-2-630x421.jpg\" alt=\"\" width=\"630\" height=\"421\" srcset=\"https:\/\/www.hoymercedes.com.ar\/principal\/wp-content\/uploads\/2017\/03\/06-gauchos-2.jpg 630w, https:\/\/www.hoymercedes.com.ar\/principal\/wp-content\/uploads\/2017\/03\/06-gauchos-2-150x100.jpg 150w, https:\/\/www.hoymercedes.com.ar\/principal\/wp-content\/uploads\/2017\/03\/06-gauchos-2-300x200.jpg 300w\" sizes=\"auto, (max-width: 630px) 100vw, 630px\" \/><\/p>\n<p>En la reuni\u00f3n recibi\u00f3 la \u00abAgrupaci\u00f3n Estribo\u00bb las banderas de ceremonia de nuestro pa\u00eds y de la provincia Buenos Aires. Fue una almuerzo de camarader\u00eda y el puntapi\u00e9 inicial de trabajo fuerte que se inicia con miras a la nueva edici\u00f3n.<\/p>\n<p>Quique N\u00fa\u00f1ez, un reconocido vecino y participe de la \u00abAgrupaciones Gauchas Unidos\u00bb agradeci\u00f3 el apoyo recibido e invit\u00f3 a todos los mercedinos a ser parte de esta movida cultural, tur\u00edstica y amiga.<\/p>\n<p><img loading=\"lazy\" decoding=\"async\" data-attachment-id=\"60345\" data-permalink=\"https:\/\/www.hoymercedes.com.ar\/principal\/2017\/03\/06\/gauchos-unidos-y-municipio-comenzaron-la-organizacion-de-la-torta-frita\/06-gauchos-1\/#main\" data-orig-file=\"https:\/\/www.hoymercedes.com.ar\/principal\/wp-content\/uploads\/2017\/03\/06-gauchos-1.jpg\" data-orig-size=\"630,420\" data-comments-opened=\"0\" data-image-meta=\"{&quot;aperture&quot;:&quot;0&quot;,&quot;credit&quot;:&quot;&quot;,&quot;camera&quot;:&quot;&quot;,&quot;caption&quot;:&quot;&quot;,&quot;created_timestamp&quot;:&quot;0&quot;,&quot;copyright&quot;:&quot;&quot;,&quot;focal_length&quot;:&quot;0&quot;,&quot;iso&quot;:&quot;0&quot;,&quot;shutter_speed&quot;:&quot;0&quot;,&quot;title&quot;:&quot;&quot;,&quot;orientation&quot;:&quot;0&quot;}\" data-image-title=\"06 gauchos 1\" data-image-description=\"\" data-image-caption=\"\" data-large-file=\"https:\/\/www.hoymercedes.com.ar\/principal\/wp-content\/uploads\/2017\/03\/06-gauchos-1.jpg\" class=\"aligncenter size-medium wp-image-60345\" src=\"https:\/\/www.hoymercedes.com.ar\/principal\/wp-content\/uploads\/2017\/03\/06-gauchos-1-630x420.jpg\" alt=\"\" width=\"630\" height=\"420\" srcset=\"https:\/\/www.hoymercedes.com.ar\/principal\/wp-content\/uploads\/2017\/03\/06-gauchos-1.jpg 630w, https:\/\/www.hoymercedes.com.ar\/principal\/wp-content\/uploads\/2017\/03\/06-gauchos-1-150x100.jpg 150w, https:\/\/www.hoymercedes.com.ar\/principal\/wp-content\/uploads\/2017\/03\/06-gauchos-1-300x200.jpg 300w\" sizes=\"auto, (max-width: 630px) 100vw, 630px\" \/><\/p>\n<p>El intendente Ustarroz y el Secretario de Gobierno L\u00f3pez Baggio dieron todo el apoyo\u00a0para la fiesta de la Torta Frita de este a\u00f1o. \u00abQueremos felicitarlos por el trabajo que realizan. Piensan en la ciudad, en la tradici\u00f3n, en nuestras ra\u00edces. Son un actor vivo de nuestra cultura. Siempre generosos invit\u00e1ndonos a ser parte de una fiesta popular que es de las que m\u00e1s a crecido en los \u00faltimos a\u00f1os siendo nuestro deseo dar el acompa\u00f1amiento institucional para que est\u00e9 a\u00f1o se convierta en un nuevo escal\u00f3n de crecimiento\u00bb narr\u00f3 Juan Ignacio Ustarroz al ser consultado.<\/p>\n<p>\u00abSin duda estas banderas flamearan en cada uno de los desfiles que realizan, en cada fiesta, bien alto, como cada acci\u00f3n que este hermoso y laborioso grupo lleva adelante\u00bb coment\u00f3 el Secretario de Gobierno Juan Pablo L\u00f3pez Baggio quien tambi\u00e9n invit\u00f3 a que \u00abeste 2017 buscaremos la Torta Frita m\u00e1s grande del mundo vuelva a ser un gran atractivo y elemento de convocatoria\u00bb.<\/p>\n<p>Carlos Garro, concejal del FMPV, quien particip\u00f3 de la movida, \u00abfelicit\u00f3 a todos por mantener el trabajo a trav\u00e9s del tiempo, tarea m\u00e1s que compleja, la seriedad y la constante b\u00fasqueda de hacer de la fiesta algo grande, para todos y con nuestras ra\u00edces en el centro de la escena\u00bb<br \/>\nA modo de adelanto, contaron que la Fiesta de la Torta Frita tendr\u00e1 como siempre puestos de artesanos, m\u00fasica en vivo, baile, desfile y la elecci\u00f3n de la tortera del a\u00f1o la entrada .ser\u00e1 libre y gratuita<\/p>\n<p>&nbsp;<\/p>\n<p>Fuente: Prensa Municipal<\/p>\n<p>&nbsp;<\/p>\n","protected":false},"excerpt":{"rendered":"<p>Durante el mediod\u00eda del \u00faltimo domingo, la Comisi\u00f3n de las \u00abAgrupaciones Gauchas Unidos\u00bb y autoridades\u00a0del Municipio llevaron adelante un almuerzo &#8230; <a title=\"Agrupaciones Gauchas Unidas y Municipio comenzaron la organizaci\u00f3n de la Torta Frita\" class=\"read-more\" href=\"https:\/\/www.hoymercedes.com.ar\/principal\/2017\/03\/06\/gauchos-unidos-y-municipio-comenzaron-la-organizacion-de-la-torta-frita\/\" aria-label=\"Leer m\u00e1s sobre Agrupaciones Gauchas Unidas y Municipio comenzaron la organizaci\u00f3n de la Torta Frita\">Leer m\u00e1s<\/a><\/p>\n","protected":false},"author":1,"featured_media":60345,"comment_status":"closed","ping_status":"open","sticky":false,"template":"","format":"standard","meta":{"_monsterinsights_skip_tracking":false,"_monsterinsights_sitenote_active":false,"_monsterinsights_sitenote_note":"","_monsterinsights_sitenote_category":0,"jetpack_post_was_ever_published":false,"_jetpack_newsletter_access":"","_jetpack_dont_email_post_to_subs":true,"_jetpack_newsletter_tier_id":0,"_jetpack_memberships_contains_paywalled_content":false,"_jetpack_memberships_contains_paid_content":false,"footnotes":"","jetpack_publicize_message":"","jetpack_publicize_feature_enabled":true,"jetpack_social_post_already_shared":true,"jetpack_social_options":{"image_generator_settings":{"template":"highway","default_image_id":0,"font":"","enabled":false},"version":2},"_wpas_customize_per_network":false},"categories":[30,8],"tags":[10686,2057,244],"class_list":["post-60344","post","type-post","status-publish","format-standard","has-post-thumbnail","hentry","category-municipio","category-sociedad","tag-comision-gauchos-unidos","tag-fiesta-de-la-torta-frita","tag-municipio-2","generate-columns","tablet-grid-50","mobile-grid-100","grid-parent","grid-50"],"jetpack_publicize_connections":[],"jetpack_featured_media_url":"https:\/\/www.hoymercedes.com.ar\/principal\/wp-content\/uploads\/2017\/03\/06-gauchos-1.jpg","wps_subtitle":"Distinciones a integrantes","jetpack_sharing_enabled":true,"_links":{"self":[{"href":"https:\/\/www.hoymercedes.com.ar\/principal\/wp-json\/wp\/v2\/posts\/60344","targetHints":{"allow":["GET"]}}],"collection":[{"href":"https:\/\/www.hoymercedes.com.ar\/principal\/wp-json\/wp\/v2\/posts"}],"about":[{"href":"https:\/\/www.hoymercedes.com.ar\/principal\/wp-json\/wp\/v2\/types\/post"}],"author":[{"embeddable":true,"href":"https:\/\/www.hoymercedes.com.ar\/principal\/wp-json\/wp\/v2\/users\/1"}],"replies":[{"embeddable":true,"href":"https:\/\/www.hoymercedes.com.ar\/principal\/wp-json\/wp\/v2\/comments?post=60344"}],"version-history":[{"count":0,"href":"https:\/\/www.hoymercedes.com.ar\/principal\/wp-json\/wp\/v2\/posts\/60344\/revisions"}],"wp:featuredmedia":[{"embeddable":true,"href":"https:\/\/www.hoymercedes.com.ar\/principal\/wp-json\/wp\/v2\/media\/60345"}],"wp:attachment":[{"href":"https:\/\/www.hoymercedes.com.ar\/principal\/wp-json\/wp\/v2\/media?parent=60344"}],"wp:term":[{"taxonomy":"category","embeddable":true,"href":"https:\/\/www.hoymercedes.com.ar\/principal\/wp-json\/wp\/v2\/categories?post=60344"},{"taxonomy":"post_tag","embeddable":true,"href":"https:\/\/www.hoymercedes.com.ar\/principal\/wp-json\/wp\/v2\/tags?post=60344"}],"curies":[{"name":"wp","href":"https:\/\/api.w.org\/{rel}","templated":true}]}}