{"id":60371,"date":"2017-03-07T06:38:55","date_gmt":"2017-03-07T09:38:55","guid":{"rendered":"http:\/\/www.hoymercedes.com.ar\/principal\/?p=60371"},"modified":"2017-03-06T22:47:03","modified_gmt":"2017-03-07T01:47:03","slug":"preocupacion-en-el-municipio-la-coparticipacion-crece-por-debajo-de-la-inflacion","status":"publish","type":"post","link":"https:\/\/www.hoymercedes.com.ar\/principal\/2017\/03\/07\/preocupacion-en-el-municipio-la-coparticipacion-crece-por-debajo-de-la-inflacion\/","title":{"rendered":"Preocupaci\u00f3n en el municipio: la coparticipaci\u00f3n crece por debajo de la inflaci\u00f3n"},"content":{"rendered":"<p>Por Prensa Municipal &#8211; El Municipio sigue observando con preocupaci\u00f3n c\u00f3mo los fondos recibidos de coparticipaci\u00f3n crecen por debajo del \u00edndice de inflaci\u00f3n. Es una realidad que impacta directamente en las arcas comunales y que si no fuera porque el a\u00f1o pasado logr\u00f3 un super\u00e1vit del 4% habr\u00eda problemas en prestaciones y servicios. \u201cEl tener las cuentas claras y ordenadas hace que hoy la preocupaci\u00f3n no sea mayor, pero, es sin duda un panorama complejo\u201d, sostuvieron desde el \u00e1rea econ\u00f3mica de la Municipalidad de Mercedes.<\/p>\n<p><img loading=\"lazy\" decoding=\"async\" data-attachment-id=\"60373\" data-permalink=\"https:\/\/www.hoymercedes.com.ar\/principal\/2017\/03\/07\/preocupacion-en-el-municipio-la-coparticipacion-crece-por-debajo-de-la-inflacion\/07-muni-economia\/#main\" data-orig-file=\"https:\/\/www.hoymercedes.com.ar\/principal\/wp-content\/uploads\/2017\/03\/07-Muni-economia.jpg\" data-orig-size=\"630,420\" data-comments-opened=\"0\" data-image-meta=\"{&quot;aperture&quot;:&quot;5.6&quot;,&quot;credit&quot;:&quot;&quot;,&quot;camera&quot;:&quot;NIKON D3100&quot;,&quot;caption&quot;:&quot;&quot;,&quot;created_timestamp&quot;:&quot;1486031048&quot;,&quot;copyright&quot;:&quot;&quot;,&quot;focal_length&quot;:&quot;55&quot;,&quot;iso&quot;:&quot;3200&quot;,&quot;shutter_speed&quot;:&quot;0.016666666666667&quot;,&quot;title&quot;:&quot;&quot;,&quot;orientation&quot;:&quot;1&quot;}\" data-image-title=\"07 Muni economia\" data-image-description=\"\" data-image-caption=\"\" data-large-file=\"https:\/\/www.hoymercedes.com.ar\/principal\/wp-content\/uploads\/2017\/03\/07-Muni-economia.jpg\" class=\"aligncenter size-medium wp-image-60373\" src=\"https:\/\/www.hoymercedes.com.ar\/principal\/wp-content\/uploads\/2017\/03\/07-Muni-economia-630x420.jpg\" alt=\"\" width=\"630\" height=\"420\" srcset=\"https:\/\/www.hoymercedes.com.ar\/principal\/wp-content\/uploads\/2017\/03\/07-Muni-economia.jpg 630w, https:\/\/www.hoymercedes.com.ar\/principal\/wp-content\/uploads\/2017\/03\/07-Muni-economia-150x100.jpg 150w, https:\/\/www.hoymercedes.com.ar\/principal\/wp-content\/uploads\/2017\/03\/07-Muni-economia-300x200.jpg 300w\" sizes=\"auto, (max-width: 630px) 100vw, 630px\" \/><\/p>\n<p>Algo que siempre ha rescatado el intendente Ustarroz es que por un a\u00f1o de mucho esfuerzo y eficacia, con manejo de fondos transparentes y ahorros en licitaciones se logr\u00f3 una estabilidad econ\u00f3mica con inversi\u00f3n en infraestructura y obras de calidad. Un caso ejemplar es el Dubarry donde in\u00e9ditamente el Municipio hace transferencia de fondos a la provincia para poder sostener servicios, como es la guardia pedi\u00e1trica con millonario aporte.<\/p>\n<p>En el mes de febrero de 2017 la coparticipaci\u00f3n recibida no alcanz\u00f3 para pagar la totalidad de la masa de los trabajadores, se destac\u00f3.<\/p>\n<p>\u201cDurante el 2016 la coparticipaci\u00f3n creci\u00f3 un 33%. En 2017 la provincia inform\u00f3 que el primer trimestre la variaci\u00f3n interanual va a ser de un 32%.\u201d analiz\u00f3 el licenciado Agust\u00edn Simone, responsable de la Secretar\u00eda de Econom\u00eda y Hacienda.<\/p>\n<p>Desde el municipio explican que esta combinaci\u00f3n explosiva se da por la combinaci\u00f3n de alta inflaci\u00f3n m\u00e1s ca\u00edda de la actividad econ\u00f3mica (com\u00fanmente llamado estanflaci\u00f3n) que repercute en una ca\u00edda de la recaudaci\u00f3n Provincial y Nacional en t\u00e9rminos reales. Por otra parte el a\u00f1o 2016 la Municipalidad tuvo que incrementar los salarios por encima del aumento de la coparticipaci\u00f3n para evitar un deterioro del salario de los trabajadores.<\/p>\n<p>Ser\u00e1 fundamental para el 2017 que no continu\u00e9 la recesi\u00f3n para que la coparticipaci\u00f3n pueda incrementarse por encima de la inflaci\u00f3n y as\u00ed revertir en parte lo que ocurri\u00f3 en el 2016.<\/p>\n<p>\u201cNuestra administraci\u00f3n logr\u00f3 sortear problemas que otros municipios no. Eso fue gracias al esfuerzo colectivo, a la eficacia administrativa, a que supimos decir si y no cuando correspond\u00eda cada definici\u00f3n y en especial a la dedicaci\u00f3n de todos los trabajadores que dieron lo mejor de s\u00ed\u201d coment\u00f3 Ustarroz quien no dej\u00f3 de sostener que \u201cseguiremos en el camino establecido, de la gesti\u00f3n responsable y apostando a mejorar cada d\u00eda m\u00e1s la prestaci\u00f3n de servicios, sabiendo, tambi\u00e9n, que nos toc\u00f3 las generales de vivir los tarifazos en energ\u00eda el\u00e9ctrica, gas, combustibles, y con agravantes, como la energ\u00eda, que el a\u00f1o pasado el aumento fue muy superior al domiciliario, por ejemplo\u201d comentaba el primer mandatario local.<\/p>\n<p>Por su parte, Simone, remarc\u00f3 que \u201cbuscamos un Municipio sustentable y por eso el \u00e9nfasis est\u00e1 en los recursos propios ya que es la \u00fanica forma de mejorar los servicios sin dejar de tener la preocupaci\u00f3n expuesta, en gas, electricidad, gas, peajes, todo muy por encima de inflaci\u00f3n y muy relevantes para el municipio\u201d sostuvo el funcionario encargado de la cartera econ\u00f3mica local.<\/p>\n<p>La preocupaci\u00f3n, en la Comuna, tiene \u201cun correlato con la realidad\u201d y es por ello que no es un dato mejor para el a\u00f1o que a\u00fan tiene mucho por transcurrir.<\/p>\n<p>En lo que va del 2017 la Municipalidad de Mercedes debi\u00f3 gastar $2.000.000 de pesos por los incrementos padecidos en energ\u00eda el\u00e9ctrica y es lo que debi\u00f3 abonar extra por el sostenimiento del alumbrado p\u00fablico, narran como ejemplo contundente.<\/p>\n<p>&nbsp;<\/p>\n","protected":false},"excerpt":{"rendered":"<p>Por Prensa Municipal &#8211; El Municipio sigue observando con preocupaci\u00f3n c\u00f3mo los fondos recibidos de coparticipaci\u00f3n crecen por debajo del &#8230; <a title=\"Preocupaci\u00f3n en el municipio: la coparticipaci\u00f3n crece por debajo de la inflaci\u00f3n\" class=\"read-more\" href=\"https:\/\/www.hoymercedes.com.ar\/principal\/2017\/03\/07\/preocupacion-en-el-municipio-la-coparticipacion-crece-por-debajo-de-la-inflacion\/\" aria-label=\"Leer m\u00e1s sobre Preocupaci\u00f3n en el municipio: la coparticipaci\u00f3n crece por debajo de la inflaci\u00f3n\">Leer m\u00e1s<\/a><\/p>\n","protected":false},"author":1,"featured_media":60373,"comment_status":"closed","ping_status":"open","sticky":false,"template":"","format":"standard","meta":{"_monsterinsights_skip_tracking":false,"_monsterinsights_sitenote_active":false,"_monsterinsights_sitenote_note":"","_monsterinsights_sitenote_category":0,"jetpack_post_was_ever_published":false,"_jetpack_newsletter_access":"","_jetpack_dont_email_post_to_subs":false,"_jetpack_newsletter_tier_id":0,"_jetpack_memberships_contains_paywalled_content":false,"_jetpack_memberships_contains_paid_content":false,"footnotes":"","jetpack_publicize_message":"","jetpack_publicize_feature_enabled":true,"jetpack_social_post_already_shared":true,"jetpack_social_options":{"image_generator_settings":{"template":"highway","default_image_id":0,"font":"","enabled":false},"version":2},"_wpas_customize_per_network":false},"categories":[30],"tags":[8786,244],"class_list":["post-60371","post","type-post","status-publish","format-standard","has-post-thumbnail","hentry","category-municipio","tag-economia","tag-municipio-2","generate-columns","tablet-grid-50","mobile-grid-100","grid-parent","grid-50"],"jetpack_publicize_connections":[],"jetpack_featured_media_url":"https:\/\/www.hoymercedes.com.ar\/principal\/wp-content\/uploads\/2017\/03\/07-Muni-economia.jpg","wps_subtitle":"Economia","jetpack_sharing_enabled":true,"_links":{"self":[{"href":"https:\/\/www.hoymercedes.com.ar\/principal\/wp-json\/wp\/v2\/posts\/60371","targetHints":{"allow":["GET"]}}],"collection":[{"href":"https:\/\/www.hoymercedes.com.ar\/principal\/wp-json\/wp\/v2\/posts"}],"about":[{"href":"https:\/\/www.hoymercedes.com.ar\/principal\/wp-json\/wp\/v2\/types\/post"}],"author":[{"embeddable":true,"href":"https:\/\/www.hoymercedes.com.ar\/principal\/wp-json\/wp\/v2\/users\/1"}],"replies":[{"embeddable":true,"href":"https:\/\/www.hoymercedes.com.ar\/principal\/wp-json\/wp\/v2\/comments?post=60371"}],"version-history":[{"count":0,"href":"https:\/\/www.hoymercedes.com.ar\/principal\/wp-json\/wp\/v2\/posts\/60371\/revisions"}],"wp:featuredmedia":[{"embeddable":true,"href":"https:\/\/www.hoymercedes.com.ar\/principal\/wp-json\/wp\/v2\/media\/60373"}],"wp:attachment":[{"href":"https:\/\/www.hoymercedes.com.ar\/principal\/wp-json\/wp\/v2\/media?parent=60371"}],"wp:term":[{"taxonomy":"category","embeddable":true,"href":"https:\/\/www.hoymercedes.com.ar\/principal\/wp-json\/wp\/v2\/categories?post=60371"},{"taxonomy":"post_tag","embeddable":true,"href":"https:\/\/www.hoymercedes.com.ar\/principal\/wp-json\/wp\/v2\/tags?post=60371"}],"curies":[{"name":"wp","href":"https:\/\/api.w.org\/{rel}","templated":true}]}}