{"id":60377,"date":"2017-03-07T09:15:49","date_gmt":"2017-03-07T12:15:49","guid":{"rendered":"http:\/\/www.hoymercedes.com.ar\/principal\/?p=60377"},"modified":"2017-03-06T22:58:43","modified_gmt":"2017-03-07T01:58:43","slug":"avanzan-las-tareas-en-el-basural-de-la-florida","status":"publish","type":"post","link":"https:\/\/www.hoymercedes.com.ar\/principal\/2017\/03\/07\/avanzan-las-tareas-en-el-basural-de-la-florida\/","title":{"rendered":"Avanzan las tareas en el basural de \u201cLa Florida\u201d"},"content":{"rendered":"<p>Por Prensa Municipal &#8211; Inmediatamente despu\u00e9s de enunciado el acuerdo para erradicar el basural de \u201cLa Florida\u201d por primera vez se inici\u00f3 el proceso de tratamiento que tanto se requer\u00eda y que mediaba incluso una medida judicial. En diciembre se arranc\u00f3 con el proceso que, en los primeros d\u00edas de marzo, permite ver una imagen totalmente distinta. El intendente Ustarroz destac\u00f3 la colaboraci\u00f3n dada desde el primer momento por el Director Ejecutivo del OPDS, Ricardo Pagola y por el presidente de CEAMSE, Gustavo Coria.<\/p>\n<p><img loading=\"lazy\" decoding=\"async\" data-attachment-id=\"60378\" data-permalink=\"https:\/\/www.hoymercedes.com.ar\/principal\/2017\/03\/07\/avanzan-las-tareas-en-el-basural-de-la-florida\/07-basural-marzo2017-6\/#main\" data-orig-file=\"https:\/\/www.hoymercedes.com.ar\/principal\/wp-content\/uploads\/2017\/03\/07-Basural-Marzo2017-6.jpg\" data-orig-size=\"630,354\" data-comments-opened=\"0\" data-image-meta=\"{&quot;aperture&quot;:&quot;0&quot;,&quot;credit&quot;:&quot;&quot;,&quot;camera&quot;:&quot;&quot;,&quot;caption&quot;:&quot;&quot;,&quot;created_timestamp&quot;:&quot;0&quot;,&quot;copyright&quot;:&quot;&quot;,&quot;focal_length&quot;:&quot;0&quot;,&quot;iso&quot;:&quot;0&quot;,&quot;shutter_speed&quot;:&quot;0&quot;,&quot;title&quot;:&quot;&quot;,&quot;orientation&quot;:&quot;0&quot;}\" data-image-title=\"07 Basural-Marzo2017 (6)\" data-image-description=\"\" data-image-caption=\"\" data-large-file=\"https:\/\/www.hoymercedes.com.ar\/principal\/wp-content\/uploads\/2017\/03\/07-Basural-Marzo2017-6.jpg\" class=\"aligncenter size-medium wp-image-60378\" src=\"https:\/\/www.hoymercedes.com.ar\/principal\/wp-content\/uploads\/2017\/03\/07-Basural-Marzo2017-6-630x354.jpg\" alt=\"\" width=\"630\" height=\"354\" srcset=\"https:\/\/www.hoymercedes.com.ar\/principal\/wp-content\/uploads\/2017\/03\/07-Basural-Marzo2017-6.jpg 630w, https:\/\/www.hoymercedes.com.ar\/principal\/wp-content\/uploads\/2017\/03\/07-Basural-Marzo2017-6-150x84.jpg 150w\" sizes=\"auto, (max-width: 630px) 100vw, 630px\" \/><\/p>\n<p>Cuando en diciembre se firm\u00f3 el convenio el intendente Juan Ignacio Ustarroz sosten\u00eda que \u00abHoy se plasm\u00f3 la voluntad de Ceamse y el OPDS de acompa\u00f1ar al municipio materializado en este convenio, para eliminar el basural y realizar una toma de conciencia mediante pol\u00edticas p\u00fablicas que puedan garantizar los derechos de nuestros ciudadanos\u00bb, precisaba en el pasado diciembre. Lo que era un anhelo de mucho tiempo se empezaba a hacer una realidad. Pas\u00f3 el tiempo y el trabajo se concret\u00f3 y cada d\u00eda se avanza m\u00e1s y m\u00e1s.<\/p>\n<p>En m\u00e1s de una ocasi\u00f3n el primer mandatario local ha remarcado la necesidad de continuar trabajando en un mejor tratamiento y procesamiento de los residuos urbanos en nuestra localidad, que los vecinos tomemos conciencia de lo importante que es el cuidado, en especial, del espacio p\u00fablico. En concreto sobre el basural tambi\u00e9n ha sostenido que era un problema grave que se decidi\u00f3 encauzarlo a fondo, con su erradicaci\u00f3n y correcto procedimiento junto a la OPDS y el CEAMSE.<\/p>\n<p>Vale recordar que nuestra ciudad re\u00fane a m\u00e1s de 70 mil habitantes, los cuales generan entre 90 y 120 toneladas diarias de residuos. Luego de 27 a\u00f1os, el basural a cielo abierto por primera vez empieza a mostrar una imagen distinta, un cambio real que impacta en el medio ambiente y en la vida de los mercedinos. No es un acto de maquillaje sino que se trata de un proceso a fondo.<\/p>\n<p>Las im\u00e1genes a\u00e9reas son contundentes y exponen como los trabajos son realizados sin pausa y con las correspondientes medidas de protecci\u00f3n.<br \/>\nAnexos<\/p>\n<p>Otro aspecto que viene realizando la Comuna es el intercambio con las instituciones educativas. Con algunas de ellas ya tiene convenios firmados para reciclar mientras que se avanza para tambi\u00e9n rubricar con otras. Es una manera de educar desde los primeros a\u00f1os, crear consciencia y una acci\u00f3n genuina. En ese sentido d\u00edas atr\u00e1s se concret\u00f3 una importante reuni\u00f3n con miembros del CEAMSE en nuestra ciudad donde estuvieron inspectores, consejeros escolares y representantes de la Comuna.<\/p>\n","protected":false},"excerpt":{"rendered":"<p>Por Prensa Municipal &#8211; Inmediatamente despu\u00e9s de enunciado el acuerdo para erradicar el basural de \u201cLa Florida\u201d por primera vez &#8230; <a title=\"Avanzan las tareas en el basural de \u201cLa Florida\u201d\" class=\"read-more\" href=\"https:\/\/www.hoymercedes.com.ar\/principal\/2017\/03\/07\/avanzan-las-tareas-en-el-basural-de-la-florida\/\" aria-label=\"Leer m\u00e1s sobre Avanzan las tareas en el basural de \u201cLa Florida\u201d\">Leer m\u00e1s<\/a><\/p>\n","protected":false},"author":1,"featured_media":60378,"comment_status":"closed","ping_status":"open","sticky":false,"template":"","format":"standard","meta":{"_monsterinsights_skip_tracking":false,"_monsterinsights_sitenote_active":false,"_monsterinsights_sitenote_note":"","_monsterinsights_sitenote_category":0,"jetpack_post_was_ever_published":false,"_jetpack_newsletter_access":"","_jetpack_dont_email_post_to_subs":false,"_jetpack_newsletter_tier_id":0,"_jetpack_memberships_contains_paywalled_content":false,"_jetpack_memberships_contains_paid_content":false,"footnotes":"","jetpack_publicize_message":"","jetpack_publicize_feature_enabled":true,"jetpack_social_post_already_shared":true,"jetpack_social_options":{"image_generator_settings":{"template":"highway","default_image_id":0,"font":"","enabled":false},"version":2},"_wpas_customize_per_network":false},"categories":[30],"tags":[1056,10609,244],"class_list":["post-60377","post","type-post","status-publish","format-standard","has-post-thumbnail","hentry","category-municipio","tag-basural","tag-la-florida","tag-municipio-2","generate-columns","tablet-grid-50","mobile-grid-100","grid-parent","grid-50"],"jetpack_publicize_connections":[],"jetpack_featured_media_url":"https:\/\/www.hoymercedes.com.ar\/principal\/wp-content\/uploads\/2017\/03\/07-Basural-Marzo2017-6.jpg","wps_subtitle":"Saneamiento","jetpack_sharing_enabled":true,"_links":{"self":[{"href":"https:\/\/www.hoymercedes.com.ar\/principal\/wp-json\/wp\/v2\/posts\/60377","targetHints":{"allow":["GET"]}}],"collection":[{"href":"https:\/\/www.hoymercedes.com.ar\/principal\/wp-json\/wp\/v2\/posts"}],"about":[{"href":"https:\/\/www.hoymercedes.com.ar\/principal\/wp-json\/wp\/v2\/types\/post"}],"author":[{"embeddable":true,"href":"https:\/\/www.hoymercedes.com.ar\/principal\/wp-json\/wp\/v2\/users\/1"}],"replies":[{"embeddable":true,"href":"https:\/\/www.hoymercedes.com.ar\/principal\/wp-json\/wp\/v2\/comments?post=60377"}],"version-history":[{"count":0,"href":"https:\/\/www.hoymercedes.com.ar\/principal\/wp-json\/wp\/v2\/posts\/60377\/revisions"}],"wp:featuredmedia":[{"embeddable":true,"href":"https:\/\/www.hoymercedes.com.ar\/principal\/wp-json\/wp\/v2\/media\/60378"}],"wp:attachment":[{"href":"https:\/\/www.hoymercedes.com.ar\/principal\/wp-json\/wp\/v2\/media?parent=60377"}],"wp:term":[{"taxonomy":"category","embeddable":true,"href":"https:\/\/www.hoymercedes.com.ar\/principal\/wp-json\/wp\/v2\/categories?post=60377"},{"taxonomy":"post_tag","embeddable":true,"href":"https:\/\/www.hoymercedes.com.ar\/principal\/wp-json\/wp\/v2\/tags?post=60377"}],"curies":[{"name":"wp","href":"https:\/\/api.w.org\/{rel}","templated":true}]}}