{"id":60393,"date":"2017-03-07T21:26:50","date_gmt":"2017-03-08T00:26:50","guid":{"rendered":"http:\/\/www.hoymercedes.com.ar\/principal\/?p=60393"},"modified":"2017-03-07T21:26:50","modified_gmt":"2017-03-08T00:26:50","slug":"realizaron-taller-sobre-comunidades-digitales-abiertas","status":"publish","type":"post","link":"https:\/\/www.hoymercedes.com.ar\/principal\/2017\/03\/07\/realizaron-taller-sobre-comunidades-digitales-abiertas\/","title":{"rendered":"Realizaron taller sobre comunidades digitales abiertas"},"content":{"rendered":"<p>Periodistas, programadores, estudiantes e interesados en general fueron parte de la exposici\u00f3n \u201cintroducci\u00f3n a WordPress\u201d que se llev\u00f3 a cabo en el Centro Universitario Regional Mercedes en conjunto con la Coordinaci\u00f3n de la Carrera de Sistemas de la Informaci\u00f3n. Mauricio Gelvez, un argentino desde hace tiempo radicado en Espa\u00f1a fue el orador de la jornada.<\/p>\n<p><img loading=\"lazy\" decoding=\"async\" data-attachment-id=\"60394\" data-permalink=\"https:\/\/www.hoymercedes.com.ar\/principal\/2017\/03\/07\/realizaron-taller-sobre-comunidades-digitales-abiertas\/07-cur-muni\/#main\" data-orig-file=\"https:\/\/www.hoymercedes.com.ar\/principal\/wp-content\/uploads\/2017\/03\/07-CUR-Muni.jpg\" data-orig-size=\"630,419\" data-comments-opened=\"0\" data-image-meta=\"{&quot;aperture&quot;:&quot;4.8&quot;,&quot;credit&quot;:&quot;&quot;,&quot;camera&quot;:&quot;NIKON D3200&quot;,&quot;caption&quot;:&quot;&quot;,&quot;created_timestamp&quot;:&quot;1488831583&quot;,&quot;copyright&quot;:&quot;&quot;,&quot;focal_length&quot;:&quot;40&quot;,&quot;iso&quot;:&quot;720&quot;,&quot;shutter_speed&quot;:&quot;0.016666666666667&quot;,&quot;title&quot;:&quot;&quot;,&quot;orientation&quot;:&quot;1&quot;}\" data-image-title=\"07 CUR Muni\" data-image-description=\"\" data-image-caption=\"\" data-large-file=\"https:\/\/www.hoymercedes.com.ar\/principal\/wp-content\/uploads\/2017\/03\/07-CUR-Muni.jpg\" class=\"aligncenter size-medium wp-image-60394\" src=\"https:\/\/www.hoymercedes.com.ar\/principal\/wp-content\/uploads\/2017\/03\/07-CUR-Muni-630x419.jpg\" alt=\"\" width=\"630\" height=\"419\" srcset=\"https:\/\/www.hoymercedes.com.ar\/principal\/wp-content\/uploads\/2017\/03\/07-CUR-Muni.jpg 630w, https:\/\/www.hoymercedes.com.ar\/principal\/wp-content\/uploads\/2017\/03\/07-CUR-Muni-150x100.jpg 150w, https:\/\/www.hoymercedes.com.ar\/principal\/wp-content\/uploads\/2017\/03\/07-CUR-Muni-300x200.jpg 300w\" sizes=\"auto, (max-width: 630px) 100vw, 630px\" \/><\/p>\n<p>La actividad tuvo como objetivo introducirse en uno de los sistemas de gesti\u00f3n de contenidos m\u00e1s difundidos en el mundo, que es de uso libre y gratuito y que es \u00fatil tanto para medios de comunicaci\u00f3n como para empresas, comercios, instituciones educativas, comunidades, donde empresas como CNN o Toyota utilizan \u201cWordpress\u201d para realizar sus presentaciones en internet.<\/p>\n<p>Walter Panessi, coordinador de Sistemas de la Informaci\u00f3n de la UNLu dio la bienvenida a los asistentes que vieron las proyecciones e hicieron preguntas al expositor.<\/p>\n<p>Mauricio Gelves es Licenciado en Inform\u00e1tica graduado en la Universidad de Palermo (Buenos Aires, Argentina). Lleva m\u00e1s de 12 a\u00f1os desarrollando todo tipo de ideas en el mundo digital y desde hace unos 5 a\u00f1os se ha volcado de lleno al mundo del Open Source y en especial al mundo WordPress.<\/p>\n<p>Participa en la comunidad dando charlas en Meetups, WordCamps y prestando su ayuda en los foros de soporte en espa\u00f1ol.<\/p>\n<p>En enero del 2016 dej\u00f3 de lado las empresas para seguir su carrera en forma independiente con su proyecto maugelves.com. Viaja a menudo con su bicicleta y su c\u00e1mara de fotos registrando su paso por los pa\u00edses en su otro blog cicloviajes.es.<\/p>\n<p>En Mercedes, Gelvez, abog\u00f3 para crear pronto la \u201ccomunidad wordpress\u201d y as\u00ed ser parte de un sistema que hoy d\u00eda ocupa m\u00e1s del 30% de los sistemas utilizados para crear y hacer funcionar p\u00e1ginas de internet.<\/p>\n<p>&nbsp;<\/p>\n<p>Fuente: Prensa Municipal<\/p>\n","protected":false},"excerpt":{"rendered":"<p>Periodistas, programadores, estudiantes e interesados en general fueron parte de la exposici\u00f3n \u201cintroducci\u00f3n a WordPress\u201d que se llev\u00f3 a cabo &#8230; <a title=\"Realizaron taller sobre comunidades digitales abiertas\" class=\"read-more\" href=\"https:\/\/www.hoymercedes.com.ar\/principal\/2017\/03\/07\/realizaron-taller-sobre-comunidades-digitales-abiertas\/\" aria-label=\"Leer m\u00e1s sobre Realizaron taller sobre comunidades digitales abiertas\">Leer m\u00e1s<\/a><\/p>\n","protected":false},"author":1,"featured_media":60394,"comment_status":"closed","ping_status":"open","sticky":false,"template":"","format":"standard","meta":{"_monsterinsights_skip_tracking":false,"_monsterinsights_sitenote_active":false,"_monsterinsights_sitenote_note":"","_monsterinsights_sitenote_category":0,"jetpack_post_was_ever_published":false,"_jetpack_newsletter_access":"","_jetpack_dont_email_post_to_subs":false,"_jetpack_newsletter_tier_id":0,"_jetpack_memberships_contains_paywalled_content":false,"_jetpack_memberships_contains_paid_content":false,"footnotes":"","jetpack_publicize_message":"","jetpack_publicize_feature_enabled":true,"jetpack_social_post_already_shared":true,"jetpack_social_options":{"image_generator_settings":{"template":"highway","default_image_id":0,"font":"","enabled":false},"version":2},"_wpas_customize_per_network":false},"categories":[30],"tags":[9938,10694,244,54],"class_list":["post-60393","post","type-post","status-publish","format-standard","has-post-thumbnail","hentry","category-municipio","tag-cur","tag-mauricio-gelves","tag-municipio-2","tag-unlu","generate-columns","tablet-grid-50","mobile-grid-100","grid-parent","grid-50"],"jetpack_publicize_connections":[],"jetpack_featured_media_url":"https:\/\/www.hoymercedes.com.ar\/principal\/wp-content\/uploads\/2017\/03\/07-CUR-Muni.jpg","wps_subtitle":"En el Centro Universitario","jetpack_sharing_enabled":true,"_links":{"self":[{"href":"https:\/\/www.hoymercedes.com.ar\/principal\/wp-json\/wp\/v2\/posts\/60393","targetHints":{"allow":["GET"]}}],"collection":[{"href":"https:\/\/www.hoymercedes.com.ar\/principal\/wp-json\/wp\/v2\/posts"}],"about":[{"href":"https:\/\/www.hoymercedes.com.ar\/principal\/wp-json\/wp\/v2\/types\/post"}],"author":[{"embeddable":true,"href":"https:\/\/www.hoymercedes.com.ar\/principal\/wp-json\/wp\/v2\/users\/1"}],"replies":[{"embeddable":true,"href":"https:\/\/www.hoymercedes.com.ar\/principal\/wp-json\/wp\/v2\/comments?post=60393"}],"version-history":[{"count":0,"href":"https:\/\/www.hoymercedes.com.ar\/principal\/wp-json\/wp\/v2\/posts\/60393\/revisions"}],"wp:featuredmedia":[{"embeddable":true,"href":"https:\/\/www.hoymercedes.com.ar\/principal\/wp-json\/wp\/v2\/media\/60394"}],"wp:attachment":[{"href":"https:\/\/www.hoymercedes.com.ar\/principal\/wp-json\/wp\/v2\/media?parent=60393"}],"wp:term":[{"taxonomy":"category","embeddable":true,"href":"https:\/\/www.hoymercedes.com.ar\/principal\/wp-json\/wp\/v2\/categories?post=60393"},{"taxonomy":"post_tag","embeddable":true,"href":"https:\/\/www.hoymercedes.com.ar\/principal\/wp-json\/wp\/v2\/tags?post=60393"}],"curies":[{"name":"wp","href":"https:\/\/api.w.org\/{rel}","templated":true}]}}