{"id":60415,"date":"2017-03-08T13:53:53","date_gmt":"2017-03-08T16:53:53","guid":{"rendered":"http:\/\/www.hoymercedes.com.ar\/principal\/?p=60415"},"modified":"2017-03-08T14:55:21","modified_gmt":"2017-03-08T17:55:21","slug":"lalo-revora-vidal-y-macri-gobiernan-para-pocos-a-costa-de-los-maestros-y-el-resto-de-los-trabajadores","status":"publish","type":"post","link":"https:\/\/www.hoymercedes.com.ar\/principal\/2017\/03\/08\/lalo-revora-vidal-y-macri-gobiernan-para-pocos-a-costa-de-los-maestros-y-el-resto-de-los-trabajadores\/","title":{"rendered":"Lalo R\u00e9vora: \u00abVIdal y Macri gobiernan para pocos a costa de los maestros y el resto de los trabajadores\u00bb"},"content":{"rendered":"<p>El diputado provincial mercedino Santiago &#8216;Lalo&#8217; R\u00e9vora asegur\u00f3 que la gobernadora Mar\u00eda Eugenia Vidal y el presidente Mauricio Macri \u201cgobiernan para pocos a costa de los maestros y el resto de los trabajadores\u00bb,\u00a0en referencia al conflicto que mantienen los docentes bonaerenses, con un paro para hoy y ma\u00f1ana, en reclamo de salarios dignos.<\/p>\n<p>\u201cLa transferencia de recursos a los sectores concentrados de la econom\u00eda, en desmedro de los salarios de los trabajadores, constituye la matriz ideol\u00f3gica de los gobiernos de Macri y de Vidal. Es el camino que eligieron y est\u00e1n en todo su derecho porque en definitiva es en lo que creen. Lo que no pueden hacer es mentirle a la gente como lo vienen haciendo desde la campa\u00f1a, que dicen una cosa y hacen lo contrario\u201d, expres\u00f3 R\u00e9vora a prop\u00f3sito del discurso de apertura de sesiones que dio la gobernadora en la legislatura bonaerense.<br \/>\n\u201cLa eliminaci\u00f3n de las retenciones a la miner\u00eda y a los grupos m\u00e1s poderosos del sector agropecuario, la condonaci\u00f3n de deudas millonarias a empresas energ\u00e9ticas, los tarifazos brutales en los servicios p\u00fablicos&#8230; y ni hablar de los escandalosos negocios privados del presidente como Correo Argentino, Panam\u00e1 Papers, Avianca, el blanqueo de familiares o el memorandum con Qatar&#8230; Hay una transferencia sistem\u00e1tica de recursos que hacen que la gente tenga menos plata en el bolsillo, en todos los sectores, y a eso hay que sumarle lo que fue la inflaci\u00f3n del a\u00f1o pasado y la que va a ser en este. La gobernadora dice &#8216;no tengo para pagarles a los maestros los sueldos que se merecen&#8217;, pero no explica por qu\u00e9 no la tiene\u201d, agreg\u00f3.<br \/>\nPara R\u00e9vora, \u201chay una contradicci\u00f3n evidente entre el discurso de Vidal y la postura con la que afronta la negociaci\u00f3n con los maestros. Habla sobre la importancia de la educaci\u00f3n p\u00fablica y de la funci\u00f3n de los docentes, pero les descuenta a los maestros los d\u00edas en los que hacen huelga para reclamar por un salario digno. Si merecen m\u00e1s, como ella misma dice, \u00bfpor qu\u00e9 raz\u00f3n los castiga cuando reclaman por eso que merecen?\u201d.<br \/>\nEl legislador mercedino enfatiz\u00f3 que los gobiernos de Macri y Vidal \u201cempeoraron la vida de millones de argentinos\u201d, ya sea por \u201clos permanentes manotazos al bolsillo o directamente por la p\u00e9rdida de cientos de miles de puestos de trabajo\u201d. \u201cAntes viv\u00edamos mejor. Ahora los que m\u00e1s tienen se enriquecen y los que menos tienen se empobrecen m\u00e1s\u201d, puntualiz\u00f3.<br \/>\n\u201cSi la realidad fuese como la describieron el presidente y la gobernadora, no podr\u00edan explicarse los gigantescos operativos de seguridad con los que rodearon el Congreso nacional y la legislatura bonaerense -ejemplific\u00f3-. No pudieron ingresar ni siquiera nuestros asesores, algo in\u00e9dito. \u00bfHubo falencias en los gobiernos anteriores? Claro que hubo. Pero ya no estamos en campa\u00f1a. La gobernadora lleva m\u00e1s de un a\u00f1o trabajando y su discurso estuvo alejado de la realidad que viven los bonaerenses\u201d.<\/p>\n","protected":false},"excerpt":{"rendered":"<p>El diputado provincial mercedino Santiago &#8216;Lalo&#8217; R\u00e9vora asegur\u00f3 que la gobernadora Mar\u00eda Eugenia Vidal y el presidente Mauricio Macri \u201cgobiernan &#8230; <a title=\"Lalo R\u00e9vora: \u00abVIdal y Macri gobiernan para pocos a costa de los maestros y el resto de los trabajadores\u00bb\" class=\"read-more\" href=\"https:\/\/www.hoymercedes.com.ar\/principal\/2017\/03\/08\/lalo-revora-vidal-y-macri-gobiernan-para-pocos-a-costa-de-los-maestros-y-el-resto-de-los-trabajadores\/\" aria-label=\"Leer m\u00e1s sobre Lalo R\u00e9vora: \u00abVIdal y Macri gobiernan para pocos a costa de los maestros y el resto de los trabajadores\u00bb\">Leer m\u00e1s<\/a><\/p>\n","protected":false},"author":1,"featured_media":50312,"comment_status":"closed","ping_status":"open","sticky":false,"template":"","format":"standard","meta":{"_monsterinsights_skip_tracking":false,"_monsterinsights_sitenote_active":false,"_monsterinsights_sitenote_note":"","_monsterinsights_sitenote_category":0,"jetpack_post_was_ever_published":false,"_jetpack_newsletter_access":"","_jetpack_dont_email_post_to_subs":true,"_jetpack_newsletter_tier_id":0,"_jetpack_memberships_contains_paywalled_content":false,"_jetpack_memberships_contains_paid_content":false,"footnotes":"","jetpack_publicize_message":"","jetpack_publicize_feature_enabled":true,"jetpack_social_post_already_shared":false,"jetpack_social_options":{"image_generator_settings":{"template":"highway","default_image_id":0,"font":"","enabled":false},"version":2},"_wpas_customize_per_network":false},"categories":[5],"tags":[10701,9943,9995,10700,9325],"class_list":["post-60415","post","type-post","status-publish","format-standard","has-post-thumbnail","hentry","category-politica","tag-alo-revora","tag-diputado-provincial","tag-fpv","tag-l","tag-santiago-revora","generate-columns","tablet-grid-50","mobile-grid-100","grid-parent","grid-50"],"jetpack_publicize_connections":[],"jetpack_featured_media_url":"https:\/\/www.hoymercedes.com.ar\/principal\/wp-content\/uploads\/2016\/05\/24-lalo-revora.jpg","wps_subtitle":"Pol\u00edtica provincial y nacional","jetpack_sharing_enabled":true,"jetpack-related-posts":[{"id":79637,"url":"https:\/\/www.hoymercedes.com.ar\/principal\/2018\/08\/10\/santiago-revora-el-cinismo-de-macri-y-de-vidal-no-tiene-limites\/","url_meta":{"origin":60415,"position":0},"title":"Santiago R\u00e9vora: \u00abEl cinismo de Macri y de Vidal no tiene l\u00edmites\u00bb","author":"hoymercedes","date":"10 agosto, 2018","format":false,"excerpt":"El diputado provincial mercedino Santiago R\u00e9vora le reclam\u00f3 hoy a la gobernadora Mar\u00eda Eugenia Vidal \u201chacerse cargo de la crisis a la que llevaron las pol\u00edticas econ\u00f3micas y sociales\u201d de Cambiemos, tanto en su caso como en el del presidente de la Naci\u00f3n, Mauricio Macri, \u201cy dejar de gastar millones\u2026","rel":"","context":"En \u00abPol\u00edtica\u00bb","block_context":{"text":"Pol\u00edtica","link":"https:\/\/www.hoymercedes.com.ar\/principal\/category\/politica\/"},"img":{"alt_text":"","src":"https:\/\/i0.wp.com\/www.hoymercedes.com.ar\/principal\/wp-content\/uploads\/2018\/08\/RevoraLalo.jpg?resize=350%2C200&ssl=1","width":350,"height":200,"srcset":"https:\/\/i0.wp.com\/www.hoymercedes.com.ar\/principal\/wp-content\/uploads\/2018\/08\/RevoraLalo.jpg?resize=350%2C200&ssl=1 1x, https:\/\/i0.wp.com\/www.hoymercedes.com.ar\/principal\/wp-content\/uploads\/2018\/08\/RevoraLalo.jpg?resize=525%2C300&ssl=1 1.5x, https:\/\/i0.wp.com\/www.hoymercedes.com.ar\/principal\/wp-content\/uploads\/2018\/08\/RevoraLalo.jpg?resize=700%2C400&ssl=1 2x, https:\/\/i0.wp.com\/www.hoymercedes.com.ar\/principal\/wp-content\/uploads\/2018\/08\/RevoraLalo.jpg?resize=1050%2C600&ssl=1 3x"},"classes":[]},{"id":103752,"url":"https:\/\/www.hoymercedes.com.ar\/principal\/2019\/12\/10\/el-mercedino-santiago-revora-juro-como-diputado-provincial\/","url_meta":{"origin":60415,"position":1},"title":"El mercedino Santiago R\u00e9vora jur\u00f3 como Diputado Provincial","author":"hoymercedes","date":"10 diciembre, 2019","format":false,"excerpt":"El mercedino Santiago R\u00e9vora jur\u00f3 este lunes como diputado provincial por el Frente de Todos, cargo que ya hab\u00eda asumido en 2015 y para el que renov\u00f3 mandato en las recientes elecciones de octubre. R\u00e9vora fue el tercer legislador en prestar juramento, detr\u00e1s de quienes lo preced\u012ban en la lista:\u2026","rel":"","context":"En \u00abPol\u00edtica\u00bb","block_context":{"text":"Pol\u00edtica","link":"https:\/\/www.hoymercedes.com.ar\/principal\/category\/politica\/"},"img":{"alt_text":"","src":"https:\/\/i0.wp.com\/www.hoymercedes.com.ar\/principal\/wp-content\/uploads\/2019\/12\/IMG-20191210-WA0019-1.jpg?resize=350%2C200&ssl=1","width":350,"height":200,"srcset":"https:\/\/i0.wp.com\/www.hoymercedes.com.ar\/principal\/wp-content\/uploads\/2019\/12\/IMG-20191210-WA0019-1.jpg?resize=350%2C200&ssl=1 1x, https:\/\/i0.wp.com\/www.hoymercedes.com.ar\/principal\/wp-content\/uploads\/2019\/12\/IMG-20191210-WA0019-1.jpg?resize=525%2C300&ssl=1 1.5x, https:\/\/i0.wp.com\/www.hoymercedes.com.ar\/principal\/wp-content\/uploads\/2019\/12\/IMG-20191210-WA0019-1.jpg?resize=700%2C400&ssl=1 2x, https:\/\/i0.wp.com\/www.hoymercedes.com.ar\/principal\/wp-content\/uploads\/2019\/12\/IMG-20191210-WA0019-1.jpg?resize=1050%2C600&ssl=1 3x"},"classes":[]},{"id":65091,"url":"https:\/\/www.hoymercedes.com.ar\/principal\/2017\/07\/19\/revora-este-proyecto-en-favor-de-los-bancos-es-otra-muestra-de-que-vidal-gobierna-para-los-ricos\/","url_meta":{"origin":60415,"position":2},"title":"R\u00e9vora: \u201cEste proyecto en favor de los bancos es otra muestra de que Vidal gobierna para los ricos\u201d","author":"hoymercedes","date":"19 julio, 2017","format":false,"excerpt":"La gobernadora envi\u00f3 a la legislatura un proyecto para eximir el pago de ingresos brutos a las operaciones entre entidades financieras. \u201cMientras todos los d\u00edas se cierran empresas y comercios y se reprime a los trabajadores, Vidal pide sacarles impuestos a los sectores m\u00e1s poderosos de la sociedad\u201d, dijo el\u2026","rel":"","context":"En \u00abOpini\u00f3n\u00bb","block_context":{"text":"Opini\u00f3n","link":"https:\/\/www.hoymercedes.com.ar\/principal\/category\/opinion\/"},"img":{"alt_text":"","src":"https:\/\/i0.wp.com\/www.hoymercedes.com.ar\/principal\/wp-content\/uploads\/2016\/05\/24-lalo-revora.jpg?resize=350%2C200&ssl=1","width":350,"height":200},"classes":[]},{"id":73071,"url":"https:\/\/www.hoymercedes.com.ar\/principal\/2018\/03\/01\/revora-para-vidal-los-pibes-de-las-escuelas-rurales-son-solo-numeros-de-una-planilla\/","url_meta":{"origin":60415,"position":3},"title":"R\u00e9vora: \u201cPara Vidal, los pibes de las escuelas rurales son solo n\u00fameros de una planilla\u201d","author":"hoymercedes","date":"1 marzo, 2018","format":false,"excerpt":"\u00a0 El diputado provincial mercedino Santiago R\u00e9vora critic\u00f3 duramente la decisi\u00f3n de la gobernadora bonaerense, Mar\u00eda Eugenia Vidal, de cerrar casi medio centenar de escuelas de zonas rurales y el Delta del Tigre y pidi\u00f3 \u201crevertir esta medida\u201d. \u201cPara Vidal, los pibes de las escuelas rurales son solo n\u00fameros de\u2026","rel":"","context":"En \u00abPol\u00edtica\u00bb","block_context":{"text":"Pol\u00edtica","link":"https:\/\/www.hoymercedes.com.ar\/principal\/category\/politica\/"},"img":{"alt_text":"","src":"https:\/\/i0.wp.com\/www.hoymercedes.com.ar\/principal\/wp-content\/uploads\/2016\/05\/24-lalo-revora.jpg?resize=350%2C200&ssl=1","width":350,"height":200},"classes":[]},{"id":192483,"url":"https:\/\/www.hoymercedes.com.ar\/principal\/2026\/02\/24\/santiago-lalo-revora-consolida-su-lugar-en-el-pj-bonaerense\/","url_meta":{"origin":60415,"position":4},"title":"Santiago \u201cLalo\u201d R\u00e9vora consolida su lugar en el PJ bonaerense","author":"hoymercedes","date":"24 febrero, 2026","format":false,"excerpt":"El dirigente mercedino Santiago \u201cLalo\u201d R\u00e9vora contin\u00faa fortaleciendo su peso pol\u00edtico dentro del peronismo provincial tras confirmarse su incorporaci\u00f3n a la nueva conformaci\u00f3n del Partido Justicialista bonaerense. Lalo R\u00e9vora R\u00e9vora, actual subsecretario de Asuntos Municipales, ser\u00e1 el \u00fanico representante de Mercedes dentro del Consejo partidario, donde asumir\u00e1 formalmente a partir\u2026","rel":"","context":"En \u00abPol\u00edtica\u00bb","block_context":{"text":"Pol\u00edtica","link":"https:\/\/www.hoymercedes.com.ar\/principal\/category\/politica\/"},"img":{"alt_text":"","src":"https:\/\/i0.wp.com\/www.hoymercedes.com.ar\/principal\/wp-content\/uploads\/2018\/08\/RevoraLalo.jpg?resize=350%2C200&ssl=1","width":350,"height":200,"srcset":"https:\/\/i0.wp.com\/www.hoymercedes.com.ar\/principal\/wp-content\/uploads\/2018\/08\/RevoraLalo.jpg?resize=350%2C200&ssl=1 1x, https:\/\/i0.wp.com\/www.hoymercedes.com.ar\/principal\/wp-content\/uploads\/2018\/08\/RevoraLalo.jpg?resize=525%2C300&ssl=1 1.5x, https:\/\/i0.wp.com\/www.hoymercedes.com.ar\/principal\/wp-content\/uploads\/2018\/08\/RevoraLalo.jpg?resize=700%2C400&ssl=1 2x, https:\/\/i0.wp.com\/www.hoymercedes.com.ar\/principal\/wp-content\/uploads\/2018\/08\/RevoraLalo.jpg?resize=1050%2C600&ssl=1 3x"},"classes":[]},{"id":50290,"url":"https:\/\/www.hoymercedes.com.ar\/principal\/2016\/05\/23\/lalo-revora-la-gobernadora-debe-poner-en-valor-el-trabajo-de-los-empleados-judiciales-de-la-provincia\/","url_meta":{"origin":60415,"position":5},"title":"&#8216;Lalo&#8217; R\u00e9vora: \u201cLa gobernadora debe poner en valor el trabajo de los empleados judiciales de la Provincia\u201d","author":"hoymercedes","date":"23 mayo, 2016","format":false,"excerpt":"El diputado mercedino Santiago 'Lalo' R\u00e9vora le solicit\u00f3 a la gobernadora bonaerense, Mar\u00eda Eugenia Vidal, que reciba \u201ca los representantes de los empleados judiciales\u201d, que \u201creconozca y ponga en valor el trabajo de todos y cada uno de ellos\u201d y que permita la creaci\u00f3n de \u201cuna ley marco de paritarias\u2026","rel":"","context":"En \u00abPol\u00edtica\u00bb","block_context":{"text":"Pol\u00edtica","link":"https:\/\/www.hoymercedes.com.ar\/principal\/category\/politica\/"},"img":{"alt_text":"","src":"","width":0,"height":0},"classes":[]}],"_links":{"self":[{"href":"https:\/\/www.hoymercedes.com.ar\/principal\/wp-json\/wp\/v2\/posts\/60415","targetHints":{"allow":["GET"]}}],"collection":[{"href":"https:\/\/www.hoymercedes.com.ar\/principal\/wp-json\/wp\/v2\/posts"}],"about":[{"href":"https:\/\/www.hoymercedes.com.ar\/principal\/wp-json\/wp\/v2\/types\/post"}],"author":[{"embeddable":true,"href":"https:\/\/www.hoymercedes.com.ar\/principal\/wp-json\/wp\/v2\/users\/1"}],"replies":[{"embeddable":true,"href":"https:\/\/www.hoymercedes.com.ar\/principal\/wp-json\/wp\/v2\/comments?post=60415"}],"version-history":[{"count":0,"href":"https:\/\/www.hoymercedes.com.ar\/principal\/wp-json\/wp\/v2\/posts\/60415\/revisions"}],"wp:featuredmedia":[{"embeddable":true,"href":"https:\/\/www.hoymercedes.com.ar\/principal\/wp-json\/wp\/v2\/media\/50312"}],"wp:attachment":[{"href":"https:\/\/www.hoymercedes.com.ar\/principal\/wp-json\/wp\/v2\/media?parent=60415"}],"wp:term":[{"taxonomy":"category","embeddable":true,"href":"https:\/\/www.hoymercedes.com.ar\/principal\/wp-json\/wp\/v2\/categories?post=60415"},{"taxonomy":"post_tag","embeddable":true,"href":"https:\/\/www.hoymercedes.com.ar\/principal\/wp-json\/wp\/v2\/tags?post=60415"}],"curies":[{"name":"wp","href":"https:\/\/api.w.org\/{rel}","templated":true}]}}