{"id":60424,"date":"2017-03-09T07:11:25","date_gmt":"2017-03-09T10:11:25","guid":{"rendered":"http:\/\/www.hoymercedes.com.ar\/principal\/?p=60424"},"modified":"2017-03-08T14:53:35","modified_gmt":"2017-03-08T17:53:35","slug":"lucas-biglia-en-duda-para-la-doble-fecha-de-eliminatorias","status":"publish","type":"post","link":"https:\/\/www.hoymercedes.com.ar\/principal\/2017\/03\/09\/lucas-biglia-en-duda-para-la-doble-fecha-de-eliminatorias\/","title":{"rendered":"Lucas Biglia, en duda para la doble fecha de Eliminatorias"},"content":{"rendered":"<p><em><strong>Lucas Biglia se realizar\u00e1 estudios m\u00e9dicos en su gemelo derecho para confirmar su presencia en el seleccionado argentino que afrontar\u00e1 a fines de marzo los partidos ante Chile y Bolivia por las Eliminatorias sudamericanas para el Mundial Rusia 2018.<\/strong><\/em><\/p>\n<p><img loading=\"lazy\" decoding=\"async\" data-attachment-id=\"60425\" data-permalink=\"https:\/\/www.hoymercedes.com.ar\/principal\/2017\/03\/09\/lucas-biglia-en-duda-para-la-doble-fecha-de-eliminatorias\/lucas-biglia-lazio-bologna\/#main\" data-orig-file=\"https:\/\/www.hoymercedes.com.ar\/principal\/wp-content\/uploads\/2017\/03\/Lucas-Biglia-Lazio-Bologna.jpg\" data-orig-size=\"959,548\" data-comments-opened=\"0\" data-image-meta=\"{&quot;aperture&quot;:&quot;0&quot;,&quot;credit&quot;:&quot;&quot;,&quot;camera&quot;:&quot;&quot;,&quot;caption&quot;:&quot;&quot;,&quot;created_timestamp&quot;:&quot;0&quot;,&quot;copyright&quot;:&quot;&quot;,&quot;focal_length&quot;:&quot;0&quot;,&quot;iso&quot;:&quot;0&quot;,&quot;shutter_speed&quot;:&quot;0&quot;,&quot;title&quot;:&quot;&quot;,&quot;orientation&quot;:&quot;0&quot;}\" data-image-title=\"Lucas Biglia Lazio Bologna\" data-image-description=\"\" data-image-caption=\"\" data-large-file=\"https:\/\/www.hoymercedes.com.ar\/principal\/wp-content\/uploads\/2017\/03\/Lucas-Biglia-Lazio-Bologna.jpg\" class=\"aligncenter size-medium wp-image-60425\" src=\"https:\/\/www.hoymercedes.com.ar\/principal\/wp-content\/uploads\/2017\/03\/Lucas-Biglia-Lazio-Bologna-630x360.jpg\" alt=\"\" width=\"630\" height=\"360\" srcset=\"https:\/\/www.hoymercedes.com.ar\/principal\/wp-content\/uploads\/2017\/03\/Lucas-Biglia-Lazio-Bologna-630x360.jpg 630w, https:\/\/www.hoymercedes.com.ar\/principal\/wp-content\/uploads\/2017\/03\/Lucas-Biglia-Lazio-Bologna-150x86.jpg 150w, https:\/\/www.hoymercedes.com.ar\/principal\/wp-content\/uploads\/2017\/03\/Lucas-Biglia-Lazio-Bologna.jpg 959w\" sizes=\"auto, (max-width: 630px) 100vw, 630px\" \/><\/p>\n<p>El futbolista de Lazio, en su partido n\u00famero 100 por la Serie A de Italia, sufri\u00f3 una molestia en ese sector y debi\u00f3 ser reemplazado a los \u00a0nueve minutos del segundo tiempo del encuentro con Bologna.<\/p>\n<p>Seg\u00fan confirm\u00f3 su DT, Simone Inzaghi, el capit\u00e1n del conjunto celeste sinti\u00f3 dolor en la misma zona donde hab\u00eda recibido un golpe el mi\u00e9rcoles anterior, en otro partido con Roma por la Copa Italia.<\/p>\n<p>El mediocampista ser\u00e1 sometido en las pr\u00f3ximas horas a estudios m\u00e9dicos que determinar\u00e1n el grado de la lesi\u00f3n y confirmar\u00e1n si podr\u00e1 estar en los pr\u00f3ximos compromisos de las Eliminatorias.<\/p>\n","protected":false},"excerpt":{"rendered":"<p>Lucas Biglia se realizar\u00e1 estudios m\u00e9dicos en su gemelo derecho para confirmar su presencia en el seleccionado argentino que afrontar\u00e1 &#8230; <a title=\"Lucas Biglia, en duda para la doble fecha de Eliminatorias\" class=\"read-more\" href=\"https:\/\/www.hoymercedes.com.ar\/principal\/2017\/03\/09\/lucas-biglia-en-duda-para-la-doble-fecha-de-eliminatorias\/\" aria-label=\"Leer m\u00e1s sobre Lucas Biglia, en duda para la doble fecha de Eliminatorias\">Leer m\u00e1s<\/a><\/p>\n","protected":false},"author":1,"featured_media":60425,"comment_status":"closed","ping_status":"open","sticky":false,"template":"","format":"standard","meta":{"_monsterinsights_skip_tracking":false,"_monsterinsights_sitenote_active":false,"_monsterinsights_sitenote_note":"","_monsterinsights_sitenote_category":0,"jetpack_post_was_ever_published":false,"_jetpack_newsletter_access":"","_jetpack_dont_email_post_to_subs":false,"_jetpack_newsletter_tier_id":0,"_jetpack_memberships_contains_paywalled_content":false,"_jetpack_memberships_contains_paid_content":false,"footnotes":"","jetpack_publicize_message":"","jetpack_publicize_feature_enabled":true,"jetpack_social_post_already_shared":true,"jetpack_social_options":{"image_generator_settings":{"template":"highway","default_image_id":0,"font":"","enabled":false},"version":2},"_wpas_customize_per_network":false},"categories":[21],"tags":[204,1003,305],"class_list":["post-60424","post","type-post","status-publish","format-standard","has-post-thumbnail","hentry","category-deportes","tag-deportes-2","tag-futbol","tag-lucas-biglia","generate-columns","tablet-grid-50","mobile-grid-100","grid-parent","grid-50"],"jetpack_publicize_connections":[],"jetpack_featured_media_url":"https:\/\/www.hoymercedes.com.ar\/principal\/wp-content\/uploads\/2017\/03\/Lucas-Biglia-Lazio-Bologna.jpg","wps_subtitle":"Selecci\u00f3n Nacional","jetpack_sharing_enabled":true,"_links":{"self":[{"href":"https:\/\/www.hoymercedes.com.ar\/principal\/wp-json\/wp\/v2\/posts\/60424","targetHints":{"allow":["GET"]}}],"collection":[{"href":"https:\/\/www.hoymercedes.com.ar\/principal\/wp-json\/wp\/v2\/posts"}],"about":[{"href":"https:\/\/www.hoymercedes.com.ar\/principal\/wp-json\/wp\/v2\/types\/post"}],"author":[{"embeddable":true,"href":"https:\/\/www.hoymercedes.com.ar\/principal\/wp-json\/wp\/v2\/users\/1"}],"replies":[{"embeddable":true,"href":"https:\/\/www.hoymercedes.com.ar\/principal\/wp-json\/wp\/v2\/comments?post=60424"}],"version-history":[{"count":0,"href":"https:\/\/www.hoymercedes.com.ar\/principal\/wp-json\/wp\/v2\/posts\/60424\/revisions"}],"wp:featuredmedia":[{"embeddable":true,"href":"https:\/\/www.hoymercedes.com.ar\/principal\/wp-json\/wp\/v2\/media\/60425"}],"wp:attachment":[{"href":"https:\/\/www.hoymercedes.com.ar\/principal\/wp-json\/wp\/v2\/media?parent=60424"}],"wp:term":[{"taxonomy":"category","embeddable":true,"href":"https:\/\/www.hoymercedes.com.ar\/principal\/wp-json\/wp\/v2\/categories?post=60424"},{"taxonomy":"post_tag","embeddable":true,"href":"https:\/\/www.hoymercedes.com.ar\/principal\/wp-json\/wp\/v2\/tags?post=60424"}],"curies":[{"name":"wp","href":"https:\/\/api.w.org\/{rel}","templated":true}]}}