{"id":60468,"date":"2017-03-09T09:00:16","date_gmt":"2017-03-09T12:00:16","guid":{"rendered":"http:\/\/www.hoymercedes.com.ar\/principal\/?p=60468"},"modified":"2017-03-08T22:51:26","modified_gmt":"2017-03-09T01:51:26","slug":"multiples-actos-y-actividades-en-el-marco-del-dia-de-la-mujer","status":"publish","type":"post","link":"https:\/\/www.hoymercedes.com.ar\/principal\/2017\/03\/09\/multiples-actos-y-actividades-en-el-marco-del-dia-de-la-mujer\/","title":{"rendered":"M\u00faltiples actos y actividades en el marco del D\u00eda de la Mujer"},"content":{"rendered":"<p>Talleres gratuitos, charlas, reflexiones, reconocimientos y arte de mujeres en distintas propuestas para conmemorar el D\u00eda Internacional de la Mujer.<\/p>\n<p><img loading=\"lazy\" decoding=\"async\" data-attachment-id=\"60469\" data-permalink=\"https:\/\/www.hoymercedes.com.ar\/principal\/2017\/03\/09\/multiples-actos-y-actividades-en-el-marco-del-dia-de-la-mujer\/09-dia-mujer-2\/#main\" data-orig-file=\"https:\/\/www.hoymercedes.com.ar\/principal\/wp-content\/uploads\/2017\/03\/09-Dia-mujer-2.jpg\" data-orig-size=\"630,420\" data-comments-opened=\"0\" data-image-meta=\"{&quot;aperture&quot;:&quot;3.5&quot;,&quot;credit&quot;:&quot;&quot;,&quot;camera&quot;:&quot;NIKON D3100&quot;,&quot;caption&quot;:&quot;&quot;,&quot;created_timestamp&quot;:&quot;1489005059&quot;,&quot;copyright&quot;:&quot;&quot;,&quot;focal_length&quot;:&quot;18&quot;,&quot;iso&quot;:&quot;3200&quot;,&quot;shutter_speed&quot;:&quot;0.016666666666667&quot;,&quot;title&quot;:&quot;&quot;,&quot;orientation&quot;:&quot;1&quot;}\" data-image-title=\"09 Dia mujer 2\" data-image-description=\"\" data-image-caption=\"\" data-large-file=\"https:\/\/www.hoymercedes.com.ar\/principal\/wp-content\/uploads\/2017\/03\/09-Dia-mujer-2.jpg\" class=\"aligncenter size-medium wp-image-60469\" src=\"https:\/\/www.hoymercedes.com.ar\/principal\/wp-content\/uploads\/2017\/03\/09-Dia-mujer-2-630x420.jpg\" alt=\"\" width=\"630\" height=\"420\" srcset=\"https:\/\/www.hoymercedes.com.ar\/principal\/wp-content\/uploads\/2017\/03\/09-Dia-mujer-2.jpg 630w, https:\/\/www.hoymercedes.com.ar\/principal\/wp-content\/uploads\/2017\/03\/09-Dia-mujer-2-150x100.jpg 150w, https:\/\/www.hoymercedes.com.ar\/principal\/wp-content\/uploads\/2017\/03\/09-Dia-mujer-2-300x200.jpg 300w\" sizes=\"auto, (max-width: 630px) 100vw, 630px\" \/><\/p>\n<p>Este pasado 8 de marzo se llevaron adelante diferentes actividades en el marco del D\u00eda Internacional de la Mujer. En diversos horarios y lugares, los actos contaron con consignas claras en beneficio de la mujer trabajadora.<\/p>\n<p>En las primeras horas del d\u00eda, fue el Municipio el que llev\u00f3 adelante un acto en donde reconoci\u00f3 a varias mujeres mercedinas que trabajan en el \u00e1mbito social y barrial <a href=\"https:\/\/www.hoymercedes.com.ar\/principal\/2017\/03\/08\/municipio-reconoce-a-mujeres-mercedinas-por-su-labor-social\/\" target=\"_blank\">(ver aparte).<\/a>\u00a0No obstante, la tarde tuvo m\u00faltiples opciones.<\/p>\n<p>En el Centro Integral Mercedes (CEIM), totalmente gratuito y con un fin solidario celebraron el d\u00eda con talleres de maquillaje, mandalas, y manualidades. En grupos las mujeres presentes armaron almohadones y obras pl\u00e1sticas para donarlas al Instituto Lowe y a la Divina Providencia. La m\u00fasica en vivo estuvo a cargo de Juan Habermas.<\/p>\n<p><img loading=\"lazy\" decoding=\"async\" data-attachment-id=\"60464\" data-permalink=\"https:\/\/www.hoymercedes.com.ar\/principal\/2017\/03\/09\/carlos-selva-en-la-expo-agro\/09-dia-mujer-4\/#main\" data-orig-file=\"https:\/\/www.hoymercedes.com.ar\/principal\/wp-content\/uploads\/2017\/03\/09-Dia-mujer-4.jpg\" data-orig-size=\"630,420\" data-comments-opened=\"0\" data-image-meta=\"{&quot;aperture&quot;:&quot;3.5&quot;,&quot;credit&quot;:&quot;&quot;,&quot;camera&quot;:&quot;NIKON D3100&quot;,&quot;caption&quot;:&quot;&quot;,&quot;created_timestamp&quot;:&quot;1488997778&quot;,&quot;copyright&quot;:&quot;&quot;,&quot;focal_length&quot;:&quot;19&quot;,&quot;iso&quot;:&quot;400&quot;,&quot;shutter_speed&quot;:&quot;0.016666666666667&quot;,&quot;title&quot;:&quot;&quot;,&quot;orientation&quot;:&quot;1&quot;}\" data-image-title=\"09 Dia mujer 4\" data-image-description=\"\" data-image-caption=\"\" data-large-file=\"https:\/\/www.hoymercedes.com.ar\/principal\/wp-content\/uploads\/2017\/03\/09-Dia-mujer-4.jpg\" class=\"aligncenter size-medium wp-image-60464\" src=\"https:\/\/www.hoymercedes.com.ar\/principal\/wp-content\/uploads\/2017\/03\/09-Dia-mujer-4-630x420.jpg\" alt=\"\" width=\"630\" height=\"420\" srcset=\"https:\/\/www.hoymercedes.com.ar\/principal\/wp-content\/uploads\/2017\/03\/09-Dia-mujer-4.jpg 630w, https:\/\/www.hoymercedes.com.ar\/principal\/wp-content\/uploads\/2017\/03\/09-Dia-mujer-4-150x100.jpg 150w, https:\/\/www.hoymercedes.com.ar\/principal\/wp-content\/uploads\/2017\/03\/09-Dia-mujer-4-300x200.jpg 300w\" sizes=\"auto, (max-width: 630px) 100vw, 630px\" \/><\/p>\n<p>A la par, pero en la Plaza San Mart\u00edn, el Plenario de Trabajadoras del Frente de Izquierda entregaba panfletos con consignas pol\u00edticas y reclamos de las mujeres de la clase obrera, en contra de la violencia de g\u00e9nero.<\/p>\n<p>Un poco m\u00e1s tarde, en el mismo espacio p\u00fablico. Se congregaron el Movimiento Evita, CTEP, la Multisectorial MADRe y artistas que hicieron en vivo intervenciones art\u00edsticas en relaci\u00f3n a la violencia de g\u00e9nero y al pedido para que se terminen los femicidios.<\/p>\n<p><img loading=\"lazy\" decoding=\"async\" data-attachment-id=\"60465\" data-permalink=\"https:\/\/www.hoymercedes.com.ar\/principal\/2017\/03\/09\/carlos-selva-en-la-expo-agro\/09-dia-mujer-6\/#main\" data-orig-file=\"https:\/\/www.hoymercedes.com.ar\/principal\/wp-content\/uploads\/2017\/03\/09-Dia-mujer-6.jpg\" data-orig-size=\"630,473\" data-comments-opened=\"0\" data-image-meta=\"{&quot;aperture&quot;:&quot;2.6&quot;,&quot;credit&quot;:&quot;&quot;,&quot;camera&quot;:&quot;GT-I8190L&quot;,&quot;caption&quot;:&quot;&quot;,&quot;created_timestamp&quot;:&quot;0&quot;,&quot;copyright&quot;:&quot;&quot;,&quot;focal_length&quot;:&quot;3.54&quot;,&quot;iso&quot;:&quot;400&quot;,&quot;shutter_speed&quot;:&quot;0.125&quot;,&quot;title&quot;:&quot;&quot;,&quot;orientation&quot;:&quot;1&quot;}\" data-image-title=\"09 Dia mujer 6\" data-image-description=\"\" data-image-caption=\"\" data-large-file=\"https:\/\/www.hoymercedes.com.ar\/principal\/wp-content\/uploads\/2017\/03\/09-Dia-mujer-6.jpg\" class=\"aligncenter size-medium wp-image-60465\" src=\"https:\/\/www.hoymercedes.com.ar\/principal\/wp-content\/uploads\/2017\/03\/09-Dia-mujer-6-630x473.jpg\" alt=\"\" width=\"630\" height=\"473\" srcset=\"https:\/\/www.hoymercedes.com.ar\/principal\/wp-content\/uploads\/2017\/03\/09-Dia-mujer-6.jpg 630w, https:\/\/www.hoymercedes.com.ar\/principal\/wp-content\/uploads\/2017\/03\/09-Dia-mujer-6-150x113.jpg 150w\" sizes=\"auto, (max-width: 630px) 100vw, 630px\" \/><\/p>\n<p>Por su parte,\u00a0CTA Aut\u00f3noma y ATE\u00a0realizaron su acto en la Plaza Belgrano (frente al Hospital) con la actuaci\u00f3n de Virginia Altube, Marilina Erramuspe y Mariel Solari. Aunque la lluvia modific\u00f3 lo proyectado, aunque s\u00ed tuvieron su tarde de mates y charlas reflexivas sobre el d\u00eda de la mujer y lo que significa la lucha de las mujeres trabajadores.<\/p>\n<p><img loading=\"lazy\" decoding=\"async\" data-attachment-id=\"60463\" data-permalink=\"https:\/\/www.hoymercedes.com.ar\/principal\/2017\/03\/09\/carlos-selva-en-la-expo-agro\/09-dia-mujer-1\/#main\" data-orig-file=\"https:\/\/www.hoymercedes.com.ar\/principal\/wp-content\/uploads\/2017\/03\/09-Dia-mujer-1.jpg\" data-orig-size=\"630,420\" data-comments-opened=\"0\" data-image-meta=\"{&quot;aperture&quot;:&quot;5.6&quot;,&quot;credit&quot;:&quot;&quot;,&quot;camera&quot;:&quot;NIKON D3100&quot;,&quot;caption&quot;:&quot;&quot;,&quot;created_timestamp&quot;:&quot;1489002725&quot;,&quot;copyright&quot;:&quot;&quot;,&quot;focal_length&quot;:&quot;55&quot;,&quot;iso&quot;:&quot;3200&quot;,&quot;shutter_speed&quot;:&quot;0.016666666666667&quot;,&quot;title&quot;:&quot;&quot;,&quot;orientation&quot;:&quot;1&quot;}\" data-image-title=\"09 Dia mujer 1\" data-image-description=\"\" data-image-caption=\"\" data-large-file=\"https:\/\/www.hoymercedes.com.ar\/principal\/wp-content\/uploads\/2017\/03\/09-Dia-mujer-1.jpg\" class=\"aligncenter size-medium wp-image-60463\" src=\"https:\/\/www.hoymercedes.com.ar\/principal\/wp-content\/uploads\/2017\/03\/09-Dia-mujer-1-630x420.jpg\" alt=\"\" width=\"630\" height=\"420\" srcset=\"https:\/\/www.hoymercedes.com.ar\/principal\/wp-content\/uploads\/2017\/03\/09-Dia-mujer-1.jpg 630w, https:\/\/www.hoymercedes.com.ar\/principal\/wp-content\/uploads\/2017\/03\/09-Dia-mujer-1-150x100.jpg 150w, https:\/\/www.hoymercedes.com.ar\/principal\/wp-content\/uploads\/2017\/03\/09-Dia-mujer-1-300x200.jpg 300w\" sizes=\"auto, (max-width: 630px) 100vw, 630px\" \/><\/p>\n","protected":false},"excerpt":{"rendered":"<p>Talleres gratuitos, charlas, reflexiones, reconocimientos y arte de mujeres en distintas propuestas para conmemorar el D\u00eda Internacional de la Mujer. &#8230; <a title=\"M\u00faltiples actos y actividades en el marco del D\u00eda de la Mujer\" class=\"read-more\" href=\"https:\/\/www.hoymercedes.com.ar\/principal\/2017\/03\/09\/multiples-actos-y-actividades-en-el-marco-del-dia-de-la-mujer\/\" aria-label=\"Leer m\u00e1s sobre M\u00faltiples actos y actividades en el marco del D\u00eda de la Mujer\">Leer m\u00e1s<\/a><\/p>\n","protected":false},"author":1,"featured_media":60469,"comment_status":"closed","ping_status":"open","sticky":false,"template":"","format":"standard","meta":{"_monsterinsights_skip_tracking":false,"_monsterinsights_sitenote_active":false,"_monsterinsights_sitenote_note":"","_monsterinsights_sitenote_category":0,"jetpack_post_was_ever_published":false,"_jetpack_newsletter_access":"","_jetpack_dont_email_post_to_subs":false,"_jetpack_newsletter_tier_id":0,"_jetpack_memberships_contains_paywalled_content":false,"_jetpack_memberships_contains_paid_content":false,"footnotes":"","jetpack_publicize_message":"","jetpack_publicize_feature_enabled":true,"jetpack_social_post_already_shared":true,"jetpack_social_options":{"image_generator_settings":{"template":"highway","default_image_id":0,"font":"","enabled":false},"version":2},"_wpas_customize_per_network":false},"categories":[8],"tags":[9687,10706,525],"class_list":["post-60468","post","type-post","status-publish","format-standard","has-post-thumbnail","hentry","category-sociedad","tag-actos","tag-conmemoracion","tag-dia-de-la-mujer","generate-columns","tablet-grid-50","mobile-grid-100","grid-parent","grid-50"],"jetpack_publicize_connections":[],"jetpack_featured_media_url":"https:\/\/www.hoymercedes.com.ar\/principal\/wp-content\/uploads\/2017\/03\/09-Dia-mujer-2.jpg","wps_subtitle":"Durante todo el d\u00eda mi\u00e9rcoles ","jetpack_sharing_enabled":true,"_links":{"self":[{"href":"https:\/\/www.hoymercedes.com.ar\/principal\/wp-json\/wp\/v2\/posts\/60468","targetHints":{"allow":["GET"]}}],"collection":[{"href":"https:\/\/www.hoymercedes.com.ar\/principal\/wp-json\/wp\/v2\/posts"}],"about":[{"href":"https:\/\/www.hoymercedes.com.ar\/principal\/wp-json\/wp\/v2\/types\/post"}],"author":[{"embeddable":true,"href":"https:\/\/www.hoymercedes.com.ar\/principal\/wp-json\/wp\/v2\/users\/1"}],"replies":[{"embeddable":true,"href":"https:\/\/www.hoymercedes.com.ar\/principal\/wp-json\/wp\/v2\/comments?post=60468"}],"version-history":[{"count":0,"href":"https:\/\/www.hoymercedes.com.ar\/principal\/wp-json\/wp\/v2\/posts\/60468\/revisions"}],"wp:featuredmedia":[{"embeddable":true,"href":"https:\/\/www.hoymercedes.com.ar\/principal\/wp-json\/wp\/v2\/media\/60469"}],"wp:attachment":[{"href":"https:\/\/www.hoymercedes.com.ar\/principal\/wp-json\/wp\/v2\/media?parent=60468"}],"wp:term":[{"taxonomy":"category","embeddable":true,"href":"https:\/\/www.hoymercedes.com.ar\/principal\/wp-json\/wp\/v2\/categories?post=60468"},{"taxonomy":"post_tag","embeddable":true,"href":"https:\/\/www.hoymercedes.com.ar\/principal\/wp-json\/wp\/v2\/tags?post=60468"}],"curies":[{"name":"wp","href":"https:\/\/api.w.org\/{rel}","templated":true}]}}