{"id":60471,"date":"2017-03-09T10:00:07","date_gmt":"2017-03-09T13:00:07","guid":{"rendered":"http:\/\/www.hoymercedes.com.ar\/principal\/?p=60471"},"modified":"2017-03-09T12:11:39","modified_gmt":"2017-03-09T15:11:39","slug":"piden-la-renovacion-del-convenio-para-investigar-en-el-arroyo-balta","status":"publish","type":"post","link":"https:\/\/www.hoymercedes.com.ar\/principal\/2017\/03\/09\/piden-la-renovacion-del-convenio-para-investigar-en-el-arroyo-balta\/","title":{"rendered":"Piden la renovaci\u00f3n del convenio para investigar en el Arroyo Balta"},"content":{"rendered":"<p><em><strong>El Museo Ameghino, con el apoyo de S.O.S. H\u00e1bitat, mantuvieron reuni\u00f3n con el Legislativo y el Ejecutivo para que renueven convenios con Naci\u00f3n con el fin de llevar adelante proyectos educativos y de investigaci\u00f3n en la Reserva Natural del Arroyo Balta. Concejales confirmaron que iniciar\u00e1n las gestiones de manera inmediata.<\/strong><\/em><\/p>\n<p><img loading=\"lazy\" decoding=\"async\" data-attachment-id=\"60466\" data-permalink=\"https:\/\/www.hoymercedes.com.ar\/principal\/2017\/03\/09\/carlos-selva-en-la-expo-agro\/09-reunion-balta\/#main\" data-orig-file=\"https:\/\/www.hoymercedes.com.ar\/principal\/wp-content\/uploads\/2017\/03\/09-reunion-balta.jpg\" data-orig-size=\"630,420\" data-comments-opened=\"0\" data-image-meta=\"{&quot;aperture&quot;:&quot;3.5&quot;,&quot;credit&quot;:&quot;&quot;,&quot;camera&quot;:&quot;NIKON D3100&quot;,&quot;caption&quot;:&quot;&quot;,&quot;created_timestamp&quot;:&quot;1488880764&quot;,&quot;copyright&quot;:&quot;&quot;,&quot;focal_length&quot;:&quot;18&quot;,&quot;iso&quot;:&quot;2800&quot;,&quot;shutter_speed&quot;:&quot;0.016666666666667&quot;,&quot;title&quot;:&quot;&quot;,&quot;orientation&quot;:&quot;1&quot;}\" data-image-title=\"09 reunion balta\" data-image-description=\"\" data-image-caption=\"\" data-large-file=\"https:\/\/www.hoymercedes.com.ar\/principal\/wp-content\/uploads\/2017\/03\/09-reunion-balta.jpg\" class=\"aligncenter size-medium wp-image-60466\" src=\"https:\/\/www.hoymercedes.com.ar\/principal\/wp-content\/uploads\/2017\/03\/09-reunion-balta-630x420.jpg\" alt=\"\" width=\"630\" height=\"420\" srcset=\"https:\/\/www.hoymercedes.com.ar\/principal\/wp-content\/uploads\/2017\/03\/09-reunion-balta.jpg 630w, https:\/\/www.hoymercedes.com.ar\/principal\/wp-content\/uploads\/2017\/03\/09-reunion-balta-150x100.jpg 150w, https:\/\/www.hoymercedes.com.ar\/principal\/wp-content\/uploads\/2017\/03\/09-reunion-balta-300x200.jpg 300w\" sizes=\"auto, (max-width: 630px) 100vw, 630px\" \/><\/p>\n<p>En la ma\u00f1ana de este martes, representantes de los departamentos Ejecutivo y Legislativo recibieron a los representantes de la Asociaci\u00f3n Civil S.O.S. H\u00e1bitat y al Museo de Ciencias Naturales \u201cCarlos Ameghino\u201d que plantearon su preocupaci\u00f3n por el estado de la reserva natural del Arroyo Balta y la caducidad de los convenios que le permit\u00eda al Municipio y al organismo ambientalista trabajar e investigar en el predio con gran importancia paleontol\u00f3gica y de biodiversidad en flora y fauna.<\/p>\n<p>En el sal\u00f3n del Concejo Deliberante se llev\u00f3 a cabo la reuni\u00f3n pedida por los vecinos. Promediando la ma\u00f1ana, al t\u00e9rmino del encuentro, Viviana Buide y Jorge Petrocelli contaron que plantearon a las autoridades comunales, la situaci\u00f3n actual en la que est\u00e1 la Reserva del Arroyo Balta e iniciar un trabajo conjunto para llevar a cabo los proyectos planteados por el Museo y la Asociaci\u00f3n Civil.<\/p>\n<p>El principal planteo fue la situaci\u00f3n legal del predio que es necesario regular. \u201cLo m\u00e1s importante es la parte legal porque el Museo no est\u00e1 autorizado el ingreso. El convenio de 2007 caduc\u00f3 y el de 2015, por lo que nos comentaron tambi\u00e9n est\u00e1 dado de baja. Por lo tanto, tienen que hacer un nuevo convenio con Naci\u00f3n \u2013 el predio pertenece a Desarrollo Social de Naci\u00f3n por ser parte de la Colonia de Olivera \u2013 para que nosotros podamos trabajar en el Arroyo Balta\u201d, contaron\u00a0 Buide y Petrocelli.<\/p>\n<p>\u201cEl predio est\u00e1 descuidado. Mucha basura. Pautamos propuestas y proyectos entre los cuales est\u00e1 una idea educativa. El Museo, con la colaboraci\u00f3n de S. O.S. H\u00e1bitat y la bot\u00e1nica D\u00e9bora Pedemonti, vamos a unificar proyectos. Tenemos pensado un herbario, un parque natural sobre paleontolog\u00eda. El fin es m\u00faltiple. Pero primero tenemos que concretar el aspecto legal. Nos interesa la parte educativa porque hay mucho por ense\u00f1ar y aprender. Tambi\u00e9n, la investigaci\u00f3n que se pueda hacer sobre esos estratos fosil\u00edferos. Nos interesa la preservaci\u00f3n del medio y abrirlo tambi\u00e9n al turismo. Es un diamante en bruto\u201d, agregaron en di\u00e1logo con este medio.<\/p>\n<p>El encuentro fue pedido por la direcci\u00f3n del Museo de Ciencias Naturales \u201cCarlos Ameghino\u201d, a cargo de\u00a0 Viviana Buide, y los integrantes de la asociaci\u00f3n civil S.O.S. H\u00e1bitat, entre ellos Jorge Petrocelli, Carmen Gioscio, y Jorge Espa\u00f1a.<\/p>\n<p>De la reuni\u00f3n participaron los concejales Mat\u00edas Dematei, Oscar Albini, Jos\u00e9 Cestari, Santiago Altube y Carlos Milhomme. En tanto, del Departamento Ejecutivo, quien se hizo presente fue el Jefe de Gobierno Ger\u00f3nimo Ustarroz.<\/p>\n<p>La Ordenanza est\u00e1 vigente, no as\u00ed los convenios teniendo en cuenta que el predio es nacional. Es por esto que los concejales anticiparon que elaborar\u00e1n un proyecto conjunto para solicitar el convenio con la autorizaci\u00f3n para actuar e investigar en la Reserva del Arroyo Balta. Asimismo, se aprovechar\u00e1 la oportunidad para solicitar un predio mayor para alcanzar los proyectos planeados por el Museo y los vecinos ambientalistas. Este tema ser\u00eda uno de los proyectos que trabajen el viernes pr\u00f3ximo en el marco de la Comisi\u00f3n Ampliada de Concejales anticip\u00e1ndose a una nueva sesi\u00f3n extraordinaria previa al inicio formal de trabajo legislativo a iniciarse el 1\u00ba de abril.<\/p>\n","protected":false},"excerpt":{"rendered":"<p>El Museo Ameghino, con el apoyo de S.O.S. H\u00e1bitat, mantuvieron reuni\u00f3n con el Legislativo y el Ejecutivo para que renueven &#8230; <a title=\"Piden la renovaci\u00f3n del convenio para investigar en el Arroyo Balta\" class=\"read-more\" href=\"https:\/\/www.hoymercedes.com.ar\/principal\/2017\/03\/09\/piden-la-renovacion-del-convenio-para-investigar-en-el-arroyo-balta\/\" aria-label=\"Leer m\u00e1s sobre Piden la renovaci\u00f3n del convenio para investigar en el Arroyo Balta\">Leer m\u00e1s<\/a><\/p>\n","protected":false},"author":1,"featured_media":60466,"comment_status":"closed","ping_status":"open","sticky":false,"template":"","format":"standard","meta":{"_monsterinsights_skip_tracking":false,"_monsterinsights_sitenote_active":false,"_monsterinsights_sitenote_note":"","_monsterinsights_sitenote_category":0,"jetpack_post_was_ever_published":false,"_jetpack_newsletter_access":"","_jetpack_dont_email_post_to_subs":false,"_jetpack_newsletter_tier_id":0,"_jetpack_memberships_contains_paywalled_content":false,"_jetpack_memberships_contains_paid_content":false,"footnotes":"","jetpack_publicize_message":"","jetpack_publicize_feature_enabled":true,"jetpack_social_post_already_shared":true,"jetpack_social_options":{"image_generator_settings":{"template":"highway","default_image_id":0,"font":"","enabled":false},"version":2},"_wpas_customize_per_network":false},"categories":[104,5],"tags":[103,8603,8993,15,10707],"class_list":["post-60471","post","type-post","status-publish","format-standard","has-post-thumbnail","hentry","category-cultura","category-politica","tag-arroyo-balta","tag-ciencias-naturales","tag-concejales","tag-hcd","tag-museo-carlos-ameghino","generate-columns","tablet-grid-50","mobile-grid-100","grid-parent","grid-50"],"jetpack_publicize_connections":[],"jetpack_featured_media_url":"https:\/\/www.hoymercedes.com.ar\/principal\/wp-content\/uploads\/2017\/03\/09-reunion-balta.jpg","wps_subtitle":"Reuni\u00f3n en el Legislativo ","jetpack_sharing_enabled":true,"_links":{"self":[{"href":"https:\/\/www.hoymercedes.com.ar\/principal\/wp-json\/wp\/v2\/posts\/60471","targetHints":{"allow":["GET"]}}],"collection":[{"href":"https:\/\/www.hoymercedes.com.ar\/principal\/wp-json\/wp\/v2\/posts"}],"about":[{"href":"https:\/\/www.hoymercedes.com.ar\/principal\/wp-json\/wp\/v2\/types\/post"}],"author":[{"embeddable":true,"href":"https:\/\/www.hoymercedes.com.ar\/principal\/wp-json\/wp\/v2\/users\/1"}],"replies":[{"embeddable":true,"href":"https:\/\/www.hoymercedes.com.ar\/principal\/wp-json\/wp\/v2\/comments?post=60471"}],"version-history":[{"count":0,"href":"https:\/\/www.hoymercedes.com.ar\/principal\/wp-json\/wp\/v2\/posts\/60471\/revisions"}],"wp:featuredmedia":[{"embeddable":true,"href":"https:\/\/www.hoymercedes.com.ar\/principal\/wp-json\/wp\/v2\/media\/60466"}],"wp:attachment":[{"href":"https:\/\/www.hoymercedes.com.ar\/principal\/wp-json\/wp\/v2\/media?parent=60471"}],"wp:term":[{"taxonomy":"category","embeddable":true,"href":"https:\/\/www.hoymercedes.com.ar\/principal\/wp-json\/wp\/v2\/categories?post=60471"},{"taxonomy":"post_tag","embeddable":true,"href":"https:\/\/www.hoymercedes.com.ar\/principal\/wp-json\/wp\/v2\/tags?post=60471"}],"curies":[{"name":"wp","href":"https:\/\/api.w.org\/{rel}","templated":true}]}}