{"id":60474,"date":"2017-03-09T11:18:55","date_gmt":"2017-03-09T14:18:55","guid":{"rendered":"http:\/\/www.hoymercedes.com.ar\/principal\/?p=60474"},"modified":"2017-03-09T14:40:50","modified_gmt":"2017-03-09T17:40:50","slug":"policia-logra-detener-a-acusado-de-robos-recientes","status":"publish","type":"post","link":"https:\/\/www.hoymercedes.com.ar\/principal\/2017\/03\/09\/policia-logra-detener-a-acusado-de-robos-recientes\/","title":{"rendered":"Polic\u00eda logra detener a acusado de robos recientes"},"content":{"rendered":"<p>D\u00edas atr\u00e1s se produjeron dos robos que despertaron la preocupaci\u00f3n de los uniformados por la modalidad en que se dieron. Encabezados por el comisario Sergio Macedo y tras dos allanamientos se logr\u00f3 la detenci\u00f3n de los acusados que ahora est\u00e1n a disposici\u00f3n de la justicia y se da por cerrado el c\u00edrculo delictivo esclareci\u00e9ndose los hechos.<\/p>\n<p>\u201cD\u00edas atr\u00e1s se cometieron dos il\u00edcitos. Uno sobre una agencia de avenida 2 entre 17 y 19 y la productora de seguros de 7 y 14. Aparentemente son los autores de ambos hechos. Se sigue trabajando desde la fiscal\u00eda, desde la comisaria y con todo nuestro apoyo\u201d sostuvo el director de Seguridad de Mercedes, Esteban Rossi, quien acompa\u00f1\u00f3 en todo momento las acciones policiales que llev\u00f3 adelante en los dos procedimientos el equipo de la Polic\u00eda Comunal.<\/p>\n<p>Todo indica que son los autores y se seguir\u00e1 trabajando porque hay probabilidades de que sean los mismos autores de otros hechos que estaban tambi\u00e9n en la agenda investigativa de las fuerzas de seguridad y judiciales de nuestra localidad.<\/p>\n<p>Se supo tambi\u00e9n que personal del Gabinete de Prevenci\u00f3n Criminol\u00f3gica tras la denuncia realizada d\u00edas atr\u00e1s inici\u00f3 el proceso de investigaci\u00f3n y b\u00fasqueda de un masculino que ingres\u00f3 armado a una agencia de quiniela intimando al personal a cargo para poder quedarse con la recaudaci\u00f3n con la que contaban hasta el momento y se dio a la fuga en una motocicleta Honda de 150 cent\u00edmetros c\u00fabicos. Tras tal acontecimiento se produjo otro hecho de similar actuaci\u00f3n en una productora de seguros.<\/p>\n<p>Seg\u00fan suponen los investigadores, uno efectuaba el robo y otro sujeto lo esperaba afuera, haciendo de \u201ccampana\u201d y luego siendo el conductor para la fuga.<\/p>\n<p>Este mi\u00e9rcoles fue la jornada determinada por la justicia para que la Polic\u00eda Comunal pueda proceder a realizar dos allanamientos en nuestra ciudad y esclarecer los il\u00edcitos padecidos por los vecinos de Mercedes.<\/p>\n<p>En el marco de los mismos, se logr\u00f3 secuestrar la moto que estaba siendo utilizada para cometer los il\u00edcitos.<\/p>\n<p>La car\u00e1tula es, al momento \u201crobo calificado por su comisi\u00f3n con arma de fuego cuya aptitud para el disparo no ha podido acreditarse\u201d y est\u00e1 bajo la Unidad Funcional de Instrucci\u00f3n N\u00b07 a cargo de H\u00e9ctor Zunino.<\/p>\n<p>El comisario Sergio Macedo se mostr\u00f3 satisfecho por la importante labor realizada, tanto durante el procedimiento como en las actuaciones previas que permitieron la definici\u00f3n del hecho, mostrando una vez m\u00e1s los altos niveles de eficiencia que se est\u00e1n obteniendo en materia de seguridad en nuestra ciudad.<\/p>\n<p>Durante la semana, vale recordad, la Secretaria de Seguridad, Josefina Kelly y el intendente Juan Ustarroz justamente daban cuenta que en el informe judicial comparativo de 2016 respecto al a\u00f1o anterior en Mercedes hab\u00edan disminuido los delitos graves un 54%. Este hecho viene a \u201cmarcar el mismo camino de acci\u00f3n fuerte y decidida\u201d, destacaron desde la comuna.<\/p>\n","protected":false},"excerpt":{"rendered":"<p>D\u00edas atr\u00e1s se produjeron dos robos que despertaron la preocupaci\u00f3n de los uniformados por la modalidad en que se dieron. &#8230; <a title=\"Polic\u00eda logra detener a acusado de robos recientes\" class=\"read-more\" href=\"https:\/\/www.hoymercedes.com.ar\/principal\/2017\/03\/09\/policia-logra-detener-a-acusado-de-robos-recientes\/\" aria-label=\"Leer m\u00e1s sobre Polic\u00eda logra detener a acusado de robos recientes\">Leer m\u00e1s<\/a><\/p>\n","protected":false},"author":1,"featured_media":59909,"comment_status":"closed","ping_status":"open","sticky":false,"template":"","format":"standard","meta":{"_monsterinsights_skip_tracking":false,"_monsterinsights_sitenote_active":false,"_monsterinsights_sitenote_note":"","_monsterinsights_sitenote_category":0,"jetpack_post_was_ever_published":false,"_jetpack_newsletter_access":"","_jetpack_dont_email_post_to_subs":true,"_jetpack_newsletter_tier_id":0,"_jetpack_memberships_contains_paywalled_content":false,"_jetpack_memberships_contains_paid_content":false,"footnotes":"","jetpack_publicize_message":"","jetpack_publicize_feature_enabled":true,"jetpack_social_post_already_shared":true,"jetpack_social_options":{"image_generator_settings":{"template":"highway","default_image_id":0,"font":"","enabled":false},"version":2},"_wpas_customize_per_network":false},"categories":[85],"tags":[215,3457,889],"class_list":["post-60474","post","type-post","status-publish","format-standard","has-post-thumbnail","hentry","category-policial","tag-detenciones","tag-policiales","tag-robo","generate-columns","tablet-grid-50","mobile-grid-100","grid-parent","grid-50"],"jetpack_publicize_connections":[],"jetpack_featured_media_url":"https:\/\/www.hoymercedes.com.ar\/principal\/wp-content\/uploads\/2017\/02\/17-policia-patrulla-rural.jpg","wps_subtitle":"Esclarece los hechos","jetpack_sharing_enabled":true,"_links":{"self":[{"href":"https:\/\/www.hoymercedes.com.ar\/principal\/wp-json\/wp\/v2\/posts\/60474","targetHints":{"allow":["GET"]}}],"collection":[{"href":"https:\/\/www.hoymercedes.com.ar\/principal\/wp-json\/wp\/v2\/posts"}],"about":[{"href":"https:\/\/www.hoymercedes.com.ar\/principal\/wp-json\/wp\/v2\/types\/post"}],"author":[{"embeddable":true,"href":"https:\/\/www.hoymercedes.com.ar\/principal\/wp-json\/wp\/v2\/users\/1"}],"replies":[{"embeddable":true,"href":"https:\/\/www.hoymercedes.com.ar\/principal\/wp-json\/wp\/v2\/comments?post=60474"}],"version-history":[{"count":0,"href":"https:\/\/www.hoymercedes.com.ar\/principal\/wp-json\/wp\/v2\/posts\/60474\/revisions"}],"wp:featuredmedia":[{"embeddable":true,"href":"https:\/\/www.hoymercedes.com.ar\/principal\/wp-json\/wp\/v2\/media\/59909"}],"wp:attachment":[{"href":"https:\/\/www.hoymercedes.com.ar\/principal\/wp-json\/wp\/v2\/media?parent=60474"}],"wp:term":[{"taxonomy":"category","embeddable":true,"href":"https:\/\/www.hoymercedes.com.ar\/principal\/wp-json\/wp\/v2\/categories?post=60474"},{"taxonomy":"post_tag","embeddable":true,"href":"https:\/\/www.hoymercedes.com.ar\/principal\/wp-json\/wp\/v2\/tags?post=60474"}],"curies":[{"name":"wp","href":"https:\/\/api.w.org\/{rel}","templated":true}]}}