{"id":60480,"date":"2017-03-09T18:01:56","date_gmt":"2017-03-09T21:01:56","guid":{"rendered":"http:\/\/www.hoymercedes.com.ar\/principal\/?p=60480"},"modified":"2017-03-09T19:47:16","modified_gmt":"2017-03-09T22:47:16","slug":"robo-en-palometas-te-da-bronca-esto-te-frena-en-el-crecimiento-dijo-diego-figueredo","status":"publish","type":"post","link":"https:\/\/www.hoymercedes.com.ar\/principal\/2017\/03\/09\/robo-en-palometas-te-da-bronca-esto-te-frena-en-el-crecimiento-dijo-diego-figueredo\/","title":{"rendered":"Robo en Palometas: \u00abTe da bronca, esto te frena en el crecimiento\u00bb, dijo Diego Figueredo"},"content":{"rendered":"<p><strong><em>Diego Figueredo, presidente y uno de los hist\u00f3ricos jugadores de la Primera Divisi\u00f3n del Club Los Palometas, dialog\u00f3 este jueves con el programa El Pulso, que se emite de lunes a viernes de 10 a 12 por FM La Tribuna y habl\u00f3 sobre el robo que sufri\u00f3 la instituci\u00f3n: \u00abNos toc\u00f3 a nosotros el martes, ahora tenemos que trabajar para recuperar todo. Tenemos el predio en Avenida 2 y calle 3. Cuando fuimos a iniciar las actividades con los chicos, nos encontramos con la mala noticia. Suponemos que fue en la noche del lunes y madrugada del martes. Es un lugar muy transitado durante el d\u00eda, as\u00ed que creemos que de d\u00eda no fue\u00bb.<\/em><\/strong><\/p>\n<p><img loading=\"lazy\" decoding=\"async\" data-attachment-id=\"60487\" data-permalink=\"https:\/\/www.hoymercedes.com.ar\/principal\/2017\/03\/09\/robo-en-palometas-te-da-bronca-esto-te-frena-en-el-crecimiento-dijo-diego-figueredo\/robo-palometas\/#main\" data-orig-file=\"https:\/\/www.hoymercedes.com.ar\/principal\/wp-content\/uploads\/2017\/03\/robo-palometas.jpg\" data-orig-size=\"720,960\" data-comments-opened=\"0\" data-image-meta=\"{&quot;aperture&quot;:&quot;0&quot;,&quot;credit&quot;:&quot;&quot;,&quot;camera&quot;:&quot;&quot;,&quot;caption&quot;:&quot;&quot;,&quot;created_timestamp&quot;:&quot;0&quot;,&quot;copyright&quot;:&quot;&quot;,&quot;focal_length&quot;:&quot;0&quot;,&quot;iso&quot;:&quot;0&quot;,&quot;shutter_speed&quot;:&quot;0&quot;,&quot;title&quot;:&quot;&quot;,&quot;orientation&quot;:&quot;0&quot;}\" data-image-title=\"robo palometas\" data-image-description=\"\" data-image-caption=\"\" data-large-file=\"https:\/\/www.hoymercedes.com.ar\/principal\/wp-content\/uploads\/2017\/03\/robo-palometas.jpg\" class=\"aligncenter size-medium wp-image-60487\" src=\"https:\/\/www.hoymercedes.com.ar\/principal\/wp-content\/uploads\/2017\/03\/robo-palometas-465x620.jpg\" alt=\"\" width=\"465\" height=\"620\" srcset=\"https:\/\/www.hoymercedes.com.ar\/principal\/wp-content\/uploads\/2017\/03\/robo-palometas-465x620.jpg 465w, https:\/\/www.hoymercedes.com.ar\/principal\/wp-content\/uploads\/2017\/03\/robo-palometas-113x150.jpg 113w, https:\/\/www.hoymercedes.com.ar\/principal\/wp-content\/uploads\/2017\/03\/robo-palometas.jpg 720w\" sizes=\"auto, (max-width: 465px) 100vw, 465px\" \/><\/p>\n<p>Adem\u00e1s, relat\u00f3 que \u00abllegamos el martes y encontramos todas las puertas de los ba\u00f1os, vestuarios y dep\u00f3sitos violentadas y cuando fuimos al vestuario, vimos que las cosas de hockey, que estaban ah\u00ed, las hab\u00edan robado, en especial los elementos del arquero, que son costosos. Los destrozos y los elementos hacen una suma considerable para nosotros\u00bb<\/p>\n<p>Por otra parte, coment\u00f3 que \u00abel predio del Mart\u00edn Rodr\u00edguez est\u00e1 alejado y el vestuario nuestro est\u00e1 entre nuestra cancha y el predio de V\u00e9lez, por eso est\u00e1 alejado y es l\u00f3gico que la seguridad del Mart\u00edn Rodr\u00edguez no haya visto nada. Te da bronca, esto te frena en el crecimiento, en especial el robo del hockey, porque s\u00f3lo te sirve para eso y no para otra cosa\u00bb.<\/p>\n<p>En cuanto a la conformaci\u00f3n del equipo de Primera y Reserva, detall\u00f3 que \u00abse acercaron muchos jugadores a entrenar, estamos muy entusiasmados con este proyecto. Este a\u00f1o se sumaron Ventrelli y Cabrera como DT, con Mariano Pueblas y Marcos Ramponi que est\u00e1n en la parte f\u00edsica\u00bb.<\/p>\n<p>Y sobre esto agreg\u00f3 que \u00aben la primera fecha, de los titulares, m\u00e1s all\u00e1 que vinieron muchos chicos nuevos que necesit\u00e1bamos, la mayor\u00eda de los que jugaron eran de los que ven\u00edan de antes, pero el grupo est\u00e1 muy bien. El equipo est\u00e1 totalmente renovado, terminamos el 2016 con muy pocos jugadores, al punto de repetir los jugadores en Primera y Reserva y es por eso que sumamos gente para poder representar bien al club\u00bb.<\/p>\n<p>Palometas jugar\u00e1 el viernes desde las 19.30 en cancha de la Liga ante V\u00e9lez, y respecto al horario se\u00f1al\u00f3 que \u00abes lindo jugar en esta \u00e9poca los viernes a la noche. Nos complica en lo laboral cuando es seguido y temprano, porque muchos jugadores trabajan a esa hora. Esta bueno en cuanto a que jugar en horario nocturno es otro tipo de exigencia, pero a veces se complica\u00bb.<\/p>\n","protected":false},"excerpt":{"rendered":"<p>Diego Figueredo, presidente y uno de los hist\u00f3ricos jugadores de la Primera Divisi\u00f3n del Club Los Palometas, dialog\u00f3 este jueves &#8230; <a title=\"Robo en Palometas: \u00abTe da bronca, esto te frena en el crecimiento\u00bb, dijo Diego Figueredo\" class=\"read-more\" href=\"https:\/\/www.hoymercedes.com.ar\/principal\/2017\/03\/09\/robo-en-palometas-te-da-bronca-esto-te-frena-en-el-crecimiento-dijo-diego-figueredo\/\" aria-label=\"Leer m\u00e1s sobre Robo en Palometas: \u00abTe da bronca, esto te frena en el crecimiento\u00bb, dijo Diego Figueredo\">Leer m\u00e1s<\/a><\/p>\n","protected":false},"author":1,"featured_media":60487,"comment_status":"closed","ping_status":"open","sticky":false,"template":"","format":"standard","meta":{"_monsterinsights_skip_tracking":false,"_monsterinsights_sitenote_active":false,"_monsterinsights_sitenote_note":"","_monsterinsights_sitenote_category":0,"jetpack_post_was_ever_published":false,"_jetpack_newsletter_access":"","_jetpack_dont_email_post_to_subs":false,"_jetpack_newsletter_tier_id":0,"_jetpack_memberships_contains_paywalled_content":false,"_jetpack_memberships_contains_paid_content":false,"footnotes":"","jetpack_publicize_message":"","jetpack_publicize_feature_enabled":true,"jetpack_social_post_already_shared":true,"jetpack_social_options":{"image_generator_settings":{"template":"highway","default_image_id":0,"font":"","enabled":false},"version":2},"_wpas_customize_per_network":false},"categories":[21,85],"tags":[204,2339,3457,889],"class_list":["post-60480","post","type-post","status-publish","format-standard","has-post-thumbnail","hentry","category-deportes","category-policial","tag-deportes-2","tag-palometas","tag-policiales","tag-robo","generate-columns","tablet-grid-50","mobile-grid-100","grid-parent","grid-50"],"jetpack_publicize_connections":[],"jetpack_featured_media_url":"https:\/\/www.hoymercedes.com.ar\/principal\/wp-content\/uploads\/2017\/03\/robo-palometas.jpg","wps_subtitle":"F\u00fatbol \u2013 Hockey","jetpack_sharing_enabled":true,"_links":{"self":[{"href":"https:\/\/www.hoymercedes.com.ar\/principal\/wp-json\/wp\/v2\/posts\/60480","targetHints":{"allow":["GET"]}}],"collection":[{"href":"https:\/\/www.hoymercedes.com.ar\/principal\/wp-json\/wp\/v2\/posts"}],"about":[{"href":"https:\/\/www.hoymercedes.com.ar\/principal\/wp-json\/wp\/v2\/types\/post"}],"author":[{"embeddable":true,"href":"https:\/\/www.hoymercedes.com.ar\/principal\/wp-json\/wp\/v2\/users\/1"}],"replies":[{"embeddable":true,"href":"https:\/\/www.hoymercedes.com.ar\/principal\/wp-json\/wp\/v2\/comments?post=60480"}],"version-history":[{"count":0,"href":"https:\/\/www.hoymercedes.com.ar\/principal\/wp-json\/wp\/v2\/posts\/60480\/revisions"}],"wp:featuredmedia":[{"embeddable":true,"href":"https:\/\/www.hoymercedes.com.ar\/principal\/wp-json\/wp\/v2\/media\/60487"}],"wp:attachment":[{"href":"https:\/\/www.hoymercedes.com.ar\/principal\/wp-json\/wp\/v2\/media?parent=60480"}],"wp:term":[{"taxonomy":"category","embeddable":true,"href":"https:\/\/www.hoymercedes.com.ar\/principal\/wp-json\/wp\/v2\/categories?post=60480"},{"taxonomy":"post_tag","embeddable":true,"href":"https:\/\/www.hoymercedes.com.ar\/principal\/wp-json\/wp\/v2\/tags?post=60480"}],"curies":[{"name":"wp","href":"https:\/\/api.w.org\/{rel}","templated":true}]}}