{"id":60488,"date":"2017-03-09T16:01:16","date_gmt":"2017-03-09T19:01:16","guid":{"rendered":"http:\/\/www.hoymercedes.com.ar\/principal\/?p=60488"},"modified":"2017-03-09T15:07:06","modified_gmt":"2017-03-09T18:07:06","slug":"proyectan-tareas-con-el-centro-de-jubilados-21-de-septiembre","status":"publish","type":"post","link":"https:\/\/www.hoymercedes.com.ar\/principal\/2017\/03\/09\/proyectan-tareas-con-el-centro-de-jubilados-21-de-septiembre\/","title":{"rendered":"Proyectan tareas con el Centro de Jubilados \u00ab21 de septiembre\u00bb"},"content":{"rendered":"<p>Durante la jornada del pasado mi\u00e9rcoles un nuevo encuentro entre el intendente Juan Ignacio Ustarroz y Rosa Losino permiti\u00f3 continuar avanzando en tareas conjuntas entre la Comuna y el Centro de Jubilados \u201c21 de septiembre\u201d<\/p>\n<p><img loading=\"lazy\" decoding=\"async\" data-attachment-id=\"60485\" data-permalink=\"https:\/\/www.hoymercedes.com.ar\/principal\/2017\/03\/09\/el-grupo-scout-san-vicente-de-paul-inicia-sus-actividades\/09-muni-abrille\/#main\" data-orig-file=\"https:\/\/www.hoymercedes.com.ar\/principal\/wp-content\/uploads\/2017\/03\/09-Muni-Abrille.jpg\" data-orig-size=\"630,421\" data-comments-opened=\"0\" data-image-meta=\"{&quot;aperture&quot;:&quot;0&quot;,&quot;credit&quot;:&quot;&quot;,&quot;camera&quot;:&quot;&quot;,&quot;caption&quot;:&quot;????????????????????????????????????&quot;,&quot;created_timestamp&quot;:&quot;0&quot;,&quot;copyright&quot;:&quot;&quot;,&quot;focal_length&quot;:&quot;0&quot;,&quot;iso&quot;:&quot;0&quot;,&quot;shutter_speed&quot;:&quot;0&quot;,&quot;title&quot;:&quot;&quot;,&quot;orientation&quot;:&quot;0&quot;}\" data-image-title=\"09 Muni Abrille\" data-image-description=\"\" data-image-caption=\"\" data-large-file=\"https:\/\/www.hoymercedes.com.ar\/principal\/wp-content\/uploads\/2017\/03\/09-Muni-Abrille.jpg\" class=\"aligncenter size-medium wp-image-60485\" src=\"https:\/\/www.hoymercedes.com.ar\/principal\/wp-content\/uploads\/2017\/03\/09-Muni-Abrille-630x421.jpg\" alt=\"\" width=\"630\" height=\"421\" srcset=\"https:\/\/www.hoymercedes.com.ar\/principal\/wp-content\/uploads\/2017\/03\/09-Muni-Abrille.jpg 630w, https:\/\/www.hoymercedes.com.ar\/principal\/wp-content\/uploads\/2017\/03\/09-Muni-Abrille-150x100.jpg 150w, https:\/\/www.hoymercedes.com.ar\/principal\/wp-content\/uploads\/2017\/03\/09-Muni-Abrille-300x200.jpg 300w\" sizes=\"auto, (max-width: 630px) 100vw, 630px\" \/><\/p>\n<p>En el \u00e1mbito del Hogar Villa Abrille, donde se encuentra la Direcci\u00f3n de Adultos Mayores, y junto a Victoria Odel se concret\u00f3 la reuni\u00f3n que cre\u00f3 una nueva instancia de dialogo e intercambio y que fue tambi\u00e9n la ocasi\u00f3n en que el intendente hizo entrega de la ayuda para que el mencionado Centro de Jubilados realice en los pr\u00f3ximos d\u00edas una cena solidaria con el objetivo de recaudar fondos y seguir construyendo sue\u00f1os colectivos.<\/p>\n<p>Desde el inicio de la gesti\u00f3n ha sido una definici\u00f3n el trabajar en conjunto, entre las instituciones sociales y la Comuna, donde, en la acci\u00f3n mancomunada se busca dar un apoyo amplio de realizaci\u00f3n colectiva de acciones sociales.<\/p>\n<p>&nbsp;<\/p>\n<p>Fuente: Prensa Municipal<\/p>\n","protected":false},"excerpt":{"rendered":"<p>Durante la jornada del pasado mi\u00e9rcoles un nuevo encuentro entre el intendente Juan Ignacio Ustarroz y Rosa Losino permiti\u00f3 continuar &#8230; <a title=\"Proyectan tareas con el Centro de Jubilados \u00ab21 de septiembre\u00bb\" class=\"read-more\" href=\"https:\/\/www.hoymercedes.com.ar\/principal\/2017\/03\/09\/proyectan-tareas-con-el-centro-de-jubilados-21-de-septiembre\/\" aria-label=\"Leer m\u00e1s sobre Proyectan tareas con el Centro de Jubilados \u00ab21 de septiembre\u00bb\">Leer m\u00e1s<\/a><\/p>\n","protected":false},"author":1,"featured_media":60485,"comment_status":"closed","ping_status":"open","sticky":false,"template":"","format":"standard","meta":{"_monsterinsights_skip_tracking":false,"_monsterinsights_sitenote_active":false,"_monsterinsights_sitenote_note":"","_monsterinsights_sitenote_category":0,"jetpack_post_was_ever_published":false,"_jetpack_newsletter_access":"","_jetpack_dont_email_post_to_subs":false,"_jetpack_newsletter_tier_id":0,"_jetpack_memberships_contains_paywalled_content":false,"_jetpack_memberships_contains_paid_content":false,"footnotes":"","jetpack_publicize_message":"","jetpack_publicize_feature_enabled":true,"jetpack_social_post_already_shared":true,"jetpack_social_options":{"image_generator_settings":{"template":"highway","default_image_id":0,"font":"","enabled":false},"version":2},"_wpas_customize_per_network":false},"categories":[30],"tags":[8752,9805,244],"class_list":["post-60488","post","type-post","status-publish","format-standard","has-post-thumbnail","hentry","category-municipio","tag-adultos-mayores","tag-hogar-villa-abrille","tag-municipio-2","generate-columns","tablet-grid-50","mobile-grid-100","grid-parent","grid-50"],"jetpack_publicize_connections":[],"jetpack_featured_media_url":"https:\/\/www.hoymercedes.com.ar\/principal\/wp-content\/uploads\/2017\/03\/09-Muni-Abrille.jpg","wps_subtitle":"Trabajo conjunto","jetpack_sharing_enabled":true,"_links":{"self":[{"href":"https:\/\/www.hoymercedes.com.ar\/principal\/wp-json\/wp\/v2\/posts\/60488","targetHints":{"allow":["GET"]}}],"collection":[{"href":"https:\/\/www.hoymercedes.com.ar\/principal\/wp-json\/wp\/v2\/posts"}],"about":[{"href":"https:\/\/www.hoymercedes.com.ar\/principal\/wp-json\/wp\/v2\/types\/post"}],"author":[{"embeddable":true,"href":"https:\/\/www.hoymercedes.com.ar\/principal\/wp-json\/wp\/v2\/users\/1"}],"replies":[{"embeddable":true,"href":"https:\/\/www.hoymercedes.com.ar\/principal\/wp-json\/wp\/v2\/comments?post=60488"}],"version-history":[{"count":0,"href":"https:\/\/www.hoymercedes.com.ar\/principal\/wp-json\/wp\/v2\/posts\/60488\/revisions"}],"wp:featuredmedia":[{"embeddable":true,"href":"https:\/\/www.hoymercedes.com.ar\/principal\/wp-json\/wp\/v2\/media\/60485"}],"wp:attachment":[{"href":"https:\/\/www.hoymercedes.com.ar\/principal\/wp-json\/wp\/v2\/media?parent=60488"}],"wp:term":[{"taxonomy":"category","embeddable":true,"href":"https:\/\/www.hoymercedes.com.ar\/principal\/wp-json\/wp\/v2\/categories?post=60488"},{"taxonomy":"post_tag","embeddable":true,"href":"https:\/\/www.hoymercedes.com.ar\/principal\/wp-json\/wp\/v2\/tags?post=60488"}],"curies":[{"name":"wp","href":"https:\/\/api.w.org\/{rel}","templated":true}]}}