{"id":605,"date":"2010-11-24T03:41:46","date_gmt":"2010-11-24T03:41:46","guid":{"rendered":"http:\/\/www.hoymercedes.com.ar\/principal\/?p=605"},"modified":"2010-11-24T03:41:46","modified_gmt":"2010-11-24T03:41:46","slug":"en-el-hospital-atiende-un-nuevo-medico-generalista","status":"publish","type":"post","link":"https:\/\/www.hoymercedes.com.ar\/principal\/2010\/11\/24\/en-el-hospital-atiende-un-nuevo-medico-generalista\/","title":{"rendered":"En el Hospital atiende un nuevo m\u00e9dico generalista"},"content":{"rendered":"<figure id=\"attachment_607\" aria-describedby=\"caption-attachment-607\" style=\"width: 190px\" class=\"wp-caption alignleft\"><a href=\"https:\/\/www.hoymercedes.com.ar\/principal\/wp-content\/uploads\/2010\/11\/principi.jpg\"><img loading=\"lazy\" decoding=\"async\" data-attachment-id=\"607\" data-permalink=\"https:\/\/www.hoymercedes.com.ar\/principal\/2010\/11\/24\/en-el-hospital-atiende-un-nuevo-medico-generalista\/principi\/#main\" data-orig-file=\"https:\/\/www.hoymercedes.com.ar\/principal\/wp-content\/uploads\/2010\/11\/principi.jpg\" data-orig-size=\"200,134\" data-comments-opened=\"1\" data-image-meta=\"{&quot;aperture&quot;:&quot;0&quot;,&quot;credit&quot;:&quot;&quot;,&quot;camera&quot;:&quot;&quot;,&quot;caption&quot;:&quot;&quot;,&quot;created_timestamp&quot;:&quot;0&quot;,&quot;copyright&quot;:&quot;&quot;,&quot;focal_length&quot;:&quot;0&quot;,&quot;iso&quot;:&quot;0&quot;,&quot;shutter_speed&quot;:&quot;0&quot;,&quot;title&quot;:&quot;&quot;}\" data-image-title=\"principi\" data-image-description=\"\" data-image-caption=\"\" data-large-file=\"https:\/\/www.hoymercedes.com.ar\/principal\/wp-content\/uploads\/2010\/11\/principi.jpg\" class=\"size-full wp-image-607\" title=\"principi\" src=\"https:\/\/www.hoymercedes.com.ar\/principal\/wp-content\/uploads\/2010\/11\/principi.jpg\" alt=\"\" width=\"200\" height=\"134\" \/><\/a><figcaption id=\"caption-attachment-607\" class=\"wp-caption-text\">Dr. Pr\u00edncipi<\/figcaption><\/figure>\n<p style=\"text-align: justify;\">En declaraciones a la prensa el director del Hospital Blas L Dubarry, Dr. Rodolfo Principi\u00a0 se refiri\u00f3 al reciente nombramiento efectuado por el Ministerio de\u00a0 Salud de la Provincia de un m\u00e9dico generalista para dicho centro asistencial.<\/p>\n<p style=\"text-align: justify;\">El funcionario explic\u00f3\u00a0 \u201chemos recibido en las \u00faltimas horas la comunicaci\u00f3n oficial desde el Ministerio de Salud del nombramiento para nuestro hospital de un m\u00e9dico generalista que va a trabajar treinta y seis horas semanales (36) ya desde este martes 23<\/p>\n<p style=\"text-align: justify;\">Lo va a hacer desde las 7.30 hasta las 14.00 en los consultorios\u00a0 de clinica externos ubicados en la planta alta del hospital y como lo dije su funci\u00f3n es la de m\u00e9dico generalista, es decir el m\u00e9dico que se encargar\u00e1 de efectuar seguimientos y\u00a0 promoci\u00f3n en todo lo que tenga que ver con la salud de la poblaci\u00f3n.<\/p>\n<p style=\"text-align: justify;\">Al incorporaci\u00f3n del Dr. Rivero, que est\u00e1 viviendo en Mercedes no solo nos permitir\u00e1 tener un m\u00e9dico m\u00e1s al servicio de la gente sino tambi\u00e9n disminuir notablemente los tiempos de espera ya que estar\u00e1 atendiendo como lo manifest\u00e9 en un horario muy amplio por lo cual nuestros vecinos podr\u00e1n venir para su asistencia sin el apuro habitual.<\/p>\n<p style=\"text-align: justify;\">Vuelvo al concepto del m\u00e9dico generalista ya que tal vez sea un t\u00e9rmino no tan conocido por la gente y vale la pena conocer un poco m\u00e1s cuales el rol espec\u00edfico que cumple y puede ser entendido,\u00a0 para que la gente comprenda, como un m\u00e9dico de familia, es decir el profesional que se encargar\u00e1 de efectuar el seguimiento estricto de aquellos casos que realmente lo justifiquen, es un m\u00e9dico que los va a atender pero m\u00e1s que nada su tarea espec\u00edfica es estar en la promoci\u00f3n de la salud, tratando desde todas las formas y manera que tengamos en el hospital de que las personas no entren en lo que en si es una enfermedad, entonces tendr\u00e1 como misi\u00f3n principal la promoci\u00f3n, prevenci\u00f3n y atenci\u00f3n de pacientes en forma espont\u00e1nea y esto es muy bueno para el hospital porque es la medicina que se viene incluso es bueno porque nosotros tenemos el programa de residencia de medicina general y esto nos va a permitir ampliar el espectro de lo que es la atenci\u00f3n especialmente del paciente sano\u201d<\/p>\n","protected":false},"excerpt":{"rendered":"<p>En declaraciones a la prensa el director del Hospital Blas L Dubarry, Dr. Rodolfo Principi\u00a0 se refiri\u00f3 al reciente nombramiento &#8230; <a title=\"En el Hospital atiende un nuevo m\u00e9dico generalista\" class=\"read-more\" href=\"https:\/\/www.hoymercedes.com.ar\/principal\/2010\/11\/24\/en-el-hospital-atiende-un-nuevo-medico-generalista\/\" aria-label=\"Leer m\u00e1s sobre En el Hospital atiende un nuevo m\u00e9dico generalista\">Leer m\u00e1s<\/a><\/p>\n","protected":false},"author":1,"featured_media":0,"comment_status":"open","ping_status":"open","sticky":false,"template":"","format":"standard","meta":{"_monsterinsights_skip_tracking":false,"_monsterinsights_sitenote_active":false,"_monsterinsights_sitenote_note":"","_monsterinsights_sitenote_category":0,"jetpack_post_was_ever_published":false,"_jetpack_newsletter_access":"","_jetpack_dont_email_post_to_subs":false,"_jetpack_newsletter_tier_id":0,"_jetpack_memberships_contains_paywalled_content":false,"_jetpack_memberships_contains_paid_content":false,"footnotes":"","jetpack_publicize_message":"","jetpack_publicize_feature_enabled":true,"jetpack_social_post_already_shared":false,"jetpack_social_options":{"image_generator_settings":{"template":"highway","default_image_id":0,"font":"","enabled":false},"version":2},"_wpas_customize_per_network":false},"categories":[8],"tags":[133,132],"class_list":["post-605","post","type-post","status-publish","format-standard","hentry","category-sociedad","tag-hospital-mercedes","tag-principi","generate-columns","tablet-grid-50","mobile-grid-100","grid-parent","grid-50"],"jetpack_publicize_connections":[],"jetpack_featured_media_url":"","wps_subtitle":"","jetpack_sharing_enabled":true,"_links":{"self":[{"href":"https:\/\/www.hoymercedes.com.ar\/principal\/wp-json\/wp\/v2\/posts\/605","targetHints":{"allow":["GET"]}}],"collection":[{"href":"https:\/\/www.hoymercedes.com.ar\/principal\/wp-json\/wp\/v2\/posts"}],"about":[{"href":"https:\/\/www.hoymercedes.com.ar\/principal\/wp-json\/wp\/v2\/types\/post"}],"author":[{"embeddable":true,"href":"https:\/\/www.hoymercedes.com.ar\/principal\/wp-json\/wp\/v2\/users\/1"}],"replies":[{"embeddable":true,"href":"https:\/\/www.hoymercedes.com.ar\/principal\/wp-json\/wp\/v2\/comments?post=605"}],"version-history":[{"count":0,"href":"https:\/\/www.hoymercedes.com.ar\/principal\/wp-json\/wp\/v2\/posts\/605\/revisions"}],"wp:attachment":[{"href":"https:\/\/www.hoymercedes.com.ar\/principal\/wp-json\/wp\/v2\/media?parent=605"}],"wp:term":[{"taxonomy":"category","embeddable":true,"href":"https:\/\/www.hoymercedes.com.ar\/principal\/wp-json\/wp\/v2\/categories?post=605"},{"taxonomy":"post_tag","embeddable":true,"href":"https:\/\/www.hoymercedes.com.ar\/principal\/wp-json\/wp\/v2\/tags?post=605"}],"curies":[{"name":"wp","href":"https:\/\/api.w.org\/{rel}","templated":true}]}}