{"id":60500,"date":"2017-03-09T20:28:04","date_gmt":"2017-03-09T23:28:04","guid":{"rendered":"http:\/\/www.hoymercedes.com.ar\/principal\/?p=60500"},"modified":"2017-03-09T22:52:27","modified_gmt":"2017-03-10T01:52:27","slug":"el-intendente-reduce-la-tasa-de-conservacion","status":"publish","type":"post","link":"https:\/\/www.hoymercedes.com.ar\/principal\/2017\/03\/09\/el-intendente-reduce-la-tasa-de-conservacion\/","title":{"rendered":"El intendente reduce la tasa de conservaci\u00f3n"},"content":{"rendered":"<p><em>Por Prensa Municipal<\/em> &#8211; El intendente Juan Ignacio Ustarroz firm\u00f3 un decreto que fue elevado al Concejo Deliberante que determin\u00f3 una modificaci\u00f3n de la tasa de conservaci\u00f3n que est\u00e1 dentro del ABL. Una nueva medida progresiva que reduce el costo para los frentistas de esquinas. Lo hace tras la aprobaci\u00f3n de la Fiscal Impositiva a instancias del Concejo Deliberante y la Asamblea de Mayores Contribuyentes.<\/p>\n<p><img loading=\"lazy\" decoding=\"async\" data-attachment-id=\"60501\" data-permalink=\"https:\/\/www.hoymercedes.com.ar\/principal\/2017\/03\/09\/el-intendente-reduce-la-tasa-de-conservacion\/juanustarroz-5\/#main\" data-orig-file=\"https:\/\/www.hoymercedes.com.ar\/principal\/wp-content\/uploads\/2017\/03\/juanustarroz.jpg\" data-orig-size=\"620,414\" data-comments-opened=\"0\" data-image-meta=\"{&quot;aperture&quot;:&quot;0&quot;,&quot;credit&quot;:&quot;&quot;,&quot;camera&quot;:&quot;&quot;,&quot;caption&quot;:&quot;&quot;,&quot;created_timestamp&quot;:&quot;0&quot;,&quot;copyright&quot;:&quot;&quot;,&quot;focal_length&quot;:&quot;0&quot;,&quot;iso&quot;:&quot;0&quot;,&quot;shutter_speed&quot;:&quot;0&quot;,&quot;title&quot;:&quot;&quot;,&quot;orientation&quot;:&quot;0&quot;}\" data-image-title=\"juanustarroz\" data-image-description=\"\" data-image-caption=\"\" data-large-file=\"https:\/\/www.hoymercedes.com.ar\/principal\/wp-content\/uploads\/2017\/03\/juanustarroz.jpg\" class=\"aligncenter size-full wp-image-60501\" src=\"https:\/\/www.hoymercedes.com.ar\/principal\/wp-content\/uploads\/2017\/03\/juanustarroz.jpg\" alt=\"\" width=\"620\" height=\"414\" srcset=\"https:\/\/www.hoymercedes.com.ar\/principal\/wp-content\/uploads\/2017\/03\/juanustarroz.jpg 620w, https:\/\/www.hoymercedes.com.ar\/principal\/wp-content\/uploads\/2017\/03\/juanustarroz-150x100.jpg 150w, https:\/\/www.hoymercedes.com.ar\/principal\/wp-content\/uploads\/2017\/03\/juanustarroz-300x200.jpg 300w\" sizes=\"auto, (max-width: 620px) 100vw, 620px\" \/><\/p>\n<p>Vale recordar que hist\u00f3ricamente se abon\u00f3 seg\u00fan cantidad de metros de frente. El Ejecutivo entendi\u00f3 que iba a ser m\u00e1s progresivo y equitativo que sea como m\u00e9todo de medici\u00f3n la valuaci\u00f3n fiscal aportada por ARBA. Dicha propuesta en diciembre pasado no fue aprobada por el Concejo Deliberante y en el marco del dialogo y el consenso que se busca arribar en temas que son de fondo se le realizaron modificaciones a la propuesta del Ejecutivo quedando como m\u00e9todo de liquidaci\u00f3n de la tasa lo que se realizaba anteriormente que era por metros de frente y no por valuaci\u00f3n fiscal. Al retomar y continuar con el viejo sistema en la modificaci\u00f3n se omiti\u00f3 poner en la resoluci\u00f3n final el tope de 50 metros para los contribuyentes con parcela en equina gener\u00e1ndose as\u00ed una realidad que no era la buscada.<\/p>\n<p>Por otro lado, con la implementaci\u00f3n del nuevo sistema de RAFAM en febrero \u00faltimo se detect\u00f3 que se les liquidaba mal a los frentistas de esquina, dado que no se le colocaba el tope antes mencionado, cobr\u00e1ndoles s\u00f3lo el 50%, cuesti\u00f3n que durante a\u00f1os estuvo err\u00f3neamente\u00a0 liquidada. Eso generaba que algunos vecinos teniendo 40 metros, por ejemplo,\u00a0 pagaban por 20.<\/p>\n<p>La mala formula de liquidaci\u00f3n, sumado a la actualizaci\u00f3n votada por el Deliberativo y la correcta liquidaci\u00f3n efectuada determin\u00f3 que para muchas contribuyentes frentistas de esquina el aumento resultara de m\u00e1s del 200%. El decreto ahora emitido por Ustarroz subsana una cuesti\u00f3n que hace a\u00f1os se arrastraba y se detect\u00f3 gracias a la nueva incorporaci\u00f3n en el RAFAM que en febrero se implement\u00f3.<\/p>\n<p>Tambi\u00e9n de esta manera se dio respuesta a las observaciones que a\u00f1o tras a\u00f1o ven\u00eda realizando el Tribunal de Cuentas que ya pre visualizaba alguna situaci\u00f3n an\u00f3mala dado que se trabajaba con un sistema de liquidaci\u00f3n de tasas no homologado.<\/p>\n<p>\u201cA pesar de la mayor inversi\u00f3n que se est\u00e1 realizando en la mejora de los servicios p\u00fablicos, en la compra de camiones, tractores, llevar la basura todos los d\u00edas al CEAMSE, la ampliaci\u00f3n de las ayudas de las instituciones y las personas, la mayor cantidad de obras que se vienen realizando entendemos que la gente est\u00e1 en una situaci\u00f3n muy dif\u00edcil y hacemos el esfuerzo para no agravar esta situaci\u00f3n y apelamos de esta manera a mejorar la recaudaci\u00f3n\u201d, destac\u00f3 el primer mandatario local.<\/p>\n<p>Con la decisi\u00f3n tomada por el intendente se retoma\u00a0 la colocaci\u00f3n del tope de 50 metros para el pago de las tasas para los frentistas de esquina que sean viviendas de uso familiar y comercios peque\u00f1os y medianos.<\/p>\n<p><img loading=\"lazy\" decoding=\"async\" data-attachment-id=\"60502\" data-permalink=\"https:\/\/www.hoymercedes.com.ar\/principal\/2017\/03\/09\/el-intendente-reduce-la-tasa-de-conservacion\/elevacion-conservacion_001\/#main\" data-orig-file=\"https:\/\/www.hoymercedes.com.ar\/principal\/wp-content\/uploads\/2017\/03\/elevaci\u00f3n-conservacion_001.jpg\" data-orig-size=\"620,911\" data-comments-opened=\"0\" data-image-meta=\"{&quot;aperture&quot;:&quot;0&quot;,&quot;credit&quot;:&quot;&quot;,&quot;camera&quot;:&quot;&quot;,&quot;caption&quot;:&quot;&quot;,&quot;created_timestamp&quot;:&quot;0&quot;,&quot;copyright&quot;:&quot;&quot;,&quot;focal_length&quot;:&quot;0&quot;,&quot;iso&quot;:&quot;0&quot;,&quot;shutter_speed&quot;:&quot;0&quot;,&quot;title&quot;:&quot;&quot;,&quot;orientation&quot;:&quot;0&quot;}\" data-image-title=\"elevaci\u00f3n conservacion_001\" data-image-description=\"\" data-image-caption=\"\" data-large-file=\"https:\/\/www.hoymercedes.com.ar\/principal\/wp-content\/uploads\/2017\/03\/elevaci\u00f3n-conservacion_001.jpg\" class=\"aligncenter wp-image-60502 size-full\" src=\"https:\/\/www.hoymercedes.com.ar\/principal\/wp-content\/uploads\/2017\/03\/elevaci\u00f3n-conservacion_001.jpg\" alt=\"\" width=\"620\" height=\"911\" srcset=\"https:\/\/www.hoymercedes.com.ar\/principal\/wp-content\/uploads\/2017\/03\/elevaci\u00f3n-conservacion_001.jpg 620w, https:\/\/www.hoymercedes.com.ar\/principal\/wp-content\/uploads\/2017\/03\/elevaci\u00f3n-conservacion_001-102x150.jpg 102w, https:\/\/www.hoymercedes.com.ar\/principal\/wp-content\/uploads\/2017\/03\/elevaci\u00f3n-conservacion_001-422x620.jpg 422w\" sizes=\"auto, (max-width: 620px) 100vw, 620px\" \/> <img loading=\"lazy\" decoding=\"async\" data-attachment-id=\"60503\" data-permalink=\"https:\/\/www.hoymercedes.com.ar\/principal\/2017\/03\/09\/el-intendente-reduce-la-tasa-de-conservacion\/elevacion-conservacion_002\/#main\" data-orig-file=\"https:\/\/www.hoymercedes.com.ar\/principal\/wp-content\/uploads\/2017\/03\/elevaci\u00f3n-conservacion_002.jpg\" data-orig-size=\"620,594\" data-comments-opened=\"0\" data-image-meta=\"{&quot;aperture&quot;:&quot;0&quot;,&quot;credit&quot;:&quot;&quot;,&quot;camera&quot;:&quot;&quot;,&quot;caption&quot;:&quot;&quot;,&quot;created_timestamp&quot;:&quot;0&quot;,&quot;copyright&quot;:&quot;&quot;,&quot;focal_length&quot;:&quot;0&quot;,&quot;iso&quot;:&quot;0&quot;,&quot;shutter_speed&quot;:&quot;0&quot;,&quot;title&quot;:&quot;&quot;,&quot;orientation&quot;:&quot;0&quot;}\" data-image-title=\"elevaci\u00f3n conservacion_002\" data-image-description=\"\" data-image-caption=\"\" data-large-file=\"https:\/\/www.hoymercedes.com.ar\/principal\/wp-content\/uploads\/2017\/03\/elevaci\u00f3n-conservacion_002.jpg\" class=\"aligncenter size-medium wp-image-60503\" src=\"https:\/\/www.hoymercedes.com.ar\/principal\/wp-content\/uploads\/2017\/03\/elevaci\u00f3n-conservacion_002.jpg\" alt=\"\" width=\"620\" height=\"594\" srcset=\"https:\/\/www.hoymercedes.com.ar\/principal\/wp-content\/uploads\/2017\/03\/elevaci\u00f3n-conservacion_002.jpg 620w, https:\/\/www.hoymercedes.com.ar\/principal\/wp-content\/uploads\/2017\/03\/elevaci\u00f3n-conservacion_002-150x144.jpg 150w, https:\/\/www.hoymercedes.com.ar\/principal\/wp-content\/uploads\/2017\/03\/elevaci\u00f3n-conservacion_002-60x57.jpg 60w\" sizes=\"auto, (max-width: 620px) 100vw, 620px\" \/><\/p>\n","protected":false},"excerpt":{"rendered":"<p>Por Prensa Municipal &#8211; El intendente Juan Ignacio Ustarroz firm\u00f3 un decreto que fue elevado al Concejo Deliberante que determin\u00f3 &#8230; <a title=\"El intendente reduce la tasa de conservaci\u00f3n\" class=\"read-more\" href=\"https:\/\/www.hoymercedes.com.ar\/principal\/2017\/03\/09\/el-intendente-reduce-la-tasa-de-conservacion\/\" aria-label=\"Leer m\u00e1s sobre El intendente reduce la tasa de conservaci\u00f3n\">Leer m\u00e1s<\/a><\/p>\n","protected":false},"author":1,"featured_media":60501,"comment_status":"closed","ping_status":"open","sticky":false,"template":"","format":"standard","meta":{"_monsterinsights_skip_tracking":false,"_monsterinsights_sitenote_active":false,"_monsterinsights_sitenote_note":"","_monsterinsights_sitenote_category":0,"jetpack_post_was_ever_published":false,"_jetpack_newsletter_access":"","_jetpack_dont_email_post_to_subs":true,"_jetpack_newsletter_tier_id":0,"_jetpack_memberships_contains_paywalled_content":false,"_jetpack_memberships_contains_paid_content":false,"footnotes":"","jetpack_publicize_message":"","jetpack_publicize_feature_enabled":true,"jetpack_social_post_already_shared":true,"jetpack_social_options":{"image_generator_settings":{"template":"highway","default_image_id":0,"font":"","enabled":false},"version":2},"_wpas_customize_per_network":false},"categories":[5],"tags":[10711,424],"class_list":["post-60500","post","type-post","status-publish","format-standard","has-post-thumbnail","hentry","category-politica","tag-reduccion-de-tasa","tag-ustarroz","generate-columns","tablet-grid-50","mobile-grid-100","grid-parent","grid-50"],"jetpack_publicize_connections":[],"jetpack_featured_media_url":"https:\/\/www.hoymercedes.com.ar\/principal\/wp-content\/uploads\/2017\/03\/juanustarroz.jpg","wps_subtitle":"Decisi\u00f3n pol\u00edtica","jetpack_sharing_enabled":true,"jetpack-related-posts":[{"id":106920,"url":"https:\/\/www.hoymercedes.com.ar\/principal\/2020\/03\/04\/ustarroz-dio-el-discurso-anual-del-intendente-ante-el-h-c-d\/","url_meta":{"origin":60500,"position":0},"title":"Ustarroz dio el discurso anual del intendente ante el H.C.D","author":"hoymercedes","date":"4 marzo, 2020","format":false,"excerpt":"El intendente Municipal Dr. Juan Ignacio Ustarroz ante un nutrido auditorio en el Teatro Argentino dio el discurso anual de inicio de sesiones ordinarias del Concejo Deliberante. Lo hizo con un repaso por distintas acciones de su gesti\u00f3n de los \u00faltimos 4 a\u00f1os y efectu\u00f3 importantes anuncios con miras a\u2026","rel":"","context":"En \u00abPol\u00edtica\u00bb","block_context":{"text":"Pol\u00edtica","link":"https:\/\/www.hoymercedes.com.ar\/principal\/category\/politica\/"},"img":{"alt_text":"","src":"https:\/\/i0.wp.com\/www.hoymercedes.com.ar\/principal\/wp-content\/uploads\/2020\/03\/Ustarroz-hcd-04.03.2020.jpeg?resize=350%2C200&ssl=1","width":350,"height":200,"srcset":"https:\/\/i0.wp.com\/www.hoymercedes.com.ar\/principal\/wp-content\/uploads\/2020\/03\/Ustarroz-hcd-04.03.2020.jpeg?resize=350%2C200&ssl=1 1x, https:\/\/i0.wp.com\/www.hoymercedes.com.ar\/principal\/wp-content\/uploads\/2020\/03\/Ustarroz-hcd-04.03.2020.jpeg?resize=525%2C300&ssl=1 1.5x, https:\/\/i0.wp.com\/www.hoymercedes.com.ar\/principal\/wp-content\/uploads\/2020\/03\/Ustarroz-hcd-04.03.2020.jpeg?resize=700%2C400&ssl=1 2x, https:\/\/i0.wp.com\/www.hoymercedes.com.ar\/principal\/wp-content\/uploads\/2020\/03\/Ustarroz-hcd-04.03.2020.jpeg?resize=1050%2C600&ssl=1 3x, https:\/\/i0.wp.com\/www.hoymercedes.com.ar\/principal\/wp-content\/uploads\/2020\/03\/Ustarroz-hcd-04.03.2020.jpeg?resize=1400%2C800&ssl=1 4x"},"classes":[]},{"id":140965,"url":"https:\/\/www.hoymercedes.com.ar\/principal\/2021\/12\/03\/ustarroz-tomara-licencia-del-10-al-24-de-enero-de-2022\/","url_meta":{"origin":60500,"position":1},"title":"Ustarroz tomar\u00e1 licencia del 10 al 24 de enero de 2022","author":"hoymercedes","date":"3 diciembre, 2021","format":false,"excerpt":"Solicit\u00f3 la licencia ante el Concejo Deliberante que se la aprob\u00f3 en la sesi\u00f3n extraordinaria del viernes 3. Mat\u00edas Dematei volver\u00e1 a asumir como Intendente Interino. En el marco de una sesi\u00f3n extraordinaria realizada en la noche de este viernes, el Concejo Deliberante de Mercedes dio ingreso y tratamiento al\u2026","rel":"","context":"En \u00abSociedad\u00bb","block_context":{"text":"Sociedad","link":"https:\/\/www.hoymercedes.com.ar\/principal\/category\/sociedad\/"},"img":{"alt_text":"","src":"https:\/\/i0.wp.com\/www.hoymercedes.com.ar\/principal\/wp-content\/uploads\/2021\/12\/Ustarroz-dematei-archivo.jpg?resize=350%2C200&ssl=1","width":350,"height":200,"srcset":"https:\/\/i0.wp.com\/www.hoymercedes.com.ar\/principal\/wp-content\/uploads\/2021\/12\/Ustarroz-dematei-archivo.jpg?resize=350%2C200&ssl=1 1x, https:\/\/i0.wp.com\/www.hoymercedes.com.ar\/principal\/wp-content\/uploads\/2021\/12\/Ustarroz-dematei-archivo.jpg?resize=525%2C300&ssl=1 1.5x, https:\/\/i0.wp.com\/www.hoymercedes.com.ar\/principal\/wp-content\/uploads\/2021\/12\/Ustarroz-dematei-archivo.jpg?resize=700%2C400&ssl=1 2x"},"classes":[]},{"id":106650,"url":"https:\/\/www.hoymercedes.com.ar\/principal\/2020\/02\/26\/el-3-de-marzo-sera-la-apertura-de-sesiones-y-discurso-del-intendente\/","url_meta":{"origin":60500,"position":2},"title":"El 3 de marzo ser\u00e1 la apertura de sesiones y discurso del intendente","author":"hoymercedes","date":"26 febrero, 2020","format":false,"excerpt":"El pr\u00f3ximo 3 de marzo se llevar\u00e1 a cabo la apertura de sesiones ordinarias del Concejo Deliberante 2020 y estar\u00e1 a cargo del intendente Dr. Juan Ignacio Ustarroz quien dar\u00e1 el tradicional discurso de balance de gesti\u00f3n del a\u00f1o que pas\u00f3 y pautas de lo que vendr\u00e1. Suele ser, tambi\u00e9n,\u2026","rel":"","context":"En \u00abPol\u00edtica\u00bb","block_context":{"text":"Pol\u00edtica","link":"https:\/\/www.hoymercedes.com.ar\/principal\/category\/politica\/"},"img":{"alt_text":"","src":"https:\/\/i0.wp.com\/www.hoymercedes.com.ar\/principal\/wp-content\/uploads\/2020\/02\/sesiones-apertura-2019-mercedes.jpg?resize=350%2C200&ssl=1","width":350,"height":200,"srcset":"https:\/\/i0.wp.com\/www.hoymercedes.com.ar\/principal\/wp-content\/uploads\/2020\/02\/sesiones-apertura-2019-mercedes.jpg?resize=350%2C200&ssl=1 1x, https:\/\/i0.wp.com\/www.hoymercedes.com.ar\/principal\/wp-content\/uploads\/2020\/02\/sesiones-apertura-2019-mercedes.jpg?resize=525%2C300&ssl=1 1.5x, https:\/\/i0.wp.com\/www.hoymercedes.com.ar\/principal\/wp-content\/uploads\/2020\/02\/sesiones-apertura-2019-mercedes.jpg?resize=700%2C400&ssl=1 2x"},"classes":[]},{"id":157006,"url":"https:\/\/www.hoymercedes.com.ar\/principal\/2022\/12\/31\/el-hcd-mercedes-como-sede-del-concejo-de-ninos-y-ninos\/","url_meta":{"origin":60500,"position":3},"title":"El HCD Mercedes como sede del Concejo de Ni\u00f1os y Ni\u00f1os","author":"hoymercedes","date":"31 diciembre, 2022","format":false,"excerpt":"En el recinto del HCD, el mi\u00e9rcoles pasado se realiz\u00f3 el encuentro del Concejo de Ni\u00f1os y Ni\u00f1as.","rel":"","context":"En \u00abMunicipio\u00bb","block_context":{"text":"Municipio","link":"https:\/\/www.hoymercedes.com.ar\/principal\/category\/municipio\/"},"img":{"alt_text":"","src":"https:\/\/i0.wp.com\/www.hoymercedes.com.ar\/principal\/wp-content\/uploads\/2022\/12\/hcd-ninos.jpg?resize=350%2C200&ssl=1","width":350,"height":200,"srcset":"https:\/\/i0.wp.com\/www.hoymercedes.com.ar\/principal\/wp-content\/uploads\/2022\/12\/hcd-ninos.jpg?resize=350%2C200&ssl=1 1x, https:\/\/i0.wp.com\/www.hoymercedes.com.ar\/principal\/wp-content\/uploads\/2022\/12\/hcd-ninos.jpg?resize=525%2C300&ssl=1 1.5x, https:\/\/i0.wp.com\/www.hoymercedes.com.ar\/principal\/wp-content\/uploads\/2022\/12\/hcd-ninos.jpg?resize=700%2C400&ssl=1 2x"},"classes":[]},{"id":173691,"url":"https:\/\/www.hoymercedes.com.ar\/principal\/2024\/03\/07\/ustarroz-dio-su-discurso-anual-e-inicio-de-sesiones-del-concejo-2024\/","url_meta":{"origin":60500,"position":4},"title":"Ustarroz dio su discurso anual e inicio de sesiones del Concejo 2024","author":"hoymercedes","date":"7 marzo, 2024","format":false,"excerpt":"El intendente Dr. Juan I. Ustarroz encabez\u00f3 el inicio de sesiones ordinarias del Concejo Deliberante del 2024. Fue ante un Teatro Argentino colmado. Realiz\u00f3 un repaso del a\u00f1o vivido, analiz\u00f3 el contexto social de la ciudad, la provincia y el pa\u00eds. Adem\u00e1s, efectu\u00f3 anuncios de inter\u00e9s para la comunidad, como\u2026","rel":"","context":"En \u00abPol\u00edtica\u00bb","block_context":{"text":"Pol\u00edtica","link":"https:\/\/www.hoymercedes.com.ar\/principal\/category\/politica\/"},"img":{"alt_text":"El intendente Dr. Juan I. Ustarroz encabez\u00f3 el inicio de sesiones ordinarias del Concejo Deliberante del 2024. Fue ante un Teatro Argentino colmado. Realiz\u00f3 un repaso del a\u00f1o vivido, analiz\u00f3 el contexto social de la ciudad, la provincia y el pa\u00eds. Adem\u00e1s, efectu\u00f3 anuncios de inter\u00e9s para la comunidad, como la pronta inauguraci\u00f3n de la f\u00e1brica de Agroenergie One S.A. La sesi\u00f3n estuvo presidida por Mariana San Mart\u00edn.","src":"https:\/\/i0.wp.com\/www.hoymercedes.com.ar\/principal\/wp-content\/uploads\/2024\/03\/0H0A8795.jpg?resize=350%2C200&ssl=1","width":350,"height":200,"srcset":"https:\/\/i0.wp.com\/www.hoymercedes.com.ar\/principal\/wp-content\/uploads\/2024\/03\/0H0A8795.jpg?resize=350%2C200&ssl=1 1x, https:\/\/i0.wp.com\/www.hoymercedes.com.ar\/principal\/wp-content\/uploads\/2024\/03\/0H0A8795.jpg?resize=525%2C300&ssl=1 1.5x, https:\/\/i0.wp.com\/www.hoymercedes.com.ar\/principal\/wp-content\/uploads\/2024\/03\/0H0A8795.jpg?resize=700%2C400&ssl=1 2x, https:\/\/i0.wp.com\/www.hoymercedes.com.ar\/principal\/wp-content\/uploads\/2024\/03\/0H0A8795.jpg?resize=1050%2C600&ssl=1 3x"},"classes":[]},{"id":173378,"url":"https:\/\/www.hoymercedes.com.ar\/principal\/2024\/02\/27\/mariana-san-martin-confirmo-el-5-de-marzo-inicio-de-sesiones-y-discurso-de-ustarroz\/","url_meta":{"origin":60500,"position":5},"title":"Mariana San Mart\u00edn confirm\u00f3 el 5 de marzo inicio de sesiones y discurso de Ustarroz","author":"hoymercedes","date":"27 febrero, 2024","format":false,"excerpt":"Mariana San Mart\u00edn confirm\u00f3 que el 5 de marzo ser\u00e1 la apertura de sesiones ordinarias del Concejo Deliberante que contar\u00e1 con la tradicional presencia del intendente Ustarroz quien expone palabras a las y los ediles y la ciudadan\u00eda. Se prev\u00e9 sea en el Teatro Argentino, como viene siendo desde hace\u2026","rel":"","context":"En \u00abPol\u00edtica\u00bb","block_context":{"text":"Pol\u00edtica","link":"https:\/\/www.hoymercedes.com.ar\/principal\/category\/politica\/"},"img":{"alt_text":"Mariana San Mart\u00edn, presidenta del Concejo Deliberante Mercedes","src":"https:\/\/i0.wp.com\/www.hoymercedes.com.ar\/principal\/wp-content\/uploads\/2024\/02\/MarianaSanMartin.jpg?resize=350%2C200&ssl=1","width":350,"height":200,"srcset":"https:\/\/i0.wp.com\/www.hoymercedes.com.ar\/principal\/wp-content\/uploads\/2024\/02\/MarianaSanMartin.jpg?resize=350%2C200&ssl=1 1x, https:\/\/i0.wp.com\/www.hoymercedes.com.ar\/principal\/wp-content\/uploads\/2024\/02\/MarianaSanMartin.jpg?resize=525%2C300&ssl=1 1.5x, https:\/\/i0.wp.com\/www.hoymercedes.com.ar\/principal\/wp-content\/uploads\/2024\/02\/MarianaSanMartin.jpg?resize=700%2C400&ssl=1 2x, https:\/\/i0.wp.com\/www.hoymercedes.com.ar\/principal\/wp-content\/uploads\/2024\/02\/MarianaSanMartin.jpg?resize=1050%2C600&ssl=1 3x"},"classes":[]}],"_links":{"self":[{"href":"https:\/\/www.hoymercedes.com.ar\/principal\/wp-json\/wp\/v2\/posts\/60500","targetHints":{"allow":["GET"]}}],"collection":[{"href":"https:\/\/www.hoymercedes.com.ar\/principal\/wp-json\/wp\/v2\/posts"}],"about":[{"href":"https:\/\/www.hoymercedes.com.ar\/principal\/wp-json\/wp\/v2\/types\/post"}],"author":[{"embeddable":true,"href":"https:\/\/www.hoymercedes.com.ar\/principal\/wp-json\/wp\/v2\/users\/1"}],"replies":[{"embeddable":true,"href":"https:\/\/www.hoymercedes.com.ar\/principal\/wp-json\/wp\/v2\/comments?post=60500"}],"version-history":[{"count":0,"href":"https:\/\/www.hoymercedes.com.ar\/principal\/wp-json\/wp\/v2\/posts\/60500\/revisions"}],"wp:featuredmedia":[{"embeddable":true,"href":"https:\/\/www.hoymercedes.com.ar\/principal\/wp-json\/wp\/v2\/media\/60501"}],"wp:attachment":[{"href":"https:\/\/www.hoymercedes.com.ar\/principal\/wp-json\/wp\/v2\/media?parent=60500"}],"wp:term":[{"taxonomy":"category","embeddable":true,"href":"https:\/\/www.hoymercedes.com.ar\/principal\/wp-json\/wp\/v2\/categories?post=60500"},{"taxonomy":"post_tag","embeddable":true,"href":"https:\/\/www.hoymercedes.com.ar\/principal\/wp-json\/wp\/v2\/tags?post=60500"}],"curies":[{"name":"wp","href":"https:\/\/api.w.org\/{rel}","templated":true}]}}