{"id":60543,"date":"2017-03-11T08:34:18","date_gmt":"2017-03-11T11:34:18","guid":{"rendered":"http:\/\/www.hoymercedes.com.ar\/principal\/?p=60543"},"modified":"2017-03-11T08:34:18","modified_gmt":"2017-03-11T11:34:18","slug":"los-trabajos-realizados-impidieron-que-tras-la-fuerte-tormenta-vivieramos-problemas-de-gravedad","status":"publish","type":"post","link":"https:\/\/www.hoymercedes.com.ar\/principal\/2017\/03\/11\/los-trabajos-realizados-impidieron-que-tras-la-fuerte-tormenta-vivieramos-problemas-de-gravedad\/","title":{"rendered":"\u00abLos trabajos realizados impidieron que tras la fuerte tormenta vivi\u00e9ramos problemas de gravedad\u201d"},"content":{"rendered":"<p>Por Prensa Municipal &#8211; La tormenta que afect\u00f3 a toda la regi\u00f3n el pasado jueves no gener\u00f3 grandes problemas en Mercedes, a pesar de los m\u00e1s de 40 mm de lluvia ca\u00edda. \u201cSe not\u00f3 en la madrugada que el trabajo que venimos haciendo desde hace meses. No tuvimos problemas de anegamiento, inundaci\u00f3n o evacuados, como si sucedi\u00f3 en otros lugares, m\u00e1s all\u00e1 de los \u00e1rboles ca\u00eddos y los objetos voladas por el fuerte viento\u201d, afirm\u00f3 el Subsecretario de Servicios P\u00fablicos, Silvio Bertera.<\/p>\n<p><img loading=\"lazy\" decoding=\"async\" data-attachment-id=\"60544\" data-permalink=\"https:\/\/www.hoymercedes.com.ar\/principal\/2017\/03\/11\/los-trabajos-realizados-impidieron-que-tras-la-fuerte-tormenta-vivieramos-problemas-de-gravedad\/11-muni-servicios-publicos\/#main\" data-orig-file=\"https:\/\/www.hoymercedes.com.ar\/principal\/wp-content\/uploads\/2017\/03\/11-muni-servicios-publicos.jpg\" data-orig-size=\"630,379\" data-comments-opened=\"0\" data-image-meta=\"{&quot;aperture&quot;:&quot;0&quot;,&quot;credit&quot;:&quot;&quot;,&quot;camera&quot;:&quot;&quot;,&quot;caption&quot;:&quot;&quot;,&quot;created_timestamp&quot;:&quot;0&quot;,&quot;copyright&quot;:&quot;&quot;,&quot;focal_length&quot;:&quot;0&quot;,&quot;iso&quot;:&quot;0&quot;,&quot;shutter_speed&quot;:&quot;0&quot;,&quot;title&quot;:&quot;&quot;,&quot;orientation&quot;:&quot;0&quot;}\" data-image-title=\"11 muni servicios publicos\" data-image-description=\"\" data-image-caption=\"\" data-large-file=\"https:\/\/www.hoymercedes.com.ar\/principal\/wp-content\/uploads\/2017\/03\/11-muni-servicios-publicos.jpg\" class=\"aligncenter size-medium wp-image-60544\" src=\"https:\/\/www.hoymercedes.com.ar\/principal\/wp-content\/uploads\/2017\/03\/11-muni-servicios-publicos-630x379.jpg\" alt=\"\" width=\"630\" height=\"379\" srcset=\"https:\/\/www.hoymercedes.com.ar\/principal\/wp-content\/uploads\/2017\/03\/11-muni-servicios-publicos.jpg 630w, https:\/\/www.hoymercedes.com.ar\/principal\/wp-content\/uploads\/2017\/03\/11-muni-servicios-publicos-150x90.jpg 150w\" sizes=\"auto, (max-width: 630px) 100vw, 630px\" \/><\/p>\n<p>\u201cLa lluvia en el radio urbano fue de hasta 45 mil\u00edmetros sin tener mayores sucesos o incidentes en cuanto a lo que es anegamientos o situaciones similares, a diferencia de otros municipios, como Chivilcoy, o 9 de Julio que hasta tuvo auto evacuados\u201d, relat\u00f3\u00a0Bertera y destac\u00f3 que hubo barrios como Virgen del Rosario, Villa Industrial Este o la zona detr\u00e1s de la estaci\u00f3n de servicio Axxi\u00f3n que en 2014 y 2015 sufrieron fuertemente el agua. Esta ocasi\u00f3n no tuvimos reclamos al 147 que es un term\u00f3metro de la situaci\u00f3n y las necesidades barriales\u201d<\/p>\n<p>Por su parte, Esteban Chal\u00e1, Director de Defensa Civil, sostuvo que \u201cestuvimos toda la noche patrullado por seguridad. Por temas de \u00e1rboles, tendido el\u00e9ctrico, peligros que se dan en situaciones como la que vivimos. Acompa\u00f1amos a la compa\u00f1\u00eda de energ\u00eda el\u00e9ctrica para el cambio de postes que fueron afectados y tambi\u00e9n a vecinos que padecieron ramas ca\u00eddas. El viento y la tormenta fue muy fuerte\u201d, destac\u00f3 Chal\u00e1.<\/p>\n<p>Bertera record\u00f3 que \u201ces notorio que el trabajo realizado durante los \u00faltimos meses fue un gran aporte. El agua corri\u00f3 con fluidez, los zanjeos, las limpiezas, la colocaci\u00f3n de m\u00e1s de 1300 ca\u00f1os en distintas zonas sub urbanas y barriadas indudablemente dio su beneficio. M\u00e1s all\u00e1 de que estuvo de guardia el Corral\u00f3n con cuadrillas y en trabajo conjunto con Defensa Civil, como en anteriores ocasiones, pudimos ver que todo sali\u00f3 bien a pesar del gran viento y lluvia ca\u00edda en tan poco tiempo. L\u00f3gicamente levantamos ramas, objetos volados, limpiamos en general, pero, todo dentro de un marco de tranquilidad\u201d, sostuvo el funcionario.<\/p>\n<p>Vale recordar que desde hace meses, y en especial con la compra de camiones y los tractores, con las retropalas y materiales de trabajo que hacen a una fuerte apuesta en infraestructura y capitalizaci\u00f3n del \u00e1rea de Servicios, la Municipalidad viene haciendo un trabajo constante en m\u00faltiples \u00e1reas que van desde el barrio el Molino a Gowland, Altamira o Facundo Quiroga, es decir, se van atacando distintos puntos que antes fueron sumamente problem\u00e1ticos.<\/p>\n<p>&nbsp;<\/p>\n<p>&nbsp;<\/p>\n","protected":false},"excerpt":{"rendered":"<p>Por Prensa Municipal &#8211; La tormenta que afect\u00f3 a toda la regi\u00f3n el pasado jueves no gener\u00f3 grandes problemas en &#8230; <a title=\"\u00abLos trabajos realizados impidieron que tras la fuerte tormenta vivi\u00e9ramos problemas de gravedad\u201d\" class=\"read-more\" href=\"https:\/\/www.hoymercedes.com.ar\/principal\/2017\/03\/11\/los-trabajos-realizados-impidieron-que-tras-la-fuerte-tormenta-vivieramos-problemas-de-gravedad\/\" aria-label=\"Leer m\u00e1s sobre \u00abLos trabajos realizados impidieron que tras la fuerte tormenta vivi\u00e9ramos problemas de gravedad\u201d\">Leer m\u00e1s<\/a><\/p>\n","protected":false},"author":1,"featured_media":60544,"comment_status":"closed","ping_status":"open","sticky":false,"template":"","format":"standard","meta":{"_monsterinsights_skip_tracking":false,"_monsterinsights_sitenote_active":false,"_monsterinsights_sitenote_note":"","_monsterinsights_sitenote_category":0,"jetpack_post_was_ever_published":false,"_jetpack_newsletter_access":"","_jetpack_dont_email_post_to_subs":false,"_jetpack_newsletter_tier_id":0,"_jetpack_memberships_contains_paywalled_content":false,"_jetpack_memberships_contains_paid_content":false,"footnotes":"","jetpack_publicize_message":"","jetpack_publicize_feature_enabled":true,"jetpack_social_post_already_shared":true,"jetpack_social_options":{"image_generator_settings":{"template":"highway","default_image_id":0,"font":"","enabled":false},"version":2},"_wpas_customize_per_network":false},"categories":[30],"tags":[244,1014,8628,2043],"class_list":["post-60543","post","type-post","status-publish","format-standard","has-post-thumbnail","hentry","category-municipio","tag-municipio-2","tag-obras","tag-servicios-publicos","tag-tormenta","generate-columns","tablet-grid-50","mobile-grid-100","grid-parent","grid-50"],"jetpack_publicize_connections":[],"jetpack_featured_media_url":"https:\/\/www.hoymercedes.com.ar\/principal\/wp-content\/uploads\/2017\/03\/11-muni-servicios-publicos.jpg","wps_subtitle":"Servicios P\u00fablicos","jetpack_sharing_enabled":true,"_links":{"self":[{"href":"https:\/\/www.hoymercedes.com.ar\/principal\/wp-json\/wp\/v2\/posts\/60543","targetHints":{"allow":["GET"]}}],"collection":[{"href":"https:\/\/www.hoymercedes.com.ar\/principal\/wp-json\/wp\/v2\/posts"}],"about":[{"href":"https:\/\/www.hoymercedes.com.ar\/principal\/wp-json\/wp\/v2\/types\/post"}],"author":[{"embeddable":true,"href":"https:\/\/www.hoymercedes.com.ar\/principal\/wp-json\/wp\/v2\/users\/1"}],"replies":[{"embeddable":true,"href":"https:\/\/www.hoymercedes.com.ar\/principal\/wp-json\/wp\/v2\/comments?post=60543"}],"version-history":[{"count":0,"href":"https:\/\/www.hoymercedes.com.ar\/principal\/wp-json\/wp\/v2\/posts\/60543\/revisions"}],"wp:featuredmedia":[{"embeddable":true,"href":"https:\/\/www.hoymercedes.com.ar\/principal\/wp-json\/wp\/v2\/media\/60544"}],"wp:attachment":[{"href":"https:\/\/www.hoymercedes.com.ar\/principal\/wp-json\/wp\/v2\/media?parent=60543"}],"wp:term":[{"taxonomy":"category","embeddable":true,"href":"https:\/\/www.hoymercedes.com.ar\/principal\/wp-json\/wp\/v2\/categories?post=60543"},{"taxonomy":"post_tag","embeddable":true,"href":"https:\/\/www.hoymercedes.com.ar\/principal\/wp-json\/wp\/v2\/tags?post=60543"}],"curies":[{"name":"wp","href":"https:\/\/api.w.org\/{rel}","templated":true}]}}